{"id":10136,"date":"2026-02-25T10:31:35","date_gmt":"2026-02-25T13:31:35","guid":{"rendered":"https:\/\/magazineweb.com.ar\/?p=10136"},"modified":"2026-02-25T10:40:52","modified_gmt":"2026-02-25T13:40:52","slug":"paro-del-futbol-argentino-el-freno-historico-por-la-denuncia-del-gobierno-que-abre-un-conflicto-sin-precedentes","status":"publish","type":"post","link":"http:\/\/magazineweb.com.ar\/?p=10136","title":{"rendered":"Paro del f\u00fatbol argentino: el freno hist\u00f3rico por la denuncia del Gobierno que abre un conflicto sin precedentes"},"content":{"rendered":"\n<p class=\"has-black-color has-vivid-green-cyan-background-color has-text-color has-background has-link-color wp-elements-f8d8c0b1012b9adfd6e599022d20c8a2\">La suspensi\u00f3n total de las competencias marca un hecho in\u00e9dito en la historia del deporte local y profundiza la tensi\u00f3n entre la AFA, los clubes y el Estado<\/p>\n\n\n\n<p>Por SEBASTI\u00c1N LAROCCA<\/p>\n\n\n\n<p>(Egresado de la Tecnicatura de Periodismo Deportivo de la Universidad Abierta Interamericana. Integrante de la secci\u00f3n de Deportes de la Agencia Noticias Argentinas).<\/p>\n\n\n\n<p><strong>El f\u00fatbol argentino atravesar\u00e1 una paralizaci\u00f3n sin antecedentes<\/strong>&nbsp;directos luego de que la&nbsp;<strong>Asociaci\u00f3n del F\u00fatbol Argentino (AFA),<\/strong>&nbsp;comandada por&nbsp;<a href=\"https:\/\/noticiasargentinas.com\/deportes\/causa-afa--las-rutas-del-dinero-que-investigan-jueces-y-presionan-a-tapia-rumbo-a-2026_a699de86fc331fb2518061927\"><strong>Claudio \u201cChiqui\u201d Tapia<\/strong><\/a>, resolviera&nbsp;<strong>suspender la actividad entre el 5 y el 8 de marzo<\/strong>&nbsp;en todas sus competencias.<\/p>\n\n\n\n<p>Esto se da como&nbsp;<strong>respuesta a la denuncia judicial impulsada por un organismo del Gobierno<\/strong>&nbsp;en un conflicto que escal\u00f3 del plano administrativo al pol\u00edtico-institucional y puso en pausa desde la&nbsp;<strong>Liga Profesional<\/strong>&nbsp;<strong>hasta las divisiones del ascenso<\/strong>.<\/p>\n\n\n\n<p>La medida, seguida de cerca por la&nbsp;<a rel=\"noreferrer noopener\" href=\"https:\/\/es.wikipedia.org\/wiki\/Noticias_Argentinas\" target=\"_blank\">Agencia Noticias Argentinas<\/a>, fue&nbsp;<strong>respaldada por dirigentes y clubes<\/strong>&nbsp;que interpretaron la causa como un&nbsp;<strong>avance sobre la conducci\u00f3n del f\u00fatbol local<\/strong>, en especial por las acusaciones que involucran al presidente \u201cChiqui\u201d Tapia y a otros directivos por presuntas&nbsp;<strong>irregularidades vinculadas a retenciones impositivas y aportes de seguridad social.<\/strong><\/p>\n\n\n\n<h3 class=\"wp-block-heading\">El origen del conflicto<\/h3>\n\n\n\n<p><strong>La investigaci\u00f3n judicial<\/strong>&nbsp;se centra en&nbsp;<strong>supuestas inconsistencias<\/strong>&nbsp;en el&nbsp;<strong>manejo de obligaciones fiscales<\/strong>, lo que deriv\u00f3 en&nbsp;<strong>citaciones y medidas procesales<\/strong>&nbsp;contra&nbsp;<strong>autoridades de la casa madre del f\u00fatbol argentino<\/strong>. Desde la&nbsp;<strong>AFA sostienen que la denuncia tiene un trasfondo pol\u00edtico<\/strong>&nbsp;y que la&nbsp;<strong>decisi\u00f3n de frenar la actividad<\/strong>&nbsp;busca&nbsp;<strong>expresar respaldo institucional<\/strong>&nbsp;a sus dirigentes y visibilizar el rechazo a la causa.<\/p>\n\n\n\n<p>En ese contexto,&nbsp;<strong>la suspensi\u00f3n no responde a problemas econ\u00f3micos de los clubes<\/strong>&nbsp;ni a un&nbsp;<strong>reclamo gremial de futbolistas<\/strong>, sino a un&nbsp;<strong>posicionamiento institucional del propio sistema del f\u00fatbol<\/strong>, lo que transforma la medida en un episodio excepcional dentro del historial del deporte nacional.<\/p>\n\n\n\n<h3 class=\"wp-block-heading\">Antecedentes de paros y suspensiones<\/h3>\n\n\n\n<p>A lo largo de la historia hubo&nbsp;<strong>interrupciones relevantes<\/strong>, como la&nbsp;<strong>huelga de futbolistas de 1948&nbsp;<\/strong>por&nbsp;<strong>derechos laborales<\/strong>&nbsp;o el&nbsp;<strong>paro de 2017 impulsado por Futbolistas Argentinos Agremiados<\/strong>&nbsp;ante las deudas salariales que imped\u00edan el inicio de los torneos. Tambi\u00e9n existieron&nbsp;<strong>fechas suspendidas por duelo, violencia o crisis organizativas<\/strong>, pero siempre con&nbsp;<strong>causas deportivas, econ\u00f3micas o gremiales.<\/strong><\/p>\n\n\n\n<p>Sin embargo,\u00a0<strong>nunca se hab\u00eda producido una paralizaci\u00f3n general<\/strong>\u00a0del calendario como\u00a0<strong>reacci\u00f3n directa a una denuncia judicial promovida desde el Estado<\/strong>\u00a0contra la conducci\u00f3n de la AFA, lo que coloca al actual paro del f\u00fatbol argentino en una categor\u00eda in\u00e9dita dentro del v\u00ednculo entre pol\u00edtica y deporte.<\/p>\n\n\n\n<h3 class=\"wp-block-heading\">Impacto y escenario abierto<\/h3>\n\n\n\n<p><strong>La decisi\u00f3n afecta a miles de futbolistas, cuerpos t\u00e9cnicos, trabajadores y a la programaci\u00f3n televisiva<\/strong>, adem\u00e1s de obligar a&nbsp;<strong>reconfigurar el calendario<\/strong>&nbsp;de todas las categor\u00edas. Mientras tanto, el&nbsp;<strong>avance de la causa judicial<\/strong>&nbsp;y las eventuales negociaciones entre las partes&nbsp;<strong>ser\u00e1n determinantes<\/strong>&nbsp;para saber que decisiones se tomar\u00e1n a futuro.<\/p>\n\n\n\n<p>Por lo pronto, el&nbsp;<strong>paro del f\u00fatbol argentino<\/strong>&nbsp;ya&nbsp;<strong>qued\u00f3 instalado como un hecho hist\u00f3rico<\/strong>: el&nbsp;<strong>primero motivado por un conflicto judicial con el Gobierno<\/strong>, en un escenario que vuelve a exponer la estrecha y&nbsp;<strong>tensa relaci\u00f3n entre el poder pol\u00edtico y el deporte m\u00e1s popular del pa\u00eds.<\/strong><\/p>\n","protected":false},"excerpt":{"rendered":"<p>La suspensi\u00f3n total de las competencias marca un hecho in\u00e9dito en la historia del deporte local y profundiza la tensi\u00f3n entre la AFA, los clubes y el Estado Por SEBASTI\u00c1N&hellip;<\/p>\n","protected":false},"author":2,"featured_media":10138,"comment_status":"closed","ping_status":"closed","sticky":false,"template":"","format":"standard","meta":{"footnotes":""},"categories":[3,4],"tags":[],"class_list":["post-10136","post","type-post","status-publish","format-standard","has-post-thumbnail","hentry","category-deportes","category-destacados"],"rttpg_featured_image_url":{"full":["http:\/\/magazineweb.com.ar\/wp-content\/uploads\/2026\/02\/Futbol-argentino.jpg",1140,641,false],"landscape":["http:\/\/magazineweb.com.ar\/wp-content\/uploads\/2026\/02\/Futbol-argentino.jpg",1140,641,false],"portraits":["http:\/\/magazineweb.com.ar\/wp-content\/uploads\/2026\/02\/Futbol-argentino.jpg",1140,641,false],"thumbnail":["http:\/\/magazineweb.com.ar\/wp-content\/uploads\/2026\/02\/Futbol-argentino-150x150.jpg",150,150,true],"medium":["http:\/\/magazineweb.com.ar\/wp-content\/uploads\/2026\/02\/Futbol-argentino-300x169.jpg",300,169,true],"large":["http:\/\/magazineweb.com.ar\/wp-content\/uploads\/2026\/02\/Futbol-argentino-1024x576.jpg",1024,576,true],"1536x1536":["http:\/\/magazineweb.com.ar\/wp-content\/uploads\/2026\/02\/Futbol-argentino.jpg",1140,641,false],"2048x2048":["http:\/\/magazineweb.com.ar\/wp-content\/uploads\/2026\/02\/Futbol-argentino.jpg",1140,641,false],"ultp_layout_landscape_large":["http:\/\/magazineweb.com.ar\/wp-content\/uploads\/2026\/02\/Futbol-argentino.jpg",1140,641,false],"ultp_layout_landscape":["http:\/\/magazineweb.com.ar\/wp-content\/uploads\/2026\/02\/Futbol-argentino-870x570.jpg",870,570,true],"ultp_layout_portrait":["http:\/\/magazineweb.com.ar\/wp-content\/uploads\/2026\/02\/Futbol-argentino-600x641.jpg",600,641,true],"ultp_layout_square":["http:\/\/magazineweb.com.ar\/wp-content\/uploads\/2026\/02\/Futbol-argentino-600x600.jpg",600,600,true]},"rttpg_author":{"display_name":"Roxana Reinoso","author_link":"http:\/\/magazineweb.com.ar\/?author=2"},"rttpg_comment":0,"rttpg_category":"<a href=\"http:\/\/magazineweb.com.ar\/?cat=3\" rel=\"category\">Deportes<\/a> <a href=\"http:\/\/magazineweb.com.ar\/?cat=4\" rel=\"category\">Destacados<\/a>","rttpg_excerpt":"La suspensi\u00f3n total de las competencias marca un hecho in\u00e9dito en la historia del deporte local y profundiza la tensi\u00f3n entre la AFA, los clubes y el Estado Por SEBASTI\u00c1N&hellip;","_links":{"self":[{"href":"http:\/\/magazineweb.com.ar\/index.php?rest_route=\/wp\/v2\/posts\/10136","targetHints":{"allow":["GET"]}}],"collection":[{"href":"http:\/\/magazineweb.com.ar\/index.php?rest_route=\/wp\/v2\/posts"}],"about":[{"href":"http:\/\/magazineweb.com.ar\/index.php?rest_route=\/wp\/v2\/types\/post"}],"author":[{"embeddable":true,"href":"http:\/\/magazineweb.com.ar\/index.php?rest_route=\/wp\/v2\/users\/2"}],"replies":[{"embeddable":true,"href":"http:\/\/magazineweb.com.ar\/index.php?rest_route=%2Fwp%2Fv2%2Fcomments&post=10136"}],"version-history":[{"count":1,"href":"http:\/\/magazineweb.com.ar\/index.php?rest_route=\/wp\/v2\/posts\/10136\/revisions"}],"predecessor-version":[{"id":10137,"href":"http:\/\/magazineweb.com.ar\/index.php?rest_route=\/wp\/v2\/posts\/10136\/revisions\/10137"}],"wp:featuredmedia":[{"embeddable":true,"href":"http:\/\/magazineweb.com.ar\/index.php?rest_route=\/wp\/v2\/media\/10138"}],"wp:attachment":[{"href":"http:\/\/magazineweb.com.ar\/index.php?rest_route=%2Fwp%2Fv2%2Fmedia&parent=10136"}],"wp:term":[{"taxonomy":"category","embeddable":true,"href":"http:\/\/magazineweb.com.ar\/index.php?rest_route=%2Fwp%2Fv2%2Fcategories&post=10136"},{"taxonomy":"post_tag","embeddable":true,"href":"http:\/\/magazineweb.com.ar\/index.php?rest_route=%2Fwp%2Fv2%2Ftags&post=10136"}],"curies":[{"name":"wp","href":"https:\/\/api.w.org\/{rel}","templated":true}]}}