{"id":10312,"date":"2026-04-29T22:59:46","date_gmt":"2026-04-30T01:59:46","guid":{"rendered":"https:\/\/magazineweb.com.ar\/?p=10312"},"modified":"2026-04-29T22:59:47","modified_gmt":"2026-04-30T01:59:47","slug":"adorni-todos-los-pagos-de-los-viajes-que-realice-con-mi-familia-los-afronte-yo-mismo","status":"publish","type":"post","link":"http:\/\/magazineweb.com.ar\/?p=10312","title":{"rendered":"Adorni: \u201cTodos los pagos de los viajes que realic\u00e9 con mi familia los afront\u00e9 yo mismo\u201d"},"content":{"rendered":"\n<p class=\"has-black-color has-vivid-green-cyan-background-color has-text-color has-background has-link-color wp-elements-10357b9057253f345467f22ec1ff8cde\">Al brindar el informe de gesti\u00f3n en Diputados, se refiri\u00f3 a los numerosos viajes que realiz\u00f3 a Punta del Este y Aruba, que se encuentran bajo la lupa de la Justicia ya que el costo no se condice con su nivel de ingresos.<\/p>\n\n\n\n<p>El jefe de Gabinete,&nbsp;<strong>Manuel Adorni,<\/strong>&nbsp;explic\u00f3 que los pagos de todos los viajes que realiz\u00f3 con su familia los \u201cafront\u00f3\u201d \u00e9l mismo de su propio bolsillo, y aclar\u00f3 que no hubo ning\u00fan tipo de financiamiento \u201cde terceros\u201d ni \u201cobsequios de ning\u00fan tipo\u201d.<\/p>\n\n\n\n<p><strong>\u201cQuiero dejar en claro que he afrontado yo mismo los pagos de todos los viajes que realic\u00e9 con mi familia y que \u00fanicamente se circunscribieron a vacaciones personales y de mi c\u00edrculo familiar. No se trataron de viajes financiados por terceros en el marco del Decreto 1179\/2016, ni de obsequios de ning\u00fan tipo\u201d,<\/strong>&nbsp;indic\u00f3 el ministro coordinador.&nbsp;<\/p>\n\n\n\n<p>As\u00ed se refiri\u00f3 durante el informe de gesti\u00f3n en la C\u00e1mara de Diputados a los numerosos viajes que realiz\u00f3 a<strong>&nbsp;Punta del Este y Aruba<\/strong>, entre otros destinos vacacionales, que se encuentran bajo la lupa de la Justicia ya que el elevado costo de los vuelos, estad\u00eda y gastos para toda la familia no se condice con su nivel de ingresos.&nbsp;<\/p>\n\n\n\n<p>\u201c<strong>Los miembros de esta C\u00e1mara quieren asemejar el gasto privado con el gasto p\u00fablico y a las actividades de mi vida privada con actos de gobierno. Ni constitucional ni penal ni civilmente son comparables<\/strong>\u201d, indic\u00f3.&nbsp;<\/p>\n\n\n\n<p>Y agreg\u00f3 que \u201cen todos los casos intervinieron, como corresponde, la Direcci\u00f3n Nacional de Migraciones, la Direcci\u00f3n General de Aduanas o la Polic\u00eda de Seguridad Aeroportuaria, y se llevaron a cabo todos los registros correspondientes\u201d.&nbsp;<\/p>\n\n\n\n<p><strong>\u201cEl Estado Nacional no registra ning\u00fan pago de costos sobre mis viajes personales y es por eso que inform\u00e9 siempre el car\u00e1cter privado y propio de mis erogaciones\u201d<\/strong>, se\u00f1al\u00f3.&nbsp;<\/p>\n\n\n\n<p>Para Adorni, \u201clas manifestaciones que se realizaron p\u00fablicamente relativas al costeo por terceros de los viajes son tendenciosas y, adem\u00e1s, falsas\u201d, ya que \u201cpretenden dar por probada medi\u00e1ticamente una hip\u00f3tesis incorrecta\u201d.<\/p>\n\n\n\n<p>Por otra parte, justific\u00f3 la invitaci\u00f3n a su esposa<strong>&nbsp;Bettina Angeletti<\/strong>&nbsp;para que fuera parte de la comitiva oficial que lo acompa\u00f1\u00f3 a un viaje oficial a Miami y a Nueva York, constat\u00f3 la&nbsp;<a href=\"https:\/\/noticiasargentinas.com\/politica\/milei-les-dijo--corruptos--a-los-periodistas-del-congreso_a69f218f07825f881539248c4\">Agencia Noticias Argentinas.<\/a><\/p>\n\n\n\n<p>\u201c<strong>Fue aclarado en la Justicia que mi esposa viaj\u00f3 como invitada exclusivamente en el vuelo de salida del pa\u00eds y que regres\u00f3 en un vuelo comercial el 15 de marzo de 2026\u201d<\/strong>, detall\u00f3.<\/p>\n\n\n\n<p>\u201cTanto el Ministerio P\u00fablico Fiscal como el Poder Judicial ya se expidieron sobre este tema. Afirmaron que no existi\u00f3 delito ni irregularidad en la invitaci\u00f3n de mi esposa en el viaje del 6 de marzo de 2026 con destino a las ciudades de Miami y Nueva York, cuya Comitiva Oficial fue aprobada conforme al Decreto 713\/16\u201d, precis\u00f3.&nbsp;<\/p>\n\n\n\n<p>Aclar\u00f3 en ese sentido que&nbsp;<strong>\u201cla decisi\u00f3n sobre la invitaci\u00f3n de la Comitiva Oficial comprende, tal como lo han indicado la fiscal como el juez interviniente en la correspondiente causa judicial, una cuesti\u00f3n discrecional de Presidencia<\/strong>, de conformidad con los marcos legales vigentes\u201d.&nbsp;<\/p>\n\n\n\n<p>Y remarc\u00f3 que \u201ccomo parte de un vuelo presidencial, no se encuentran alcanzadas por la Decisi\u00f3n Administrativa 9\/2026\u201d.<\/p>\n\n\n\n<p>En tanto, Adorni resalt\u00f3 que \u201cla fiscal interviniente, a quien se le deleg\u00f3 la investigaci\u00f3n, requiri\u00f3 archivar la causa d\u00e1ndonos la raz\u00f3n: la misi\u00f3n fue debidamente autorizada y NO hubo delito\u201d.&nbsp;<\/p>\n\n\n\n<p>\u201c<strong>Siguiendo su criterio, el juez federal orden\u00f3 su archivo. Es decir, se comprob\u00f3 judicialmente que no hubo ning\u00fan gasto de vi\u00e1ticos, alojamiento, comida, o de cualquier tipo de parte del Estado Nacional y que no existi\u00f3 incumplimiento en su invitaci\u00f3n<\/strong>\u201d, enfatiz\u00f3.&nbsp;<\/p>\n\n\n\n<p>\u201cEs lo que siempre dijimos. Esto prueba que, cuando se le permite a la Justicia actuar, se caen las operaciones pol\u00edticas que se intentan instalar en esta C\u00e1mara\u201d, concluy\u00f3.&nbsp;<\/p>\n\n\n\n<p>Sobre las supuestas inconsistencias en sus declaraciones juradas, dijo que cumpli\u00f3 con todas sus obligaciones previstas en la Ley de \u00c9tica P\u00fablica.&nbsp;<\/p>\n\n\n\n<p><strong>\u00abAcompa\u00f1\u00e9 todas las declaraciones juradas que requiere la normativa<\/strong>. Como saben, las declaraciones juradas tienen un componente p\u00fablico y un componente reservado. En el componente p\u00fablico se encuentran los detalles de todos los bienes que componen mi patrimonio, respecto de los cuales nunca existi\u00f3 ocultaci\u00f3n alguna\u201d, subray\u00f3.&nbsp;<\/p>\n\n\n\n<p>Al respecto, record\u00f3 que a\u00fan no venci\u00f3 el plazo para la presentaci\u00f3n de su \u00faltima declaraci\u00f3n jurada.&nbsp;__IP__<\/p>\n\n\n\n<p>\u201cSomos los primeros en respetar la divisi\u00f3n de poderes y bajo ninguna presi\u00f3n pol\u00edtica obstruiremos el avance de ninguna causa judicial. Por todo lo expuesto, debo hacerles una observaci\u00f3n necesaria: han sacado conclusiones equivocadas. Y quiero ser m\u00e1s claro todav\u00eda:<strong>&nbsp;no comet\u00ed ning\u00fan delito y voy a probarlo en la Justicia\u201d<\/strong>, finaliz\u00f3.&nbsp;<\/p>\n\n\n\n<p>Fuente: Noticias Argentinas<\/p>\n","protected":false},"excerpt":{"rendered":"<p>Al brindar el informe de gesti\u00f3n en Diputados, se refiri\u00f3 a los numerosos viajes que realiz\u00f3 a Punta del Este y Aruba, que se encuentran bajo la lupa de la&hellip;<\/p>\n","protected":false},"author":2,"featured_media":10313,"comment_status":"closed","ping_status":"closed","sticky":false,"template":"","format":"standard","meta":{"footnotes":""},"categories":[4,17,13],"tags":[49,882,875,881,876,880,473,878,879,874,877],"class_list":["post-10312","post","type-post","status-publish","format-standard","has-post-thumbnail","hentry","category-destacados","category-nacional","category-politica","tag-adorni","tag-angeletti","tag-aruba","tag-bettina","tag-costos","tag-erogaciones","tag-estado","tag-personales","tag-privado","tag-puntadeleste","tag-viajes"],"rttpg_featured_image_url":{"full":["http:\/\/magazineweb.com.ar\/wp-content\/uploads\/2026\/04\/Adorni.jpg",275,183,false],"landscape":["http:\/\/magazineweb.com.ar\/wp-content\/uploads\/2026\/04\/Adorni.jpg",275,183,false],"portraits":["http:\/\/magazineweb.com.ar\/wp-content\/uploads\/2026\/04\/Adorni.jpg",275,183,false],"thumbnail":["http:\/\/magazineweb.com.ar\/wp-content\/uploads\/2026\/04\/Adorni-150x150.jpg",150,150,true],"medium":["http:\/\/magazineweb.com.ar\/wp-content\/uploads\/2026\/04\/Adorni.jpg",275,183,false],"large":["http:\/\/magazineweb.com.ar\/wp-content\/uploads\/2026\/04\/Adorni.jpg",275,183,false],"1536x1536":["http:\/\/magazineweb.com.ar\/wp-content\/uploads\/2026\/04\/Adorni.jpg",275,183,false],"2048x2048":["http:\/\/magazineweb.com.ar\/wp-content\/uploads\/2026\/04\/Adorni.jpg",275,183,false],"ultp_layout_landscape_large":["http:\/\/magazineweb.com.ar\/wp-content\/uploads\/2026\/04\/Adorni.jpg",275,183,false],"ultp_layout_landscape":["http:\/\/magazineweb.com.ar\/wp-content\/uploads\/2026\/04\/Adorni.jpg",275,183,false],"ultp_layout_portrait":["http:\/\/magazineweb.com.ar\/wp-content\/uploads\/2026\/04\/Adorni.jpg",275,183,false],"ultp_layout_square":["http:\/\/magazineweb.com.ar\/wp-content\/uploads\/2026\/04\/Adorni.jpg",275,183,false]},"rttpg_author":{"display_name":"Roxana Reinoso","author_link":"http:\/\/magazineweb.com.ar\/?author=2"},"rttpg_comment":0,"rttpg_category":"<a href=\"http:\/\/magazineweb.com.ar\/?cat=4\" rel=\"category\">Destacados<\/a> <a href=\"http:\/\/magazineweb.com.ar\/?cat=17\" rel=\"category\">Nacional<\/a> <a href=\"http:\/\/magazineweb.com.ar\/?cat=13\" rel=\"category\">Pol\u00edtica<\/a>","rttpg_excerpt":"Al brindar el informe de gesti\u00f3n en Diputados, se refiri\u00f3 a los numerosos viajes que realiz\u00f3 a Punta del Este y Aruba, que se encuentran bajo la lupa de la&hellip;","_links":{"self":[{"href":"http:\/\/magazineweb.com.ar\/index.php?rest_route=\/wp\/v2\/posts\/10312","targetHints":{"allow":["GET"]}}],"collection":[{"href":"http:\/\/magazineweb.com.ar\/index.php?rest_route=\/wp\/v2\/posts"}],"about":[{"href":"http:\/\/magazineweb.com.ar\/index.php?rest_route=\/wp\/v2\/types\/post"}],"author":[{"embeddable":true,"href":"http:\/\/magazineweb.com.ar\/index.php?rest_route=\/wp\/v2\/users\/2"}],"replies":[{"embeddable":true,"href":"http:\/\/magazineweb.com.ar\/index.php?rest_route=%2Fwp%2Fv2%2Fcomments&post=10312"}],"version-history":[{"count":1,"href":"http:\/\/magazineweb.com.ar\/index.php?rest_route=\/wp\/v2\/posts\/10312\/revisions"}],"predecessor-version":[{"id":10314,"href":"http:\/\/magazineweb.com.ar\/index.php?rest_route=\/wp\/v2\/posts\/10312\/revisions\/10314"}],"wp:featuredmedia":[{"embeddable":true,"href":"http:\/\/magazineweb.com.ar\/index.php?rest_route=\/wp\/v2\/media\/10313"}],"wp:attachment":[{"href":"http:\/\/magazineweb.com.ar\/index.php?rest_route=%2Fwp%2Fv2%2Fmedia&parent=10312"}],"wp:term":[{"taxonomy":"category","embeddable":true,"href":"http:\/\/magazineweb.com.ar\/index.php?rest_route=%2Fwp%2Fv2%2Fcategories&post=10312"},{"taxonomy":"post_tag","embeddable":true,"href":"http:\/\/magazineweb.com.ar\/index.php?rest_route=%2Fwp%2Fv2%2Ftags&post=10312"}],"curies":[{"name":"wp","href":"https:\/\/api.w.org\/{rel}","templated":true}]}}