{"id":10318,"date":"2026-04-29T23:35:16","date_gmt":"2026-04-30T02:35:16","guid":{"rendered":"https:\/\/magazineweb.com.ar\/?p=10318"},"modified":"2026-04-29T23:35:17","modified_gmt":"2026-04-30T02:35:17","slug":"berazategui-carlos-balor-y-otros-intendentes-reclamaron-a-nacion-la-actualizacion-de-fondos-destinados-a-programas-alimentarios","status":"publish","type":"post","link":"http:\/\/magazineweb.com.ar\/?p=10318","title":{"rendered":"Berazategui: Carlos Balor y otros intendentes reclamaron a Naci\u00f3n la actualizaci\u00f3n de fondos destinados a programas alimentarios"},"content":{"rendered":"\n<p class=\"has-black-color has-vivid-green-cyan-background-color has-text-color has-background has-link-color wp-elements-45da58d5aa7161e6e83d043c5b03883d\"><strong>El intendente de Berazategui, Carlos Balor, junto a otros jefes comunales bonaerenses, firm\u00f3 un petitorio dirigido al Ministerio de Capital Humano de la Naci\u00f3n, con el objetivo de reclamar la actualizaci\u00f3n y revisi\u00f3n de los fondos destinados a atender la creciente demanda alimentaria en los municipios. La iniciativa fue impulsada por el ministro de Desarrollo de la Comunidad de la Provincia, Andr\u00e9s Larroque, y otros mandatarios bonaerenses, ante la preocupaci\u00f3n por la reducci\u00f3n de partidas nacionales destinadas a pol\u00edticas sociales.<\/strong><\/p>\n\n\n\n<p>La jornada comenz\u00f3 en la sede de la Federaci\u00f3n Argentina de Municipios (FAM), donde los intendentes firmaron el documento y luego marcharon hacia la sede de la Cartera que conduce la ministra Sandra Pettovello.<\/p>\n\n\n\n<p>Desde los Municipios advirtieron sobre la necesidad de fortalecer el acompa\u00f1amiento nacional para sostener los programas de asistencia, especialmente en un escenario de creciente demanda social. Larroque remarc\u00f3 que el 90% del presupuesto de su Ministerio provincial hoy se encuentra destinado a programas alimentarios que alcanzan a 2.500.000 ni\u00f1os y adolescentes, y cuestion\u00f3 la reducci\u00f3n de fondos nacionales para estas pol\u00edticas.<\/p>\n","protected":false},"excerpt":{"rendered":"<p>El intendente de Berazategui, Carlos Balor, junto a otros jefes comunales bonaerenses, firm\u00f3 un petitorio dirigido al Ministerio de Capital Humano de la Naci\u00f3n, con el objetivo de reclamar la&hellip;<\/p>\n","protected":false},"author":2,"featured_media":10319,"comment_status":"closed","ping_status":"closed","sticky":false,"template":"","format":"standard","meta":{"footnotes":""},"categories":[4,13,15],"tags":[886,580,846,54,885,516],"class_list":["post-10318","post","type-post","status-publish","format-standard","has-post-thumbnail","hentry","category-destacados","category-politica","category-regional","tag-alimentarios","tag-balor","tag-fondos","tag-intendentes","tag-programas","tag-reclamo"],"rttpg_featured_image_url":{"full":["http:\/\/magazineweb.com.ar\/wp-content\/uploads\/2026\/04\/Carlos-Balor-y-otros-intendentes-reclamaron-a-Nacion-la-actualizacion-de-fondos-destinados-a-programas-alimentarios-1.jpg",1600,1066,false],"landscape":["http:\/\/magazineweb.com.ar\/wp-content\/uploads\/2026\/04\/Carlos-Balor-y-otros-intendentes-reclamaron-a-Nacion-la-actualizacion-de-fondos-destinados-a-programas-alimentarios-1.jpg",1600,1066,false],"portraits":["http:\/\/magazineweb.com.ar\/wp-content\/uploads\/2026\/04\/Carlos-Balor-y-otros-intendentes-reclamaron-a-Nacion-la-actualizacion-de-fondos-destinados-a-programas-alimentarios-1.jpg",1600,1066,false],"thumbnail":["http:\/\/magazineweb.com.ar\/wp-content\/uploads\/2026\/04\/Carlos-Balor-y-otros-intendentes-reclamaron-a-Nacion-la-actualizacion-de-fondos-destinados-a-programas-alimentarios-1-150x150.jpg",150,150,true],"medium":["http:\/\/magazineweb.com.ar\/wp-content\/uploads\/2026\/04\/Carlos-Balor-y-otros-intendentes-reclamaron-a-Nacion-la-actualizacion-de-fondos-destinados-a-programas-alimentarios-1-300x200.jpg",300,200,true],"large":["http:\/\/magazineweb.com.ar\/wp-content\/uploads\/2026\/04\/Carlos-Balor-y-otros-intendentes-reclamaron-a-Nacion-la-actualizacion-de-fondos-destinados-a-programas-alimentarios-1-1024x682.jpg",1024,682,true],"1536x1536":["http:\/\/magazineweb.com.ar\/wp-content\/uploads\/2026\/04\/Carlos-Balor-y-otros-intendentes-reclamaron-a-Nacion-la-actualizacion-de-fondos-destinados-a-programas-alimentarios-1-1536x1023.jpg",1536,1023,true],"2048x2048":["http:\/\/magazineweb.com.ar\/wp-content\/uploads\/2026\/04\/Carlos-Balor-y-otros-intendentes-reclamaron-a-Nacion-la-actualizacion-de-fondos-destinados-a-programas-alimentarios-1.jpg",1600,1066,false],"ultp_layout_landscape_large":["http:\/\/magazineweb.com.ar\/wp-content\/uploads\/2026\/04\/Carlos-Balor-y-otros-intendentes-reclamaron-a-Nacion-la-actualizacion-de-fondos-destinados-a-programas-alimentarios-1-1200x800.jpg",1200,800,true],"ultp_layout_landscape":["http:\/\/magazineweb.com.ar\/wp-content\/uploads\/2026\/04\/Carlos-Balor-y-otros-intendentes-reclamaron-a-Nacion-la-actualizacion-de-fondos-destinados-a-programas-alimentarios-1-870x570.jpg",870,570,true],"ultp_layout_portrait":["http:\/\/magazineweb.com.ar\/wp-content\/uploads\/2026\/04\/Carlos-Balor-y-otros-intendentes-reclamaron-a-Nacion-la-actualizacion-de-fondos-destinados-a-programas-alimentarios-1-600x900.jpg",600,900,true],"ultp_layout_square":["http:\/\/magazineweb.com.ar\/wp-content\/uploads\/2026\/04\/Carlos-Balor-y-otros-intendentes-reclamaron-a-Nacion-la-actualizacion-de-fondos-destinados-a-programas-alimentarios-1-600x600.jpg",600,600,true]},"rttpg_author":{"display_name":"Roxana Reinoso","author_link":"http:\/\/magazineweb.com.ar\/?author=2"},"rttpg_comment":0,"rttpg_category":"<a href=\"http:\/\/magazineweb.com.ar\/?cat=4\" rel=\"category\">Destacados<\/a> <a href=\"http:\/\/magazineweb.com.ar\/?cat=13\" rel=\"category\">Pol\u00edtica<\/a> <a href=\"http:\/\/magazineweb.com.ar\/?cat=15\" rel=\"category\">Regional<\/a>","rttpg_excerpt":"El intendente de Berazategui, Carlos Balor, junto a otros jefes comunales bonaerenses, firm\u00f3 un petitorio dirigido al Ministerio de Capital Humano de la Naci\u00f3n, con el objetivo de reclamar la&hellip;","_links":{"self":[{"href":"http:\/\/magazineweb.com.ar\/index.php?rest_route=\/wp\/v2\/posts\/10318","targetHints":{"allow":["GET"]}}],"collection":[{"href":"http:\/\/magazineweb.com.ar\/index.php?rest_route=\/wp\/v2\/posts"}],"about":[{"href":"http:\/\/magazineweb.com.ar\/index.php?rest_route=\/wp\/v2\/types\/post"}],"author":[{"embeddable":true,"href":"http:\/\/magazineweb.com.ar\/index.php?rest_route=\/wp\/v2\/users\/2"}],"replies":[{"embeddable":true,"href":"http:\/\/magazineweb.com.ar\/index.php?rest_route=%2Fwp%2Fv2%2Fcomments&post=10318"}],"version-history":[{"count":1,"href":"http:\/\/magazineweb.com.ar\/index.php?rest_route=\/wp\/v2\/posts\/10318\/revisions"}],"predecessor-version":[{"id":10320,"href":"http:\/\/magazineweb.com.ar\/index.php?rest_route=\/wp\/v2\/posts\/10318\/revisions\/10320"}],"wp:featuredmedia":[{"embeddable":true,"href":"http:\/\/magazineweb.com.ar\/index.php?rest_route=\/wp\/v2\/media\/10319"}],"wp:attachment":[{"href":"http:\/\/magazineweb.com.ar\/index.php?rest_route=%2Fwp%2Fv2%2Fmedia&parent=10318"}],"wp:term":[{"taxonomy":"category","embeddable":true,"href":"http:\/\/magazineweb.com.ar\/index.php?rest_route=%2Fwp%2Fv2%2Fcategories&post=10318"},{"taxonomy":"post_tag","embeddable":true,"href":"http:\/\/magazineweb.com.ar\/index.php?rest_route=%2Fwp%2Fv2%2Ftags&post=10318"}],"curies":[{"name":"wp","href":"https:\/\/api.w.org\/{rel}","templated":true}]}}