{"id":3824,"date":"2023-12-09T00:09:40","date_gmt":"2023-12-09T00:09:40","guid":{"rendered":"https:\/\/magazineweb.com.ar\/?p=3824"},"modified":"2023-12-09T00:09:41","modified_gmt":"2023-12-09T00:09:41","slug":"alberto-fernandez-dio-su-ultimo-mensaje-como-presidente-me-reprocho-no-haber-terminado-con-la-grieta","status":"publish","type":"post","link":"http:\/\/magazineweb.com.ar\/?p=3824","title":{"rendered":"Alberto Fern\u00e1ndez dio su \u00faltimo mensaje como presidente: \u00abMe reprocho no haber terminado con la grieta\u00bb"},"content":{"rendered":"\n<p>Alberto Fern\u00e1ndez dio su \u00faltimo mensaje como presidente: \u00abMe reprocho no haber terminado con la grieta\u00bb<\/p>\n\n\n\n<p>El presidente saliente Alberto Fern\u00e1ndez habl\u00f3 este viernes por cadena nacional para hacer un repaso de sus cuatro a\u00f1os de gesti\u00f3n y lament\u00f3 \u201cno haber podido terminar con la grieta que nos separa y nos enfrenta\u201d.<\/p>\n\n\n\n<p>\u201cHe aprendido que para cerrar la grieta no hace falta someter al otro. No se trata de ver quien impone su relato. Lo que hace falta es caminar junto al otro. Aprender a profundizar los acuerdos y a minimizar las diferencias\u201d, se\u00f1al\u00f3 el jefe de Estado en un mensaje grabado.<\/p>\n\n\n\n<p>Con respecto al feminismo,\u00a0Fern\u00e1ndez asegur\u00f3 que su Gobierno \u00abacompa\u00f1\u00f3 las transformaciones que reclamaba la marea del feminismo en las calles, y as\u00ed logramos hacer historia: conseguimos sancionar el Aborto Legal, Seguro y Gratuito\u00bb. \u00abEra una deuda de la democracia\u00bb, agreg\u00f3 el mandatario.<\/p>\n\n\n\n<p>En relaci\u00f3n a la pobreza, el Presidente reconoci\u00f3 que su administraci\u00f3n no alcanz\u00f3 los objetivos que se propuso \u00aben el fortalecimiento del ingreso, la lucha contra la inflaci\u00f3n y la disminuci\u00f3n de la pobreza\u00bb.<\/p>\n\n\n\n<p>\u00abFue porque las circunstancias y el contexto no nos acompa\u00f1aron y tambi\u00e9n porque deber\u00edamos haberlo hecho mejor o diferente\u00bb, se\u00f1al\u00f3 el mandatario en un discurso emitido por cadena nacional sobre el cierre de su gesti\u00f3n.<\/p>\n\n\n\n<p>El mandatario remarc\u00f3 que guarda&nbsp;\u00abel dolor profundo de no haber llegado a mejorar la vida de quienes a\u00fan est\u00e1n en la pobreza\u00bb.<\/p>\n\n\n\n<p>Con todo, destac\u00f3 que tambi\u00e9n&nbsp;se lleva la alegr\u00eda de la llegada del primer avi\u00f3n con vacunas para el Covid, la entrega de viviendas; la puesta en marcha del gasoducto Presidente N\u00e9stor Kirchner y la dignidad de haber llevado agua potable al impenetrable chaque\u00f1o\u00bb.<\/p>\n\n\n\n<p>Asegur\u00f3 que \u00abel a\u00f1o entrante ingresar\u00e1n, producto de exportaciones agr\u00edcolas, de gas y de litio, alrededor de 35.000 millones de d\u00f3lares\u00bb, al dar un mensaje por cadena nacional a modo de cierre de su gesti\u00f3n.<\/p>\n\n\n\n<p>\u00abGracias al gasoducto que construimos, dejaremos de gastar 5.000 millones de d\u00f3lares para importar gas licuado. De aqu\u00ed hasta el 2030 las estimaciones marcan que las exportaciones sumadas de bienes y servicios crecer\u00e1n el 80%\u00bb, destac\u00f3.<\/p>\n\n\n\n<p>En ese sentido, el jefe de Estado evalu\u00f3 que en funci\u00f3n de \u00abun escenario favorable\u00bb que se presenta de cara al 2024, \u00abno es razonable pensar en un ajuste que detenga nuestra producci\u00f3n y restrinja el empleo y el consumo\u00bb, en un discurso de cierre de gesti\u00f3n que pronunci\u00f3 por cadena nacional.<\/p>\n\n\n\n<p>\u00abDebemos cuidar que, bajo el argumento de querer resolver el problema fiscal, no se vulneren los derechos de los que trabajan ni se frustren las aspiraciones de los que invierten y producen\u00bb, remarc\u00f3. <\/p>\n\n\n\n<figure class=\"wp-block-embed is-type-video is-provider-youtube wp-block-embed-youtube wp-embed-aspect-16-9 wp-has-aspect-ratio\"><div class=\"wp-block-embed__wrapper\">\n<iframe loading=\"lazy\" title=\"Cierre de gesti\u00f3n Alberto Fern\u00e1ndez\" width=\"500\" height=\"281\" src=\"https:\/\/www.youtube.com\/embed\/uyCXEqtD2OQ?feature=oembed\" frameborder=\"0\" allow=\"accelerometer; autoplay; clipboard-write; encrypted-media; gyroscope; picture-in-picture; web-share\" referrerpolicy=\"strict-origin-when-cross-origin\" allowfullscreen><\/iframe>\n<\/div><\/figure>\n\n\n\n<p>Fuente: T\u00e9lam<\/p>\n","protected":false},"excerpt":{"rendered":"<p>Alberto Fern\u00e1ndez dio su \u00faltimo mensaje como presidente: \u00abMe reprocho no haber terminado con la grieta\u00bb El presidente saliente Alberto Fern\u00e1ndez habl\u00f3 este viernes por cadena nacional para hacer un&hellip;<\/p>\n","protected":false},"author":2,"featured_media":3825,"comment_status":"closed","ping_status":"closed","sticky":false,"template":"","format":"standard","meta":{"footnotes":""},"categories":[17,13],"tags":[32,30,31,33],"class_list":["post-3824","post","type-post","status-publish","format-standard","has-post-thumbnail","hentry","category-nacional","category-politica","tag-alberto-fernandez","tag-cierre","tag-gestion","tag-presidente"],"rttpg_featured_image_url":{"full":["http:\/\/magazineweb.com.ar\/wp-content\/uploads\/2023\/12\/Fernandez-ultimo-discurso.jpg",266,190,false],"landscape":["http:\/\/magazineweb.com.ar\/wp-content\/uploads\/2023\/12\/Fernandez-ultimo-discurso.jpg",266,190,false],"portraits":["http:\/\/magazineweb.com.ar\/wp-content\/uploads\/2023\/12\/Fernandez-ultimo-discurso.jpg",266,190,false],"thumbnail":["http:\/\/magazineweb.com.ar\/wp-content\/uploads\/2023\/12\/Fernandez-ultimo-discurso-150x150.jpg",150,150,true],"medium":["http:\/\/magazineweb.com.ar\/wp-content\/uploads\/2023\/12\/Fernandez-ultimo-discurso.jpg",266,190,false],"large":["http:\/\/magazineweb.com.ar\/wp-content\/uploads\/2023\/12\/Fernandez-ultimo-discurso.jpg",266,190,false],"1536x1536":["http:\/\/magazineweb.com.ar\/wp-content\/uploads\/2023\/12\/Fernandez-ultimo-discurso.jpg",266,190,false],"2048x2048":["http:\/\/magazineweb.com.ar\/wp-content\/uploads\/2023\/12\/Fernandez-ultimo-discurso.jpg",266,190,false],"ultp_layout_landscape_large":["http:\/\/magazineweb.com.ar\/wp-content\/uploads\/2023\/12\/Fernandez-ultimo-discurso.jpg",266,190,false],"ultp_layout_landscape":["http:\/\/magazineweb.com.ar\/wp-content\/uploads\/2023\/12\/Fernandez-ultimo-discurso.jpg",266,190,false],"ultp_layout_portrait":["http:\/\/magazineweb.com.ar\/wp-content\/uploads\/2023\/12\/Fernandez-ultimo-discurso.jpg",266,190,false],"ultp_layout_square":["http:\/\/magazineweb.com.ar\/wp-content\/uploads\/2023\/12\/Fernandez-ultimo-discurso.jpg",266,190,false]},"rttpg_author":{"display_name":"Roxana Reinoso","author_link":"http:\/\/magazineweb.com.ar\/?author=2"},"rttpg_comment":0,"rttpg_category":"<a href=\"http:\/\/magazineweb.com.ar\/?cat=17\" rel=\"category\">Nacional<\/a> <a href=\"http:\/\/magazineweb.com.ar\/?cat=13\" rel=\"category\">Pol\u00edtica<\/a>","rttpg_excerpt":"Alberto Fern\u00e1ndez dio su \u00faltimo mensaje como presidente: \u00abMe reprocho no haber terminado con la grieta\u00bb El presidente saliente Alberto Fern\u00e1ndez habl\u00f3 este viernes por cadena nacional para hacer un&hellip;","_links":{"self":[{"href":"http:\/\/magazineweb.com.ar\/index.php?rest_route=\/wp\/v2\/posts\/3824","targetHints":{"allow":["GET"]}}],"collection":[{"href":"http:\/\/magazineweb.com.ar\/index.php?rest_route=\/wp\/v2\/posts"}],"about":[{"href":"http:\/\/magazineweb.com.ar\/index.php?rest_route=\/wp\/v2\/types\/post"}],"author":[{"embeddable":true,"href":"http:\/\/magazineweb.com.ar\/index.php?rest_route=\/wp\/v2\/users\/2"}],"replies":[{"embeddable":true,"href":"http:\/\/magazineweb.com.ar\/index.php?rest_route=%2Fwp%2Fv2%2Fcomments&post=3824"}],"version-history":[{"count":1,"href":"http:\/\/magazineweb.com.ar\/index.php?rest_route=\/wp\/v2\/posts\/3824\/revisions"}],"predecessor-version":[{"id":3826,"href":"http:\/\/magazineweb.com.ar\/index.php?rest_route=\/wp\/v2\/posts\/3824\/revisions\/3826"}],"wp:featuredmedia":[{"embeddable":true,"href":"http:\/\/magazineweb.com.ar\/index.php?rest_route=\/wp\/v2\/media\/3825"}],"wp:attachment":[{"href":"http:\/\/magazineweb.com.ar\/index.php?rest_route=%2Fwp%2Fv2%2Fmedia&parent=3824"}],"wp:term":[{"taxonomy":"category","embeddable":true,"href":"http:\/\/magazineweb.com.ar\/index.php?rest_route=%2Fwp%2Fv2%2Fcategories&post=3824"},{"taxonomy":"post_tag","embeddable":true,"href":"http:\/\/magazineweb.com.ar\/index.php?rest_route=%2Fwp%2Fv2%2Ftags&post=3824"}],"curies":[{"name":"wp","href":"https:\/\/api.w.org\/{rel}","templated":true}]}}