{"id":4111,"date":"2024-01-12T20:35:40","date_gmt":"2024-01-12T20:35:40","guid":{"rendered":"https:\/\/magazineweb.com.ar\/?p=4111"},"modified":"2024-01-12T20:35:41","modified_gmt":"2024-01-12T20:35:41","slug":"por-el-recorte-de-horas-extras-los-museos-nacionales-no-abriran-este-fin-de-semana","status":"publish","type":"post","link":"http:\/\/magazineweb.com.ar\/?p=4111","title":{"rendered":"Por el recorte de horas extras, los museos nacionales no abrir\u00e1n este fin de semana"},"content":{"rendered":"\n<p>Luego del anuncio de Jefatura de Gabinete de Ministros de suspender las horas extras para los organismos p\u00fablicos, los Museos Nacionales -entre los que se encuentran el Museo Nacional de Bellas Artes, el Museo Hist\u00f3rico y el de Arte Decorativo- estar\u00e1n cerrados este s\u00e1bado 13 y domingo 14 de enero, ya que esta medida no reconoce el trabajo fuera del horario de lunes a viernes.<\/p>\n\n\n\n<p>\u00abPor decisi\u00f3n administrativa de la Jefatura de Gabinete de Ministros de suspender el trabajo excepcional para toda la administraci\u00f3n p\u00fablica, nos vemos imposibilitados de abrir los museos el s\u00e1bado y domingo pr\u00f3ximos para recibir al p\u00fablico, puesto que esta medida no permite ni reconoce el trabajo fuera del horario administrativo de lunes a viernes\u00bb, explicaron en un comunicado de prensa autoridades de museos nacionales dependientes de la Secretar\u00eda de Cultura.<\/p>\n\n\n\n<p>\u00abLa decisi\u00f3n afecta directamente a la convocatoria de los museos nacionales, ya que miles de personas los visitan durante los s\u00e1bados y domingos de verano\u00bb, consignaron.<\/p>\n\n\n\n<p>En el mismo comunicado plantearon que est\u00e1n \u00abtrabajando para lograr el reconocimiento a la brevedad de la labor de fin de semana\u00bb de los equipos.<\/p>\n\n\n\n<p>\u00abEsperamos que esto pronto se resuelva. Queremos seguir abriendo los fines de semana para que el p\u00fablico pueda volver a disfrutar de las exposiciones y actividades gratuitas\u00bb, se\u00f1alaron .<\/p>\n\n\n\n<p>De la Ciudad Aut\u00f3noma de Buenos Aires, no podr\u00e1n recibir p\u00fablico ma\u00f1ana y el domingo la Casa Nacional del Bicentenario, el Complejo Hist\u00f3rico Cultural Manzana de las Luces, Museo Casa de Ricardo Rojas, Museo Casa de Yrurtia, Museo de la Historia del Traje, Museo de las Comunidades, Museo del Cabildo de Buenos Aires y de la Revoluci\u00f3n de Mayo.<\/p>\n\n\n\n<p>Tambi\u00e9n el Museo Hist\u00f3rico Nacional y el Museo Roca junto al Museo Hist\u00f3rico Sarmiento, Museo Malvinas e Islas del Atl\u00e1ntico Sur, Museo Mitre, Museo Nacional de Arte Decorativo, Museo Nacional de Bellas Artes y Museo Nacional del Grabado se encontrar\u00e1n cerrados este fin de semana.<\/p>\n\n\n\n<p>En la provincia de Buenos Aires, se unen a la medida el Museo Nacional Casa del Acuerdo. Mientras que en C\u00f3rdoba, se suman al cierre la Estancia De Jes\u00fas Mar\u00eda, Museo Jesu\u00edtico Nacional, el Museo de la Estancia Jesu\u00edtica De Alta Gracia y Casa Del Virrey Liniers.<\/p>\n\n\n\n<p>Mientras que el Palacio San Jos\u00e9 Museo y el Monumento Hist\u00f3rico Nacional Justo Jos\u00e9 de Urquiza de Entre R\u00edos estar\u00e1n cerrados este fin de semana al igual que el Museo y Biblioteca Casa Natal de Domingo Faustino Sarmiento en la provincia de San Juan, la Casa Hist\u00f3rica Museo Nacional de la Independencia en Tucum\u00e1n, el Museo Hist\u00f3rico del Norte, el Museo Uriburu y el Posta de Yatasto ubicados en Salta. En Jujuy, suspender\u00e1 su apertura el Museo Nacional Terry.<\/p>\n\n\n\n<p>Frente a esta situaci\u00f3n, la Asociaci\u00f3n de Trabajadores del Estado (ATE) expres\u00f3 en un comunicado a trav\u00e9s de sus redes sociales: \u00abDesde esta Junta Interna no admitimos el atropello de las autoridades sobre nuestros 27 Museos Nacionales y el desprecio del libre derecho de acceso a la Cultura de toda la ciudadan\u00eda\u00bb.<\/p>\n","protected":false},"excerpt":{"rendered":"<p>Luego del anuncio de Jefatura de Gabinete de Ministros de suspender las horas extras para los organismos p\u00fablicos, los Museos Nacionales -entre los que se encuentran el Museo Nacional de&hellip;<\/p>\n","protected":false},"author":3,"featured_media":4112,"comment_status":"closed","ping_status":"closed","sticky":false,"template":"","format":"standard","meta":{"footnotes":""},"categories":[17],"tags":[],"class_list":["post-4111","post","type-post","status-publish","format-standard","has-post-thumbnail","hentry","category-nacional"],"rttpg_featured_image_url":{"full":["http:\/\/magazineweb.com.ar\/wp-content\/uploads\/2024\/01\/643b2824eddc3_1200.jpg",1200,675,false],"landscape":["http:\/\/magazineweb.com.ar\/wp-content\/uploads\/2024\/01\/643b2824eddc3_1200.jpg",1200,675,false],"portraits":["http:\/\/magazineweb.com.ar\/wp-content\/uploads\/2024\/01\/643b2824eddc3_1200.jpg",1200,675,false],"thumbnail":["http:\/\/magazineweb.com.ar\/wp-content\/uploads\/2024\/01\/643b2824eddc3_1200-150x150.jpg",150,150,true],"medium":["http:\/\/magazineweb.com.ar\/wp-content\/uploads\/2024\/01\/643b2824eddc3_1200-300x169.jpg",300,169,true],"large":["http:\/\/magazineweb.com.ar\/wp-content\/uploads\/2024\/01\/643b2824eddc3_1200-1024x576.jpg",1024,576,true],"1536x1536":["http:\/\/magazineweb.com.ar\/wp-content\/uploads\/2024\/01\/643b2824eddc3_1200.jpg",1200,675,false],"2048x2048":["http:\/\/magazineweb.com.ar\/wp-content\/uploads\/2024\/01\/643b2824eddc3_1200.jpg",1200,675,false],"ultp_layout_landscape_large":["http:\/\/magazineweb.com.ar\/wp-content\/uploads\/2024\/01\/643b2824eddc3_1200.jpg",1200,675,false],"ultp_layout_landscape":["http:\/\/magazineweb.com.ar\/wp-content\/uploads\/2024\/01\/643b2824eddc3_1200-870x570.jpg",870,570,true],"ultp_layout_portrait":["http:\/\/magazineweb.com.ar\/wp-content\/uploads\/2024\/01\/643b2824eddc3_1200-600x675.jpg",600,675,true],"ultp_layout_square":["http:\/\/magazineweb.com.ar\/wp-content\/uploads\/2024\/01\/643b2824eddc3_1200-600x600.jpg",600,600,true]},"rttpg_author":{"display_name":"Redacci\u00f3n Magazine Web","author_link":"http:\/\/magazineweb.com.ar\/?author=3"},"rttpg_comment":0,"rttpg_category":"<a href=\"http:\/\/magazineweb.com.ar\/?cat=17\" rel=\"category\">Nacional<\/a>","rttpg_excerpt":"Luego del anuncio de Jefatura de Gabinete de Ministros de suspender las horas extras para los organismos p\u00fablicos, los Museos Nacionales -entre los que se encuentran el Museo Nacional de&hellip;","_links":{"self":[{"href":"http:\/\/magazineweb.com.ar\/index.php?rest_route=\/wp\/v2\/posts\/4111","targetHints":{"allow":["GET"]}}],"collection":[{"href":"http:\/\/magazineweb.com.ar\/index.php?rest_route=\/wp\/v2\/posts"}],"about":[{"href":"http:\/\/magazineweb.com.ar\/index.php?rest_route=\/wp\/v2\/types\/post"}],"author":[{"embeddable":true,"href":"http:\/\/magazineweb.com.ar\/index.php?rest_route=\/wp\/v2\/users\/3"}],"replies":[{"embeddable":true,"href":"http:\/\/magazineweb.com.ar\/index.php?rest_route=%2Fwp%2Fv2%2Fcomments&post=4111"}],"version-history":[{"count":1,"href":"http:\/\/magazineweb.com.ar\/index.php?rest_route=\/wp\/v2\/posts\/4111\/revisions"}],"predecessor-version":[{"id":4113,"href":"http:\/\/magazineweb.com.ar\/index.php?rest_route=\/wp\/v2\/posts\/4111\/revisions\/4113"}],"wp:featuredmedia":[{"embeddable":true,"href":"http:\/\/magazineweb.com.ar\/index.php?rest_route=\/wp\/v2\/media\/4112"}],"wp:attachment":[{"href":"http:\/\/magazineweb.com.ar\/index.php?rest_route=%2Fwp%2Fv2%2Fmedia&parent=4111"}],"wp:term":[{"taxonomy":"category","embeddable":true,"href":"http:\/\/magazineweb.com.ar\/index.php?rest_route=%2Fwp%2Fv2%2Fcategories&post=4111"},{"taxonomy":"post_tag","embeddable":true,"href":"http:\/\/magazineweb.com.ar\/index.php?rest_route=%2Fwp%2Fv2%2Ftags&post=4111"}],"curies":[{"name":"wp","href":"https:\/\/api.w.org\/{rel}","templated":true}]}}