{"id":4114,"date":"2024-01-12T21:10:08","date_gmt":"2024-01-12T21:10:08","guid":{"rendered":"https:\/\/magazineweb.com.ar\/?p=4114"},"modified":"2024-01-12T21:10:10","modified_gmt":"2024-01-12T21:10:10","slug":"vilar-le-pidio-al-gobierno-nacional-que-se-impulsen-politicas-contra-el-cambio-climatico","status":"publish","type":"post","link":"http:\/\/magazineweb.com.ar\/?p=4114","title":{"rendered":"Vilar le pidi\u00f3 al Gobierno nacional \u00abque se impulsen pol\u00edticas\u00bb contra el cambio clim\u00e1tico"},"content":{"rendered":"\n<p>La ministra de Ambiente de la provincia de Buenos Aires, Daniela Vilar, solicit\u00f3 hoy que el Gobierno del presidente Javier Milei \u201cde respuestas e impulse pol\u00edticas de adaptaci\u00f3n y mitigaci\u00f3n\u201d ante el cambio clim\u00e1tico y a trav\u00e9s de un hilo de la red social X se refiri\u00f3 a la publicaci\u00f3n del Servicio Meteorol\u00f3gico Nacional (SMN) en el que se indic\u00f3 que 2023 \u201cfue el a\u00f1o m\u00e1s c\u00e1lido de nuestra historia, rompiendo todos los r\u00e9cords\u201d.<\/p>\n\n\n\n<p>\u201cTenemos un presidente que niega la crisis clim\u00e1tica\u201d, afirm\u00f3 la funcionaria bonaerense, y destac\u00f3 que \u201cen l\u00ednea con lo que ya viene se\u00f1alando la Organizaci\u00f3n Meteorol\u00f3gica Mundial, al mando de Celeste Saulo, cient\u00edfica argentina, y tambi\u00e9n el IPCC, estamos en una Crisis Clim\u00e1tica sin precedentes\u201d.<\/p>\n\n\n\n<p>Vilar consider\u00f3 que \u201ces urgente que desde el Estado se den respuestas, como lo viene haciendo el Gobierno de la provincia de Buenos Aires, y que se impulsen pol\u00edticas de adaptaci\u00f3n y mitigaci\u00f3n del cambio clim\u00e1tico\u201d.<\/p>\n\n\n\n<p>La funcionaria record\u00f3 los recientes temporales sufridos por los habitantes de Bah\u00eda Blanca, Rosales y Miramar, y consider\u00f3 que \u201clas consecuencias del cambio clim\u00e1tico las padecemos todxs, pero son las poblaciones m\u00e1s vulnerables las que tienen mayor dificultad para recuperarse de los da\u00f1os y p\u00e9rdidas que ocasionan los eventos clim\u00e1ticos extremos\u201d.<\/p>\n\n\n\n<p>\u201c\u00bfRealmente es urgente desregularizar la protecci\u00f3n de los bosques, humedales, glaciares, pastizales, para que grandes corporaciones puedan avanzar sobre nuestros bienes comunes naturales?\u201d, plante\u00f3 la ministra.<\/p>\n\n\n\n<p>Ayer, el Servicio Meteorol\u00f3gico Nacional public\u00f3 en la misma red que el a\u00f1o pasado rompi\u00f3 todos los r\u00e9cords y se convirti\u00f3 \u201cen el a\u00f1o m\u00e1s c\u00e1lido en los registros\u201d.<\/p>\n\n\n\n<p>\u201cEste aumento fue mucho m\u00e1s evidente sobre la superficie terrestre y las grandes ciudades que sobre los oc\u00e9anos\u201d, destac\u00f3 la publicaci\u00f3n, y a\u00f1adi\u00f3 que \u201cadem\u00e1s, fue mucho m\u00e1s extremo durante los \u00faltimos meses del a\u00f1o, y se sinti\u00f3 con m\u00e1s fuerza en la zona continental del hemisferio norte y en los oc\u00e9anos tropicales\u201d.<\/p>\n\n\n\n<p>En esa l\u00ednea, precis\u00f3 que nuestro pa\u00eds \u201csigui\u00f3 la tendencia global y experiment\u00f3 su a\u00f1o m\u00e1s c\u00e1lido en d\u00e9cadas, con un aumento de +0,83\u00b0C, superando ampliamente al a\u00f1o 2017, que tuvo una anomal\u00eda de +0,51\u00b0C\u201d<\/p>\n\n\n\n<p>Tambi\u00e9n se indic\u00f3 que el 2023 \u201ctambi\u00e9n result\u00f3 cr\u00edtico para el hielo marino de la Ant\u00e1rtida\u201d dado que \u201cla extensi\u00f3n diaria como la mensual alcanzaron m\u00ednimos hist\u00f3ricos en febrero de 2023\u201d.<\/p>\n\n\n\n<p>Finalmente, desde el SMN plantearon que \u201ces urgente tomar medidas para reducir las emisiones de gases de efecto invernadero\u201d.<\/p>\n\n\n\n<p>\u201cEl cambio clim\u00e1tico ya est\u00e1 presente en todo el mundo con un incremento de los fen\u00f3menos extremos, y tiene un impacto devastador en las personas, los ecosistemas y la econom\u00eda\u201d, concluyeron desde la entidad.<\/p>\n","protected":false},"excerpt":{"rendered":"<p>La ministra de Ambiente de la provincia de Buenos Aires, Daniela Vilar, solicit\u00f3 hoy que el Gobierno del presidente Javier Milei \u201cde respuestas e impulse pol\u00edticas de adaptaci\u00f3n y mitigaci\u00f3n\u201d&hellip;<\/p>\n","protected":false},"author":3,"featured_media":4115,"comment_status":"closed","ping_status":"closed","sticky":false,"template":"","format":"standard","meta":{"footnotes":""},"categories":[14],"tags":[],"class_list":["post-4114","post","type-post","status-publish","format-standard","has-post-thumbnail","hentry","category-provincial"],"rttpg_featured_image_url":{"full":["http:\/\/magazineweb.com.ar\/wp-content\/uploads\/2024\/01\/RDAG7XW2GRHHLODI2F72G24YL4.jpeg",1280,854,false],"landscape":["http:\/\/magazineweb.com.ar\/wp-content\/uploads\/2024\/01\/RDAG7XW2GRHHLODI2F72G24YL4.jpeg",1280,854,false],"portraits":["http:\/\/magazineweb.com.ar\/wp-content\/uploads\/2024\/01\/RDAG7XW2GRHHLODI2F72G24YL4.jpeg",1280,854,false],"thumbnail":["http:\/\/magazineweb.com.ar\/wp-content\/uploads\/2024\/01\/RDAG7XW2GRHHLODI2F72G24YL4-150x150.jpeg",150,150,true],"medium":["http:\/\/magazineweb.com.ar\/wp-content\/uploads\/2024\/01\/RDAG7XW2GRHHLODI2F72G24YL4-300x200.jpeg",300,200,true],"large":["http:\/\/magazineweb.com.ar\/wp-content\/uploads\/2024\/01\/RDAG7XW2GRHHLODI2F72G24YL4-1024x683.jpeg",1024,683,true],"1536x1536":["http:\/\/magazineweb.com.ar\/wp-content\/uploads\/2024\/01\/RDAG7XW2GRHHLODI2F72G24YL4.jpeg",1280,854,false],"2048x2048":["http:\/\/magazineweb.com.ar\/wp-content\/uploads\/2024\/01\/RDAG7XW2GRHHLODI2F72G24YL4.jpeg",1280,854,false],"ultp_layout_landscape_large":["http:\/\/magazineweb.com.ar\/wp-content\/uploads\/2024\/01\/RDAG7XW2GRHHLODI2F72G24YL4-1200x800.jpeg",1200,800,true],"ultp_layout_landscape":["http:\/\/magazineweb.com.ar\/wp-content\/uploads\/2024\/01\/RDAG7XW2GRHHLODI2F72G24YL4-870x570.jpeg",870,570,true],"ultp_layout_portrait":["http:\/\/magazineweb.com.ar\/wp-content\/uploads\/2024\/01\/RDAG7XW2GRHHLODI2F72G24YL4-600x854.jpeg",600,854,true],"ultp_layout_square":["http:\/\/magazineweb.com.ar\/wp-content\/uploads\/2024\/01\/RDAG7XW2GRHHLODI2F72G24YL4-600x600.jpeg",600,600,true]},"rttpg_author":{"display_name":"Redacci\u00f3n Magazine Web","author_link":"http:\/\/magazineweb.com.ar\/?author=3"},"rttpg_comment":0,"rttpg_category":"<a href=\"http:\/\/magazineweb.com.ar\/?cat=14\" rel=\"category\">Provincial<\/a>","rttpg_excerpt":"La ministra de Ambiente de la provincia de Buenos Aires, Daniela Vilar, solicit\u00f3 hoy que el Gobierno del presidente Javier Milei \u201cde respuestas e impulse pol\u00edticas de adaptaci\u00f3n y mitigaci\u00f3n\u201d&hellip;","_links":{"self":[{"href":"http:\/\/magazineweb.com.ar\/index.php?rest_route=\/wp\/v2\/posts\/4114","targetHints":{"allow":["GET"]}}],"collection":[{"href":"http:\/\/magazineweb.com.ar\/index.php?rest_route=\/wp\/v2\/posts"}],"about":[{"href":"http:\/\/magazineweb.com.ar\/index.php?rest_route=\/wp\/v2\/types\/post"}],"author":[{"embeddable":true,"href":"http:\/\/magazineweb.com.ar\/index.php?rest_route=\/wp\/v2\/users\/3"}],"replies":[{"embeddable":true,"href":"http:\/\/magazineweb.com.ar\/index.php?rest_route=%2Fwp%2Fv2%2Fcomments&post=4114"}],"version-history":[{"count":1,"href":"http:\/\/magazineweb.com.ar\/index.php?rest_route=\/wp\/v2\/posts\/4114\/revisions"}],"predecessor-version":[{"id":4116,"href":"http:\/\/magazineweb.com.ar\/index.php?rest_route=\/wp\/v2\/posts\/4114\/revisions\/4116"}],"wp:featuredmedia":[{"embeddable":true,"href":"http:\/\/magazineweb.com.ar\/index.php?rest_route=\/wp\/v2\/media\/4115"}],"wp:attachment":[{"href":"http:\/\/magazineweb.com.ar\/index.php?rest_route=%2Fwp%2Fv2%2Fmedia&parent=4114"}],"wp:term":[{"taxonomy":"category","embeddable":true,"href":"http:\/\/magazineweb.com.ar\/index.php?rest_route=%2Fwp%2Fv2%2Fcategories&post=4114"},{"taxonomy":"post_tag","embeddable":true,"href":"http:\/\/magazineweb.com.ar\/index.php?rest_route=%2Fwp%2Fv2%2Ftags&post=4114"}],"curies":[{"name":"wp","href":"https:\/\/api.w.org\/{rel}","templated":true}]}}