{"id":4189,"date":"2024-01-17T01:05:00","date_gmt":"2024-01-17T04:05:00","guid":{"rendered":"https:\/\/magazineweb.com.ar\/?p=4189"},"modified":"2024-01-15T13:50:33","modified_gmt":"2024-01-15T16:50:33","slug":"nuevas-jornadas-itinerantes-de-vacunacion-en-varela","status":"publish","type":"post","link":"http:\/\/magazineweb.com.ar\/?p=4189","title":{"rendered":"Nuevas jornadas itinerantes de vacunaci\u00f3n en Varela"},"content":{"rendered":"\n<p>La Comuna programa operativos de inmunizaci\u00f3n a la ciudadan\u00eda donde colocar\u00e1n dosis contra la Covid-19 y las aplicaciones pertenecientes al Calendario Nacional.<\/p>\n\n\n\n<p>Mediante la cartera sanitaria municipal, seleccionan puntos estrat\u00e9gicos del partido donde instalar las postas para inocular a los vecinos y las vecinas, desde las 10 hasta las 14 hs.<\/p>\n\n\n\n<p>Mi\u00e9rcoles 17 de enero, sobre el empalme de 1151 con 1132, Ingeniero Allan.<\/p>\n\n\n\n<p>Viernes 19 de enero, en la plaza situada en la intersecci\u00f3n de Basualdo con Luis Villar, La Esmeralda.<\/p>\n\n\n\n<p>Suspender\u00e1n la atenci\u00f3n ante condiciones clim\u00e1ticas desfavorables. Interesados e interesadas deber\u00e1n presentar su Documento Nacional de Identidad y\/o carnet para verificar la informaci\u00f3n de cada esquema en forma personalizada.<\/p>\n","protected":false},"excerpt":{"rendered":"<p>La Comuna programa operativos de inmunizaci\u00f3n a la ciudadan\u00eda donde colocar\u00e1n dosis contra la Covid-19 y las aplicaciones pertenecientes al Calendario Nacional. Mediante la cartera sanitaria municipal, seleccionan puntos estrat\u00e9gicos&hellip;<\/p>\n","protected":false},"author":3,"featured_media":4190,"comment_status":"closed","ping_status":"closed","sticky":false,"template":"","format":"standard","meta":{"footnotes":""},"categories":[16],"tags":[],"class_list":["post-4189","post","type-post","status-publish","format-standard","has-post-thumbnail","hentry","category-salud-y-medio-ambiente"],"rttpg_featured_image_url":{"full":["http:\/\/magazineweb.com.ar\/wp-content\/uploads\/2024\/01\/vacunacion-fv-scaled.jpg",2560,1707,false],"landscape":["http:\/\/magazineweb.com.ar\/wp-content\/uploads\/2024\/01\/vacunacion-fv-scaled.jpg",2560,1707,false],"portraits":["http:\/\/magazineweb.com.ar\/wp-content\/uploads\/2024\/01\/vacunacion-fv-scaled.jpg",2560,1707,false],"thumbnail":["http:\/\/magazineweb.com.ar\/wp-content\/uploads\/2024\/01\/vacunacion-fv-150x150.jpg",150,150,true],"medium":["http:\/\/magazineweb.com.ar\/wp-content\/uploads\/2024\/01\/vacunacion-fv-300x200.jpg",300,200,true],"large":["http:\/\/magazineweb.com.ar\/wp-content\/uploads\/2024\/01\/vacunacion-fv-1024x683.jpg",1024,683,true],"1536x1536":["http:\/\/magazineweb.com.ar\/wp-content\/uploads\/2024\/01\/vacunacion-fv-1536x1024.jpg",1536,1024,true],"2048x2048":["http:\/\/magazineweb.com.ar\/wp-content\/uploads\/2024\/01\/vacunacion-fv-2048x1365.jpg",2048,1365,true],"ultp_layout_landscape_large":["http:\/\/magazineweb.com.ar\/wp-content\/uploads\/2024\/01\/vacunacion-fv-1200x800.jpg",1200,800,true],"ultp_layout_landscape":["http:\/\/magazineweb.com.ar\/wp-content\/uploads\/2024\/01\/vacunacion-fv-870x570.jpg",870,570,true],"ultp_layout_portrait":["http:\/\/magazineweb.com.ar\/wp-content\/uploads\/2024\/01\/vacunacion-fv-600x900.jpg",600,900,true],"ultp_layout_square":["http:\/\/magazineweb.com.ar\/wp-content\/uploads\/2024\/01\/vacunacion-fv-600x600.jpg",600,600,true]},"rttpg_author":{"display_name":"Redacci\u00f3n Magazine Web","author_link":"http:\/\/magazineweb.com.ar\/?author=3"},"rttpg_comment":0,"rttpg_category":"<a href=\"http:\/\/magazineweb.com.ar\/?cat=16\" rel=\"category\">Salud y Medio Ambiente<\/a>","rttpg_excerpt":"La Comuna programa operativos de inmunizaci\u00f3n a la ciudadan\u00eda donde colocar\u00e1n dosis contra la Covid-19 y las aplicaciones pertenecientes al Calendario Nacional. Mediante la cartera sanitaria municipal, seleccionan puntos estrat\u00e9gicos&hellip;","_links":{"self":[{"href":"http:\/\/magazineweb.com.ar\/index.php?rest_route=\/wp\/v2\/posts\/4189","targetHints":{"allow":["GET"]}}],"collection":[{"href":"http:\/\/magazineweb.com.ar\/index.php?rest_route=\/wp\/v2\/posts"}],"about":[{"href":"http:\/\/magazineweb.com.ar\/index.php?rest_route=\/wp\/v2\/types\/post"}],"author":[{"embeddable":true,"href":"http:\/\/magazineweb.com.ar\/index.php?rest_route=\/wp\/v2\/users\/3"}],"replies":[{"embeddable":true,"href":"http:\/\/magazineweb.com.ar\/index.php?rest_route=%2Fwp%2Fv2%2Fcomments&post=4189"}],"version-history":[{"count":1,"href":"http:\/\/magazineweb.com.ar\/index.php?rest_route=\/wp\/v2\/posts\/4189\/revisions"}],"predecessor-version":[{"id":4191,"href":"http:\/\/magazineweb.com.ar\/index.php?rest_route=\/wp\/v2\/posts\/4189\/revisions\/4191"}],"wp:featuredmedia":[{"embeddable":true,"href":"http:\/\/magazineweb.com.ar\/index.php?rest_route=\/wp\/v2\/media\/4190"}],"wp:attachment":[{"href":"http:\/\/magazineweb.com.ar\/index.php?rest_route=%2Fwp%2Fv2%2Fmedia&parent=4189"}],"wp:term":[{"taxonomy":"category","embeddable":true,"href":"http:\/\/magazineweb.com.ar\/index.php?rest_route=%2Fwp%2Fv2%2Fcategories&post=4189"},{"taxonomy":"post_tag","embeddable":true,"href":"http:\/\/magazineweb.com.ar\/index.php?rest_route=%2Fwp%2Fv2%2Ftags&post=4189"}],"curies":[{"name":"wp","href":"https:\/\/api.w.org\/{rel}","templated":true}]}}