{"id":4228,"date":"2024-01-17T14:12:31","date_gmt":"2024-01-17T17:12:31","guid":{"rendered":"https:\/\/magazineweb.com.ar\/?p=4228"},"modified":"2024-01-17T14:22:17","modified_gmt":"2024-01-17T17:22:17","slug":"movimientos-sociales-realizan-una-jornada-nacional-de-lucha-en-visperas-del-paro-del-24","status":"publish","type":"post","link":"http:\/\/magazineweb.com.ar\/?p=4228","title":{"rendered":"Movimientos sociales realizan una jornada nacional de lucha en v\u00edsperas del paro del 24"},"content":{"rendered":"\n<p>Movimientos sociales y territoriales iniciaron una&nbsp;\u00abJornada nacional de lucha hacia el paro nacional del 24 de este mes\u00bb, que consiste en la realizaci\u00f3n de \u00abdistintas acciones en todo el pa\u00eds para frenar el ajuste del Gobierno\u00bb, entre las que se encuentran la realizaci\u00f3n de&nbsp;asambleas en distintos puntos de la Ciudad Aut\u00f3noma de Buenos Aires y la instalaci\u00f3n de radios abiertas en las estaciones Retiro, Once y Constituci\u00f3n.<\/p>\n\n\n\n<p>A las 10.30, comenzaron las actividades \u00abcon ollas vac\u00edas, asambleas y radios abiertas\u00bb con las cuales \u00abexponemos en las calles, en nuestros espacios y en las plazas de toda la Argentina nuestro rotundo rechazo al DNU (70\/2023) y al proyecto de ley \u00f3mnibus\u00bb, inform\u00f3 a T\u00e9lam la referente de Libres del Sur, Silvia Saravia.<\/p>\n\n\n\n<p>Los manifestantes, entre los que se encuentran el Movimiento Argentina Rebelde, el Frente Popular Dar\u00edo Santill\u00e1n y la Coordinadora por el Cambio Social, entre otras, a\u00f1adieron que \u00abfrente a esta nueva crisis,&nbsp;los sectores financieros y grandes empresarios buscan seguir acumulando riquezas aumentando la explotaci\u00f3n de la clase trabajadora\u00bb y consideraron que \u00abesa es la tarea fundamental del gobierno que encabeza (el presidente) Javier Milei\u00bb.<\/p>\n\n\n\n<p>Adem\u00e1s, remarcaron que \u00abel congelamiento del Potenciar Trabajo y la enorme inflaci\u00f3n, no hacen otra cosa que reproducir m\u00e1s violencias sobre nuestros barrios, fomentando las diferencias entre trabajadores, empobreci\u00e9ndonos a\u00fan m\u00e1s\u00bb.<\/p>\n\n\n\n<p>\u00abEl mensaje del gobierno es claro: vienen por nosotros, por los y las trabajadoras, por el saqueo de nuestros recursos naturales, y ojo con plantear cualquier resistencia a las medidas que solo buscan aumentar la concentraci\u00f3n de la riqueza en Argentina\u00bb, continuaron por lo cual insistieron en que \u00ab\u00a1Por nuestras condiciones de vida, el DNU no puede pasar!\u00bb as\u00ed como tampoco \u00ab\u00a1El ajuste salvaje sobre nuestros salarios!\u00bb por lo que se realizar\u00e1 la jornada nacional de lucha.<\/p>\n\n\n\n<p>Tambi\u00e9n est\u00e1n entre los firmantes el FeNaT-CTAA, Libres del Sur, el Movimiento Argentina Rebelde, el Frente de Organizaciones en Lucha, el Movimiento 8 de abril, el Movimiento Juana Azurduy, entre otros.<\/p>\n","protected":false},"excerpt":{"rendered":"<p>Movimientos sociales y territoriales iniciaron una&nbsp;\u00abJornada nacional de lucha hacia el paro nacional del 24 de este mes\u00bb, que consiste en la realizaci\u00f3n de \u00abdistintas acciones en todo el pa\u00eds&hellip;<\/p>\n","protected":false},"author":3,"featured_media":4229,"comment_status":"closed","ping_status":"closed","sticky":false,"template":"","format":"standard","meta":{"footnotes":""},"categories":[17],"tags":[],"class_list":["post-4228","post","type-post","status-publish","format-standard","has-post-thumbnail","hentry","category-nacional"],"rttpg_featured_image_url":{"full":["http:\/\/magazineweb.com.ar\/wp-content\/uploads\/2024\/01\/6585dafa5ed8b_1200.jpg",1200,675,false],"landscape":["http:\/\/magazineweb.com.ar\/wp-content\/uploads\/2024\/01\/6585dafa5ed8b_1200.jpg",1200,675,false],"portraits":["http:\/\/magazineweb.com.ar\/wp-content\/uploads\/2024\/01\/6585dafa5ed8b_1200.jpg",1200,675,false],"thumbnail":["http:\/\/magazineweb.com.ar\/wp-content\/uploads\/2024\/01\/6585dafa5ed8b_1200-150x150.jpg",150,150,true],"medium":["http:\/\/magazineweb.com.ar\/wp-content\/uploads\/2024\/01\/6585dafa5ed8b_1200-300x169.jpg",300,169,true],"large":["http:\/\/magazineweb.com.ar\/wp-content\/uploads\/2024\/01\/6585dafa5ed8b_1200-1024x576.jpg",1024,576,true],"1536x1536":["http:\/\/magazineweb.com.ar\/wp-content\/uploads\/2024\/01\/6585dafa5ed8b_1200.jpg",1200,675,false],"2048x2048":["http:\/\/magazineweb.com.ar\/wp-content\/uploads\/2024\/01\/6585dafa5ed8b_1200.jpg",1200,675,false],"ultp_layout_landscape_large":["http:\/\/magazineweb.com.ar\/wp-content\/uploads\/2024\/01\/6585dafa5ed8b_1200.jpg",1200,675,false],"ultp_layout_landscape":["http:\/\/magazineweb.com.ar\/wp-content\/uploads\/2024\/01\/6585dafa5ed8b_1200-870x570.jpg",870,570,true],"ultp_layout_portrait":["http:\/\/magazineweb.com.ar\/wp-content\/uploads\/2024\/01\/6585dafa5ed8b_1200-600x675.jpg",600,675,true],"ultp_layout_square":["http:\/\/magazineweb.com.ar\/wp-content\/uploads\/2024\/01\/6585dafa5ed8b_1200-600x600.jpg",600,600,true]},"rttpg_author":{"display_name":"Redacci\u00f3n Magazine Web","author_link":"http:\/\/magazineweb.com.ar\/?author=3"},"rttpg_comment":0,"rttpg_category":"<a href=\"http:\/\/magazineweb.com.ar\/?cat=17\" rel=\"category\">Nacional<\/a>","rttpg_excerpt":"Movimientos sociales y territoriales iniciaron una&nbsp;\u00abJornada nacional de lucha hacia el paro nacional del 24 de este mes\u00bb, que consiste en la realizaci\u00f3n de \u00abdistintas acciones en todo el pa\u00eds&hellip;","_links":{"self":[{"href":"http:\/\/magazineweb.com.ar\/index.php?rest_route=\/wp\/v2\/posts\/4228","targetHints":{"allow":["GET"]}}],"collection":[{"href":"http:\/\/magazineweb.com.ar\/index.php?rest_route=\/wp\/v2\/posts"}],"about":[{"href":"http:\/\/magazineweb.com.ar\/index.php?rest_route=\/wp\/v2\/types\/post"}],"author":[{"embeddable":true,"href":"http:\/\/magazineweb.com.ar\/index.php?rest_route=\/wp\/v2\/users\/3"}],"replies":[{"embeddable":true,"href":"http:\/\/magazineweb.com.ar\/index.php?rest_route=%2Fwp%2Fv2%2Fcomments&post=4228"}],"version-history":[{"count":2,"href":"http:\/\/magazineweb.com.ar\/index.php?rest_route=\/wp\/v2\/posts\/4228\/revisions"}],"predecessor-version":[{"id":4231,"href":"http:\/\/magazineweb.com.ar\/index.php?rest_route=\/wp\/v2\/posts\/4228\/revisions\/4231"}],"wp:featuredmedia":[{"embeddable":true,"href":"http:\/\/magazineweb.com.ar\/index.php?rest_route=\/wp\/v2\/media\/4229"}],"wp:attachment":[{"href":"http:\/\/magazineweb.com.ar\/index.php?rest_route=%2Fwp%2Fv2%2Fmedia&parent=4228"}],"wp:term":[{"taxonomy":"category","embeddable":true,"href":"http:\/\/magazineweb.com.ar\/index.php?rest_route=%2Fwp%2Fv2%2Fcategories&post=4228"},{"taxonomy":"post_tag","embeddable":true,"href":"http:\/\/magazineweb.com.ar\/index.php?rest_route=%2Fwp%2Fv2%2Ftags&post=4228"}],"curies":[{"name":"wp","href":"https:\/\/api.w.org\/{rel}","templated":true}]}}