{"id":4268,"date":"2024-01-18T06:45:00","date_gmt":"2024-01-18T09:45:00","guid":{"rendered":"https:\/\/magazineweb.com.ar\/?p=4268"},"modified":"2024-01-18T07:42:42","modified_gmt":"2024-01-18T10:42:42","slug":"gobernadores-legisladores-gremios-e-intendentes-de-uxp-se-reunen-para-fijar-estrategia","status":"publish","type":"post","link":"http:\/\/magazineweb.com.ar\/?p=4268","title":{"rendered":"Gobernadores, legisladores, gremios e intendentes de UxP se re\u00fanen para fijar estrategia"},"content":{"rendered":"\n<p>Gobernadores, legisladores, gremios e intendentes de&nbsp;Uni\u00f3n por la Patria (UxP)&nbsp;se reunir\u00e1n este jueves para fijar posici\u00f3n ante el debate en el Congreso por la&nbsp;ley &#8216;Bases&#8217;&nbsp;y para definir un modo de participaci\u00f3n en el&nbsp;paro&nbsp;y movilizaci\u00f3n que la&nbsp;CGT&nbsp;llevar\u00e1 adelante el 24 de enero.<\/p>\n\n\n\n<p>As\u00ed lo indicaron fuentes de&nbsp;UxP, que anticiparon que el encuentro congregar\u00e1 a mandatarios provinciales, representantes legislativos, gremios de la&nbsp;CGT, intendentes del PJ y movimientos sociales, entre otros sectores.<\/p>\n\n\n\n<p>Si bien todav\u00eda no est\u00e1 definida la hora ni el lugar de la cita, algunas fuentes se\u00f1alaron que el mit\u00edn podr\u00eda llevarse a cabo en&nbsp;La Plata, en la sede de la Gobernaci\u00f3n bonaerense, el mismo lugar donde el mandatario anfitri\u00f3n,&nbsp;Axel Kicillof, hab\u00eda convocado en diciembre pasado a referentes de&nbsp;UxP&nbsp;para hacer una manifestaci\u00f3n de rechazo al&nbsp;DNU&nbsp;de desregulaci\u00f3n econ\u00f3mica anunciado por el presidente&nbsp;Javier Milei.<\/p>\n\n\n\n<p>Entre los referentes confirmados asistir\u00e1 el jefe del bloque de diputados de&nbsp;UxP,&nbsp;Germ\u00e1n Mart\u00ednez, y el dirigente de Patria Grande y exprecandidato presidencial&nbsp;Juan Grabois.&nbsp;<\/p>\n\n\n\n<p>El lunes \u00faltimo, al reunirse con diputados de&nbsp;UxP&nbsp;en el Congreso,&nbsp;Kicillof&nbsp;hab\u00eda anticipado su intenci\u00f3n de plasmar una reuni\u00f3n conjunta con gobernadores y legisladores del peronismo y aliados para definir una estrategia de rechazo a las iniciativas impulsadas por el Gobierno, mientras el debate parlamentario por la&nbsp;ley \u00abBases\u00bb&nbsp;avanza en el plenario de comisiones de la C\u00e1mara baja.<\/p>\n\n\n\n<p>\u00abMa\u00f1ana (por el jueves) vamos a ver las instancias en el Congreso por la&nbsp;ley &#8216;\u00f3mnibus&#8217; y el DNU, y tambi\u00e9n la marcha de la&nbsp;CGT\u00bb, hab\u00edan anticipado a esta agencia fuentes cercanas a uno de los gobernadores del PJ.<\/p>\n\n\n\n<p>Si bien hasta ahora el peronismo hab\u00eda dado libertad de acci\u00f3n para los dirigentes que quisieran participar de manera inorg\u00e1nica de la movilizaci\u00f3n de la&nbsp;CGT&nbsp;del 24 de enero, tampoco puede descartarse que se resuelva una modalidad de intervenci\u00f3n conjunta en la jornada de protesta.<\/p>\n\n\n\n<p>Por otro lado, y como parte del mismo rechazo a la&nbsp;ley \u00abBases\u00bb, la conocida como \u00abJunta de Gobernadores\u00bb de la&nbsp;Organizaci\u00f3n Federal de Estados Productores de Hidrocarburos (Ofephi)&nbsp;pidi\u00f3 cambios en los art\u00edculos vinculados a la producci\u00f3n de hidrocarburos de esa normativa, en defensa del \u00abdominio originario de las provincias sobre los recursos hidrocarbur\u00edferos situados en nuestros territorios y las facultades de administraci\u00f3n sobre los mismos\u00bb.<\/p>\n\n\n\n<p>Los gobernadores y representantes de las provincias de&nbsp;Chubut, Formosa, Jujuy, La Pampa, Mendoza, Neuqu\u00e9n, R\u00edo Negro, Salta, Santa Cruz y Tierra del Fuego&nbsp;se reunieron este mi\u00e9rcoles en la ciudad de Buenos Aires para efectuar esa declaraci\u00f3n, y algunos de ellos, los que pertenecen a UxP, podr\u00edan estar en la reuni\u00f3n convocada por&nbsp;Kicillof.<\/p>\n","protected":false},"excerpt":{"rendered":"<p>Gobernadores, legisladores, gremios e intendentes de&nbsp;Uni\u00f3n por la Patria (UxP)&nbsp;se reunir\u00e1n este jueves para fijar posici\u00f3n ante el debate en el Congreso por la&nbsp;ley &#8216;Bases&#8217;&nbsp;y para definir un modo de&hellip;<\/p>\n","protected":false},"author":3,"featured_media":4269,"comment_status":"closed","ping_status":"closed","sticky":false,"template":"","format":"standard","meta":{"footnotes":""},"categories":[17],"tags":[],"class_list":["post-4268","post","type-post","status-publish","format-standard","has-post-thumbnail","hentry","category-nacional"],"rttpg_featured_image_url":{"full":["http:\/\/magazineweb.com.ar\/wp-content\/uploads\/2024\/01\/658619869b451_1200.jpg",1200,675,false],"landscape":["http:\/\/magazineweb.com.ar\/wp-content\/uploads\/2024\/01\/658619869b451_1200.jpg",1200,675,false],"portraits":["http:\/\/magazineweb.com.ar\/wp-content\/uploads\/2024\/01\/658619869b451_1200.jpg",1200,675,false],"thumbnail":["http:\/\/magazineweb.com.ar\/wp-content\/uploads\/2024\/01\/658619869b451_1200-150x150.jpg",150,150,true],"medium":["http:\/\/magazineweb.com.ar\/wp-content\/uploads\/2024\/01\/658619869b451_1200-300x169.jpg",300,169,true],"large":["http:\/\/magazineweb.com.ar\/wp-content\/uploads\/2024\/01\/658619869b451_1200-1024x576.jpg",1024,576,true],"1536x1536":["http:\/\/magazineweb.com.ar\/wp-content\/uploads\/2024\/01\/658619869b451_1200.jpg",1200,675,false],"2048x2048":["http:\/\/magazineweb.com.ar\/wp-content\/uploads\/2024\/01\/658619869b451_1200.jpg",1200,675,false],"ultp_layout_landscape_large":["http:\/\/magazineweb.com.ar\/wp-content\/uploads\/2024\/01\/658619869b451_1200.jpg",1200,675,false],"ultp_layout_landscape":["http:\/\/magazineweb.com.ar\/wp-content\/uploads\/2024\/01\/658619869b451_1200-870x570.jpg",870,570,true],"ultp_layout_portrait":["http:\/\/magazineweb.com.ar\/wp-content\/uploads\/2024\/01\/658619869b451_1200-600x675.jpg",600,675,true],"ultp_layout_square":["http:\/\/magazineweb.com.ar\/wp-content\/uploads\/2024\/01\/658619869b451_1200-600x600.jpg",600,600,true]},"rttpg_author":{"display_name":"Redacci\u00f3n Magazine Web","author_link":"http:\/\/magazineweb.com.ar\/?author=3"},"rttpg_comment":0,"rttpg_category":"<a href=\"http:\/\/magazineweb.com.ar\/?cat=17\" rel=\"category\">Nacional<\/a>","rttpg_excerpt":"Gobernadores, legisladores, gremios e intendentes de&nbsp;Uni\u00f3n por la Patria (UxP)&nbsp;se reunir\u00e1n este jueves para fijar posici\u00f3n ante el debate en el Congreso por la&nbsp;ley &#8216;Bases&#8217;&nbsp;y para definir un modo de&hellip;","_links":{"self":[{"href":"http:\/\/magazineweb.com.ar\/index.php?rest_route=\/wp\/v2\/posts\/4268","targetHints":{"allow":["GET"]}}],"collection":[{"href":"http:\/\/magazineweb.com.ar\/index.php?rest_route=\/wp\/v2\/posts"}],"about":[{"href":"http:\/\/magazineweb.com.ar\/index.php?rest_route=\/wp\/v2\/types\/post"}],"author":[{"embeddable":true,"href":"http:\/\/magazineweb.com.ar\/index.php?rest_route=\/wp\/v2\/users\/3"}],"replies":[{"embeddable":true,"href":"http:\/\/magazineweb.com.ar\/index.php?rest_route=%2Fwp%2Fv2%2Fcomments&post=4268"}],"version-history":[{"count":1,"href":"http:\/\/magazineweb.com.ar\/index.php?rest_route=\/wp\/v2\/posts\/4268\/revisions"}],"predecessor-version":[{"id":4270,"href":"http:\/\/magazineweb.com.ar\/index.php?rest_route=\/wp\/v2\/posts\/4268\/revisions\/4270"}],"wp:featuredmedia":[{"embeddable":true,"href":"http:\/\/magazineweb.com.ar\/index.php?rest_route=\/wp\/v2\/media\/4269"}],"wp:attachment":[{"href":"http:\/\/magazineweb.com.ar\/index.php?rest_route=%2Fwp%2Fv2%2Fmedia&parent=4268"}],"wp:term":[{"taxonomy":"category","embeddable":true,"href":"http:\/\/magazineweb.com.ar\/index.php?rest_route=%2Fwp%2Fv2%2Fcategories&post=4268"},{"taxonomy":"post_tag","embeddable":true,"href":"http:\/\/magazineweb.com.ar\/index.php?rest_route=%2Fwp%2Fv2%2Ftags&post=4268"}],"curies":[{"name":"wp","href":"https:\/\/api.w.org\/{rel}","templated":true}]}}