{"id":4302,"date":"2024-01-24T01:05:00","date_gmt":"2024-01-24T04:05:00","guid":{"rendered":"https:\/\/magazineweb.com.ar\/?p=4302"},"modified":"2024-01-23T19:15:30","modified_gmt":"2024-01-23T22:15:30","slug":"demichelis-arranco-con-los-trabajos-para-reemplazar-a-lanzini","status":"publish","type":"post","link":"http:\/\/magazineweb.com.ar\/?p=4302","title":{"rendered":"Demichelis arranc\u00f3 con los trabajos para reemplazar a Lanzini"},"content":{"rendered":"\n<p>El entrenador de River Plate, Mart\u00edn Demichelis, comenz\u00f3 ayer la semana de trabajo con la mira puesta en reemplazar a Manuel Lanzini, desgarrado de cara al inicio de la Copa de la Liga el domingo pr\u00f3ximo desde las 19 en el M\u00e1s Monumental ante Argentinos Juniors.<\/p>\n\n\n\n<p>Lanzini, quien iba a ser titular en esta temporada, sufri\u00f3 un desgarro en el b\u00edceps femoral derecho durante el amistoso ante Pachuca de M\u00e9xico y le cambi\u00f3 el panorama al entrenador que desde ayer, en la vuelta a los entrenamientos, debe encontrar el mejor reemplazo.<\/p>\n\n\n\n<p>Si bien todos los argumentos apuntan a Rodrigo Aliendro, que ocup\u00f3 ese lugar de volante interno, a la izquierda de Mat\u00edas Kranevitter, las caracter\u00edsticas son diferentes y quiz\u00e1 deba retocar el sistema que viene usando con un rombo en la zona media.<\/p>\n\n\n\n<p>La idea del DT para este equipo es jugar en la zona media con un volante central delante de la l\u00ednea de cuatro como lo es Kranevitter, con dos volantes internos cerca -Ignacio Fern\u00e1ndez y Lanzini- y la punta del rombo con un enganche, Esequiel Barco.<\/p>\n\n\n\n<p>Las lesiones de Lanzini, Santiago Sim\u00f3n y Gonzalo \u00abPity\u00bb Mart\u00ednez o Milton Casco, m\u00e1s la ausencia de Claudio Echeverri (en el Preol\u00ecmpico), deja al entrenador sin alternativas para esa zona, por eso en estas horas se definir\u00e1 por Aliendro o Agust\u00edn Palavecino.<\/p>\n\n\n\n<p>Palavecino ingres\u00f3 en los amistoso de suplente en lugar de Nacho Fern\u00e1ndez pero su situaci\u00f3n en el mercado de pases -sigue en la \u00f3rbita del Inter de Miami con chances de irse- lo aleja de la posibilidad de jugar desde el arranque.<\/p>\n\n\n\n<p>En el resto del equipo, Demichelis tiene certezas y m\u00e1s variantes. En la defensa, por ejemplo, van a jugar Andr\u00e9s Herrera, Leandro Gonz\u00e1lez P\u00edrez, Paulo D\u00edaz y Enzo D\u00edaz, con Ramiro Funes Mori y David Mart\u00ednez en el banco de suplentes. Franco Armani ser\u00e1 arquero y capit\u00e1n.<\/p>\n\n\n\n<p>Mientras tanto, en la dupla ofensiva van a jugar Facundo Colidio y Miguel Borja y quedar\u00e1n como alternativas de suplentes los juveniles Agust\u00edn Ruberto, Ian Subiabre y Franco Mastantuono.<\/p>\n\n\n\n<p>Lo que se sabe, en el inicio de la semana, es que la lista de concentrados tendr\u00e1 a todos los juveniles mencionados, a los que se va a sumar el lateral Daniel Zabala. En tanto, hay que seguir la evoluci\u00f3n del volante Tob\u00edas Leiva, con un golpe en la rodilla.<\/p>\n\n\n\n<p>En estos momentos, River tiene 11 jugadores titulares, m\u00e1s Centuri\u00f3n, Funes Mori, Nicol\u00e1s Fonseca, Mart\u00ednez y Palavecino. Son 16 nombres de un plantel castigado por las lesiones y las ausencias de Sebasti\u00e1n Boselli, Pablo Solari y Echeverri, todos en el Preol\u00edmpico Sub 23.<\/p>\n\n\n\n<p>Por esta raz\u00f3n, la dirigencia inici\u00f3 gestiones para reforzar el equipo con el delantero Jos\u00e9 L\u00f3pez, que quiere irse de Palmeiras, con el uruguayo del sub 20 Luciano Rodr\u00edguez -juega en Liverpool- y el volante de Talleres, Rodrigo Villagra, m\u00e1s un lateral.<\/p>\n\n\n\n<p>Con este panorama, el equipo se entren\u00f3 ayer por la ma\u00f1ana en el River Camp donde hubo trabajos de activaci\u00f3n f\u00edsica con pelota y tareas diferenciadas para los lesionados Casco, Sim\u00f3n y Lanzini.<\/p>\n\n\n\n<p>En cuanto al \u00abPity\u00bb Mart\u00ednez, en estas horas va a ser operado en Espa\u00f1a de la rotura de ligamentos cruzado de la rodilla izquierda para iniciar una rehabilitaci\u00f3n que posiblemente le haga perderse toda la temporada porque ya viene de la misma lesi\u00f3n.<\/p>\n\n\n\n<p>Los dirigidos por Demichelis trabajar\u00e1n hasta el viernes, para luego quedar concentrados el s\u00e1bado en el estadio en la previa de una semana con tres partidos de la Copa de la Liga: el domingo ante Argentinos, el mi\u00e9rcoles que viene ante Barracas y luego frente a V\u00e9lez.<\/p>\n\n\n\n<p>En otro orden, se espera para el domingo nuevamente que se agoten las entradas por 42\u00aa vez consecutiva y el jueves cuando se termine el canje de los lugares se sabr\u00e1 si salen a la venta lugares para socios.<\/p>\n\n\n\n<p>Esta semana, en horas se agotaron los abonos del sistema de Tu Lugar en el Monumental que se hab\u00edan liberado y en estos d\u00edas saldr\u00e1n a la venta y el canje para el resto de los sistemas que viene usando el club.<\/p>\n\n\n\n<p>Por \u00faltimo, el estadio va a estrenar los estacionamientos nuevos, con m\u00e1s de mil nuevos espacios con conexi\u00f3n directa a las plateas y al palco San Mart\u00edn, y se ver\u00e1 la recuperaci\u00f3n del campo de juego que no pudo usarse a fines del a\u00f1o pasado por los recitales. <\/p>\n","protected":false},"excerpt":{"rendered":"<p>El entrenador de River Plate, Mart\u00edn Demichelis, comenz\u00f3 ayer la semana de trabajo con la mira puesta en reemplazar a Manuel Lanzini, desgarrado de cara al inicio de la Copa&hellip;<\/p>\n","protected":false},"author":3,"featured_media":4303,"comment_status":"closed","ping_status":"closed","sticky":false,"template":"","format":"standard","meta":{"footnotes":""},"categories":[3],"tags":[],"class_list":["post-4302","post","type-post","status-publish","format-standard","has-post-thumbnail","hentry","category-deportes"],"rttpg_featured_image_url":{"full":["http:\/\/magazineweb.com.ar\/wp-content\/uploads\/2024\/01\/64343621834d1_1200.jpg",1200,675,false],"landscape":["http:\/\/magazineweb.com.ar\/wp-content\/uploads\/2024\/01\/64343621834d1_1200.jpg",1200,675,false],"portraits":["http:\/\/magazineweb.com.ar\/wp-content\/uploads\/2024\/01\/64343621834d1_1200.jpg",1200,675,false],"thumbnail":["http:\/\/magazineweb.com.ar\/wp-content\/uploads\/2024\/01\/64343621834d1_1200-150x150.jpg",150,150,true],"medium":["http:\/\/magazineweb.com.ar\/wp-content\/uploads\/2024\/01\/64343621834d1_1200-300x169.jpg",300,169,true],"large":["http:\/\/magazineweb.com.ar\/wp-content\/uploads\/2024\/01\/64343621834d1_1200-1024x576.jpg",1024,576,true],"1536x1536":["http:\/\/magazineweb.com.ar\/wp-content\/uploads\/2024\/01\/64343621834d1_1200.jpg",1200,675,false],"2048x2048":["http:\/\/magazineweb.com.ar\/wp-content\/uploads\/2024\/01\/64343621834d1_1200.jpg",1200,675,false],"ultp_layout_landscape_large":["http:\/\/magazineweb.com.ar\/wp-content\/uploads\/2024\/01\/64343621834d1_1200.jpg",1200,675,false],"ultp_layout_landscape":["http:\/\/magazineweb.com.ar\/wp-content\/uploads\/2024\/01\/64343621834d1_1200-870x570.jpg",870,570,true],"ultp_layout_portrait":["http:\/\/magazineweb.com.ar\/wp-content\/uploads\/2024\/01\/64343621834d1_1200-600x675.jpg",600,675,true],"ultp_layout_square":["http:\/\/magazineweb.com.ar\/wp-content\/uploads\/2024\/01\/64343621834d1_1200-600x600.jpg",600,600,true]},"rttpg_author":{"display_name":"Redacci\u00f3n Magazine Web","author_link":"http:\/\/magazineweb.com.ar\/?author=3"},"rttpg_comment":0,"rttpg_category":"<a href=\"http:\/\/magazineweb.com.ar\/?cat=3\" rel=\"category\">Deportes<\/a>","rttpg_excerpt":"El entrenador de River Plate, Mart\u00edn Demichelis, comenz\u00f3 ayer la semana de trabajo con la mira puesta en reemplazar a Manuel Lanzini, desgarrado de cara al inicio de la Copa&hellip;","_links":{"self":[{"href":"http:\/\/magazineweb.com.ar\/index.php?rest_route=\/wp\/v2\/posts\/4302","targetHints":{"allow":["GET"]}}],"collection":[{"href":"http:\/\/magazineweb.com.ar\/index.php?rest_route=\/wp\/v2\/posts"}],"about":[{"href":"http:\/\/magazineweb.com.ar\/index.php?rest_route=\/wp\/v2\/types\/post"}],"author":[{"embeddable":true,"href":"http:\/\/magazineweb.com.ar\/index.php?rest_route=\/wp\/v2\/users\/3"}],"replies":[{"embeddable":true,"href":"http:\/\/magazineweb.com.ar\/index.php?rest_route=%2Fwp%2Fv2%2Fcomments&post=4302"}],"version-history":[{"count":1,"href":"http:\/\/magazineweb.com.ar\/index.php?rest_route=\/wp\/v2\/posts\/4302\/revisions"}],"predecessor-version":[{"id":4304,"href":"http:\/\/magazineweb.com.ar\/index.php?rest_route=\/wp\/v2\/posts\/4302\/revisions\/4304"}],"wp:featuredmedia":[{"embeddable":true,"href":"http:\/\/magazineweb.com.ar\/index.php?rest_route=\/wp\/v2\/media\/4303"}],"wp:attachment":[{"href":"http:\/\/magazineweb.com.ar\/index.php?rest_route=%2Fwp%2Fv2%2Fmedia&parent=4302"}],"wp:term":[{"taxonomy":"category","embeddable":true,"href":"http:\/\/magazineweb.com.ar\/index.php?rest_route=%2Fwp%2Fv2%2Fcategories&post=4302"},{"taxonomy":"post_tag","embeddable":true,"href":"http:\/\/magazineweb.com.ar\/index.php?rest_route=%2Fwp%2Fv2%2Ftags&post=4302"}],"curies":[{"name":"wp","href":"https:\/\/api.w.org\/{rel}","templated":true}]}}