{"id":4305,"date":"2024-01-24T01:06:00","date_gmt":"2024-01-24T04:06:00","guid":{"rendered":"https:\/\/magazineweb.com.ar\/?p=4305"},"modified":"2024-01-23T19:26:01","modified_gmt":"2024-01-23T22:26:01","slug":"union-intenta-levantar-su-inhibicion-en-fifa-para-utilizar-los-refuerzos-ante-racing","status":"publish","type":"post","link":"http:\/\/magazineweb.com.ar\/?p=4305","title":{"rendered":"Uni\u00f3n intenta levantar su inhibici\u00f3n en FIFA para utilizar los refuerzos ante Racing"},"content":{"rendered":"\n<p>La dirigencia de Uni\u00f3n de Santa Fe trabaja en los tr\u00e1mites necesarios para levantar la inhibici\u00f3n que pesa sobre el club en la FIFA, con el objetivo de poder utilizar los refuerzos en su debut en la Copa de la Liga, previsto para el pr\u00f3ximo s\u00e1bado ante Racing Club.<\/p>\n\n\n\n<p>Se trata de deudas con Deportivo Capiat\u00e1 de Paraguay, por el 60% del pase de Junior Marabel (560.000 d\u00f3lares), con Independiente Medell\u00edn de Colombia por el pr\u00e9stamo de Bryan Castrill\u00f3n (65.000) y con Deportivo Itapuense de Encarnaci\u00f3n, Misiones, por derechos de formaci\u00f3n de Juan Carlos Portillo (32.000 d\u00f3lares).<\/p>\n\n\n\n<p>A esos valores deben sum\u00e1rsele los intereses, por lo que el monto total supera los 700.000 d\u00f3lares.<br>El tesorero de Uni\u00f3n, Jorge Ciceri, indic\u00f3 a la prensa local que \u00abel club tiene la plata y el presidente (Luis Spahn) est\u00e1 trabajando desde hace mucho para solucionar el tema\u00bb.<\/p>\n\n\n\n<p>El dirigente sostuvo que \u00abuna vez que llegue el dinero al club que present\u00f3 la inhibici\u00f3n, una vez que est\u00e1 el dinero en sus arcas, haciendo el informe a las v\u00edas que tiene que ser, se tiene que levantar la inhibici\u00f3n\u00bb.<\/p>\n\n\n\n<p>De todas formas, aclar\u00f3 que el tr\u00e1mite tiene sus tiempos estipulados, por lo que una vez acreditado el pago \u00abla inhibici\u00f3n se tiene que levantar en 24 o 48 horas\u00bb.<\/p>\n\n\n\n<p>Hasta tanto la FIFA no comunique que la inhibici\u00f3n queda sin efecto, el entrenador Cristian \u00abKily\u00bb Gonz\u00e1lez no podr\u00e1 incluir a los refuerzos, que hasta el momento son Adri\u00e1n Balboa, Thiago Cardozo, Valent\u00edn Fascendini, Bruno y Mauro Pitt\u00f3n, Miguel Torr\u00e9n, Lucas Gamba y Sim\u00f3n Rivero. <\/p>\n","protected":false},"excerpt":{"rendered":"<p>La dirigencia de Uni\u00f3n de Santa Fe trabaja en los tr\u00e1mites necesarios para levantar la inhibici\u00f3n que pesa sobre el club en la FIFA, con el objetivo de poder utilizar&hellip;<\/p>\n","protected":false},"author":3,"featured_media":4306,"comment_status":"closed","ping_status":"closed","sticky":false,"template":"","format":"standard","meta":{"footnotes":""},"categories":[3],"tags":[],"class_list":["post-4305","post","type-post","status-publish","format-standard","has-post-thumbnail","hentry","category-deportes"],"rttpg_featured_image_url":{"full":["http:\/\/magazineweb.com.ar\/wp-content\/uploads\/2024\/01\/Estadio-011.jpg",2048,1536,false],"landscape":["http:\/\/magazineweb.com.ar\/wp-content\/uploads\/2024\/01\/Estadio-011.jpg",2048,1536,false],"portraits":["http:\/\/magazineweb.com.ar\/wp-content\/uploads\/2024\/01\/Estadio-011.jpg",2048,1536,false],"thumbnail":["http:\/\/magazineweb.com.ar\/wp-content\/uploads\/2024\/01\/Estadio-011-150x150.jpg",150,150,true],"medium":["http:\/\/magazineweb.com.ar\/wp-content\/uploads\/2024\/01\/Estadio-011-300x225.jpg",300,225,true],"large":["http:\/\/magazineweb.com.ar\/wp-content\/uploads\/2024\/01\/Estadio-011-1024x768.jpg",1024,768,true],"1536x1536":["http:\/\/magazineweb.com.ar\/wp-content\/uploads\/2024\/01\/Estadio-011-1536x1152.jpg",1536,1152,true],"2048x2048":["http:\/\/magazineweb.com.ar\/wp-content\/uploads\/2024\/01\/Estadio-011.jpg",2048,1536,false],"ultp_layout_landscape_large":["http:\/\/magazineweb.com.ar\/wp-content\/uploads\/2024\/01\/Estadio-011-1200x800.jpg",1200,800,true],"ultp_layout_landscape":["http:\/\/magazineweb.com.ar\/wp-content\/uploads\/2024\/01\/Estadio-011-870x570.jpg",870,570,true],"ultp_layout_portrait":["http:\/\/magazineweb.com.ar\/wp-content\/uploads\/2024\/01\/Estadio-011-600x900.jpg",600,900,true],"ultp_layout_square":["http:\/\/magazineweb.com.ar\/wp-content\/uploads\/2024\/01\/Estadio-011-600x600.jpg",600,600,true]},"rttpg_author":{"display_name":"Redacci\u00f3n Magazine Web","author_link":"http:\/\/magazineweb.com.ar\/?author=3"},"rttpg_comment":0,"rttpg_category":"<a href=\"http:\/\/magazineweb.com.ar\/?cat=3\" rel=\"category\">Deportes<\/a>","rttpg_excerpt":"La dirigencia de Uni\u00f3n de Santa Fe trabaja en los tr\u00e1mites necesarios para levantar la inhibici\u00f3n que pesa sobre el club en la FIFA, con el objetivo de poder utilizar&hellip;","_links":{"self":[{"href":"http:\/\/magazineweb.com.ar\/index.php?rest_route=\/wp\/v2\/posts\/4305","targetHints":{"allow":["GET"]}}],"collection":[{"href":"http:\/\/magazineweb.com.ar\/index.php?rest_route=\/wp\/v2\/posts"}],"about":[{"href":"http:\/\/magazineweb.com.ar\/index.php?rest_route=\/wp\/v2\/types\/post"}],"author":[{"embeddable":true,"href":"http:\/\/magazineweb.com.ar\/index.php?rest_route=\/wp\/v2\/users\/3"}],"replies":[{"embeddable":true,"href":"http:\/\/magazineweb.com.ar\/index.php?rest_route=%2Fwp%2Fv2%2Fcomments&post=4305"}],"version-history":[{"count":1,"href":"http:\/\/magazineweb.com.ar\/index.php?rest_route=\/wp\/v2\/posts\/4305\/revisions"}],"predecessor-version":[{"id":4307,"href":"http:\/\/magazineweb.com.ar\/index.php?rest_route=\/wp\/v2\/posts\/4305\/revisions\/4307"}],"wp:featuredmedia":[{"embeddable":true,"href":"http:\/\/magazineweb.com.ar\/index.php?rest_route=\/wp\/v2\/media\/4306"}],"wp:attachment":[{"href":"http:\/\/magazineweb.com.ar\/index.php?rest_route=%2Fwp%2Fv2%2Fmedia&parent=4305"}],"wp:term":[{"taxonomy":"category","embeddable":true,"href":"http:\/\/magazineweb.com.ar\/index.php?rest_route=%2Fwp%2Fv2%2Fcategories&post=4305"},{"taxonomy":"post_tag","embeddable":true,"href":"http:\/\/magazineweb.com.ar\/index.php?rest_route=%2Fwp%2Fv2%2Ftags&post=4305"}],"curies":[{"name":"wp","href":"https:\/\/api.w.org\/{rel}","templated":true}]}}