{"id":4308,"date":"2024-01-24T01:07:00","date_gmt":"2024-01-24T04:07:00","guid":{"rendered":"https:\/\/magazineweb.com.ar\/?p=4308"},"modified":"2024-01-23T19:44:35","modified_gmt":"2024-01-23T22:44:35","slug":"argentina-juega-ante-peru-con-la-necesidad-de-ganar-en-el-torneo-preolimpico","status":"publish","type":"post","link":"http:\/\/magazineweb.com.ar\/?p=4308","title":{"rendered":"Argentina juega ante Per\u00fa con la necesidad de ganar en el torneo Preol\u00edmpico"},"content":{"rendered":"\n<p>El seleccionado argentino de f\u00fatbol Sub 23, dirigido por Javier Manscherano, que debut\u00f3 con un ag\u00f3nico empate ante Paraguay, jugar\u00e1 este mi\u00e9rcoles ante Per\u00fa por la segunda fecha de la Zona B del Preol\u00edmpico de Venezuela, que otorga dos cupos para los Juegos Ol\u00edmpicos de Par\u00eds 2024.<\/p>\n\n\n\n<p>El encuentro se jugar\u00e1 en el Polideportivo Misael Delgado, en la ciudad de Valencia, desde las 20 (hora de Argentina) y ser\u00e1 televisado por DSports y TyC Sports.<\/p>\n\n\n\n<p>Previamente, a las 17, debutar\u00e1 Uruguay, dirigido por Marcelo Bielsa, ante Paraguay, en el mismo escenario, y se podr\u00e1 ver por la se\u00f1al DSports.<\/p>\n\n\n\n<p>Argentina rescat\u00f3 una ag\u00f3nica igualdad ante Paraguay en el debut -con un gol de Luciano Gondou- en un partido que fue sufrido por el equipo de Mascherano, que reci\u00e9n mostr\u00f3 su mejor versi\u00f3n cuando el DT se decidi\u00f3 por realizar significativos cambios.<\/p>\n\n\n\n<p>Fueron fundamentales los ingresos de Claudio \u00abDiablito\u00bb Echeverri -quien logr\u00f3 desnivelar a la dura defensa guaran\u00ed en base a velocidad y habilidad-; de Federico Redondo en el mediocampo; y el aporte goleador de Gondou.<\/p>\n\n\n\n<p>Argentina, antes de esas variantes, fue un equipo sin sorpresa en el medio juego, con escasa presi\u00f3n ante la salida del adversario y con una defensa que nunca dio una s\u00f3lida imagen, en especial cuando sus marcadores de punta, Joaqu\u00edn Garc\u00eda y Valent\u00edn Barco, pasaron al ataque y no hubo relevos.<\/p>\n\n\n\n<p>La zona media argentina no cont\u00f3 con el juego que se esperaba por parte del campe\u00f3n mundial Thiago Almada, ni tampoco aport\u00f3 Cristian Medina, siendo uno de los puntos m\u00e1s altos el arquero boquense Leandro Brey.<\/p>\n\n\n\n<p>Este certamen no permite resbalones: solo los dos primeros de cada zona avanzar\u00e1n al cuadrangular final en donde se decidir\u00e1n los dos pases para Par\u00eds 2024.<\/p>\n\n\n\n<p>Argentina resign\u00f3 dos puntos en el debut, le restan nueve por jugar y tres de ellos ante Uruguay, el adversario m\u00e1s fuerte, por lo tanto un triunfo ante Per\u00fa ser\u00e1 imprescindible.<\/p>\n\n\n\n<p>Per\u00fa, dirigido por Jos\u00e9 Guillermo Del Solar, gan\u00f3 1-0 un partido muy duro ante Chile con gol de Franchesco Flores. Su figura fue el arquero de Universitario de Lima, Diego Romero, y termin\u00f3 con un hombre menos por la expulsi\u00f3n del defensor Mathias Llontop.<\/p>\n\n\n\n<p>El desarrollo del partido de Per\u00fa fue muy similar al de Argentina si se toma en cuenta que el juego de los incaicos mejor\u00f3 con los ingresos en el segundo tiempo de los delanteros Flores, Guillermo Larios y Juan Pablo Goicochea.<\/p>\n\n\n\n<p>En el historial en Preol\u00edmpicos, jugaron en siete ocasiones con cuatro triunfos de Argentina y tres empates, 12 goles albicelestes y cinco peruanos.<\/p>\n\n\n\n<p>+ Posibles formaciones +<\/p>\n\n\n\n<p>Argentina: Leandro Brey; Joaqu\u00edn Garc\u00eda, Marco Di C\u00e9sare, Nicol\u00e1s Valentini y Valent\u00edn Barco; Ezequiel Fern\u00e1ndez, Federico Redondo y Cristian Medina; Claudio Echeverri; Luciano Gondou y Thiago Almada. DT: Javier Mascherano.<\/p>\n\n\n\n<p>Per\u00fa: Diego Romero; Anderson Villacorta, Eric Noriega, Rafel Lutiger y Alejandro P\u00f3sito; Alessandro Burlamaqui, Bassco Soyer y Alvaro Rojas; Adri\u00e1n Acues, Diether V\u00e1squez Victor Guzm\u00e1n. DT: Jos\u00e9 Del Solar.<\/p>\n\n\n\n<p>Cancha: Polideportivo Misael Delgado (Valencia, Venezuela).<\/p>\n\n\n\n<p>Hora: 20:00<\/p>\n\n\n\n<p>Televisa: TyC Sports y DSports. <\/p>\n","protected":false},"excerpt":{"rendered":"<p>El seleccionado argentino de f\u00fatbol Sub 23, dirigido por Javier Manscherano, que debut\u00f3 con un ag\u00f3nico empate ante Paraguay, jugar\u00e1 este mi\u00e9rcoles ante Per\u00fa por la segunda fecha de la&hellip;<\/p>\n","protected":false},"author":3,"featured_media":4309,"comment_status":"closed","ping_status":"closed","sticky":false,"template":"","format":"standard","meta":{"footnotes":""},"categories":[3],"tags":[],"class_list":["post-4308","post","type-post","status-publish","format-standard","has-post-thumbnail","hentry","category-deportes"],"rttpg_featured_image_url":{"full":["http:\/\/magazineweb.com.ar\/wp-content\/uploads\/2024\/01\/65afd759e5817858377002.jpg",647,360,false],"landscape":["http:\/\/magazineweb.com.ar\/wp-content\/uploads\/2024\/01\/65afd759e5817858377002.jpg",647,360,false],"portraits":["http:\/\/magazineweb.com.ar\/wp-content\/uploads\/2024\/01\/65afd759e5817858377002.jpg",647,360,false],"thumbnail":["http:\/\/magazineweb.com.ar\/wp-content\/uploads\/2024\/01\/65afd759e5817858377002-150x150.jpg",150,150,true],"medium":["http:\/\/magazineweb.com.ar\/wp-content\/uploads\/2024\/01\/65afd759e5817858377002-300x167.jpg",300,167,true],"large":["http:\/\/magazineweb.com.ar\/wp-content\/uploads\/2024\/01\/65afd759e5817858377002.jpg",647,360,false],"1536x1536":["http:\/\/magazineweb.com.ar\/wp-content\/uploads\/2024\/01\/65afd759e5817858377002.jpg",647,360,false],"2048x2048":["http:\/\/magazineweb.com.ar\/wp-content\/uploads\/2024\/01\/65afd759e5817858377002.jpg",647,360,false],"ultp_layout_landscape_large":["http:\/\/magazineweb.com.ar\/wp-content\/uploads\/2024\/01\/65afd759e5817858377002.jpg",647,360,false],"ultp_layout_landscape":["http:\/\/magazineweb.com.ar\/wp-content\/uploads\/2024\/01\/65afd759e5817858377002.jpg",647,360,false],"ultp_layout_portrait":["http:\/\/magazineweb.com.ar\/wp-content\/uploads\/2024\/01\/65afd759e5817858377002-600x360.jpg",600,360,true],"ultp_layout_square":["http:\/\/magazineweb.com.ar\/wp-content\/uploads\/2024\/01\/65afd759e5817858377002-600x360.jpg",600,360,true]},"rttpg_author":{"display_name":"Redacci\u00f3n Magazine Web","author_link":"http:\/\/magazineweb.com.ar\/?author=3"},"rttpg_comment":0,"rttpg_category":"<a href=\"http:\/\/magazineweb.com.ar\/?cat=3\" rel=\"category\">Deportes<\/a>","rttpg_excerpt":"El seleccionado argentino de f\u00fatbol Sub 23, dirigido por Javier Manscherano, que debut\u00f3 con un ag\u00f3nico empate ante Paraguay, jugar\u00e1 este mi\u00e9rcoles ante Per\u00fa por la segunda fecha de la&hellip;","_links":{"self":[{"href":"http:\/\/magazineweb.com.ar\/index.php?rest_route=\/wp\/v2\/posts\/4308","targetHints":{"allow":["GET"]}}],"collection":[{"href":"http:\/\/magazineweb.com.ar\/index.php?rest_route=\/wp\/v2\/posts"}],"about":[{"href":"http:\/\/magazineweb.com.ar\/index.php?rest_route=\/wp\/v2\/types\/post"}],"author":[{"embeddable":true,"href":"http:\/\/magazineweb.com.ar\/index.php?rest_route=\/wp\/v2\/users\/3"}],"replies":[{"embeddable":true,"href":"http:\/\/magazineweb.com.ar\/index.php?rest_route=%2Fwp%2Fv2%2Fcomments&post=4308"}],"version-history":[{"count":1,"href":"http:\/\/magazineweb.com.ar\/index.php?rest_route=\/wp\/v2\/posts\/4308\/revisions"}],"predecessor-version":[{"id":4310,"href":"http:\/\/magazineweb.com.ar\/index.php?rest_route=\/wp\/v2\/posts\/4308\/revisions\/4310"}],"wp:featuredmedia":[{"embeddable":true,"href":"http:\/\/magazineweb.com.ar\/index.php?rest_route=\/wp\/v2\/media\/4309"}],"wp:attachment":[{"href":"http:\/\/magazineweb.com.ar\/index.php?rest_route=%2Fwp%2Fv2%2Fmedia&parent=4308"}],"wp:term":[{"taxonomy":"category","embeddable":true,"href":"http:\/\/magazineweb.com.ar\/index.php?rest_route=%2Fwp%2Fv2%2Fcategories&post=4308"},{"taxonomy":"post_tag","embeddable":true,"href":"http:\/\/magazineweb.com.ar\/index.php?rest_route=%2Fwp%2Fv2%2Ftags&post=4308"}],"curies":[{"name":"wp","href":"https:\/\/api.w.org\/{rel}","templated":true}]}}