{"id":4311,"date":"2024-01-24T01:07:00","date_gmt":"2024-01-24T04:07:00","guid":{"rendered":"https:\/\/magazineweb.com.ar\/?p=4311"},"modified":"2024-01-23T19:49:51","modified_gmt":"2024-01-23T22:49:51","slug":"asamblea-multisectorial-de-berazategui-apoya-el-paro-de-la-cgt","status":"publish","type":"post","link":"http:\/\/magazineweb.com.ar\/?p=4311","title":{"rendered":"Asamblea Multisectorial de Berazategui apoya el paro de la CGT"},"content":{"rendered":"\n<p>La Asamblea Multisectorial de Berazategui resolvi\u00f3 su apoyo al paro general y a la movilizaci\u00f3n anunciada por la Confederaci\u00f3n General del Trabajo (CGT) para este mi\u00e9rcoles 24 de enero, en repudio al DNU y a la Ley \u00d3mnibus impulsada por el presidente Javier Milei.<\/p>\n\n\n\n<p>El encuentro se llev\u00f3 a cabo en la Sociedad de Fomento Pl\u00e1tanos, donde representantes de distintos sectores de la sociedad civil y pol\u00edtica estuvieron debatiendo qu\u00e9 postura tomar ante la medida de fuerza convocada por la CGT. Finalmente, anunciaron el apoyo al paro general y a la movilizaci\u00f3n que se llevar\u00e1 a cabo este mi\u00e9rcoles.<\/p>\n\n\n\n<p>La Asamblea Multisectorial de Berazategui se conform\u00f3 el 3 de enero de 2024 y est\u00e1 compuesta por m\u00e1s de 120 integrantes de diferentes sectores de la comunidad: partidos pol\u00edticos, movimientos sociales, sindicatos, industriales, empresarios, centros comerciales, clubes, veteranos de Malvinas, juventudes, centros de jubilados, representantes eclesi\u00e1sticos y asociaciones profesionales.<\/p>\n\n\n\n<p>Esta Multisectorial ya expres\u00f3 su rechazo al DNU 70\/2023 y a la Ley \u00d3mnibus en reiteradas oportunidades. Una de ellas fue a trav\u00e9s de una presentaci\u00f3n en el Honorable Concejo Deliberante y, anteriormente, llev\u00f3 a cabo dos reuniones el 3 y 10 de enero. En todas ellas, los participantes coincidieron en la gravedad de las medidas del Ejecutivo Nacional y el impacto negativo en la calidad de vida de la poblaci\u00f3n.<\/p>\n","protected":false},"excerpt":{"rendered":"<p>La Asamblea Multisectorial de Berazategui resolvi\u00f3 su apoyo al paro general y a la movilizaci\u00f3n anunciada por la Confederaci\u00f3n General del Trabajo (CGT) para este mi\u00e9rcoles 24 de enero, en&hellip;<\/p>\n","protected":false},"author":3,"featured_media":4312,"comment_status":"closed","ping_status":"closed","sticky":false,"template":"","format":"standard","meta":{"footnotes":""},"categories":[15],"tags":[],"class_list":["post-4311","post","type-post","status-publish","format-standard","has-post-thumbnail","hentry","category-regional"],"rttpg_featured_image_url":{"full":["http:\/\/magazineweb.com.ar\/wp-content\/uploads\/2024\/01\/ASAMBLEA-MULTISECTORIAL-DE-BERAZATEGUI-APOYA-EL-PARO-DE-LA-CGT-1.jpeg",1600,1200,false],"landscape":["http:\/\/magazineweb.com.ar\/wp-content\/uploads\/2024\/01\/ASAMBLEA-MULTISECTORIAL-DE-BERAZATEGUI-APOYA-EL-PARO-DE-LA-CGT-1.jpeg",1600,1200,false],"portraits":["http:\/\/magazineweb.com.ar\/wp-content\/uploads\/2024\/01\/ASAMBLEA-MULTISECTORIAL-DE-BERAZATEGUI-APOYA-EL-PARO-DE-LA-CGT-1.jpeg",1600,1200,false],"thumbnail":["http:\/\/magazineweb.com.ar\/wp-content\/uploads\/2024\/01\/ASAMBLEA-MULTISECTORIAL-DE-BERAZATEGUI-APOYA-EL-PARO-DE-LA-CGT-1-150x150.jpeg",150,150,true],"medium":["http:\/\/magazineweb.com.ar\/wp-content\/uploads\/2024\/01\/ASAMBLEA-MULTISECTORIAL-DE-BERAZATEGUI-APOYA-EL-PARO-DE-LA-CGT-1-300x225.jpeg",300,225,true],"large":["http:\/\/magazineweb.com.ar\/wp-content\/uploads\/2024\/01\/ASAMBLEA-MULTISECTORIAL-DE-BERAZATEGUI-APOYA-EL-PARO-DE-LA-CGT-1-1024x768.jpeg",1024,768,true],"1536x1536":["http:\/\/magazineweb.com.ar\/wp-content\/uploads\/2024\/01\/ASAMBLEA-MULTISECTORIAL-DE-BERAZATEGUI-APOYA-EL-PARO-DE-LA-CGT-1-1536x1152.jpeg",1536,1152,true],"2048x2048":["http:\/\/magazineweb.com.ar\/wp-content\/uploads\/2024\/01\/ASAMBLEA-MULTISECTORIAL-DE-BERAZATEGUI-APOYA-EL-PARO-DE-LA-CGT-1.jpeg",1600,1200,false],"ultp_layout_landscape_large":["http:\/\/magazineweb.com.ar\/wp-content\/uploads\/2024\/01\/ASAMBLEA-MULTISECTORIAL-DE-BERAZATEGUI-APOYA-EL-PARO-DE-LA-CGT-1-1200x800.jpeg",1200,800,true],"ultp_layout_landscape":["http:\/\/magazineweb.com.ar\/wp-content\/uploads\/2024\/01\/ASAMBLEA-MULTISECTORIAL-DE-BERAZATEGUI-APOYA-EL-PARO-DE-LA-CGT-1-870x570.jpeg",870,570,true],"ultp_layout_portrait":["http:\/\/magazineweb.com.ar\/wp-content\/uploads\/2024\/01\/ASAMBLEA-MULTISECTORIAL-DE-BERAZATEGUI-APOYA-EL-PARO-DE-LA-CGT-1-600x900.jpeg",600,900,true],"ultp_layout_square":["http:\/\/magazineweb.com.ar\/wp-content\/uploads\/2024\/01\/ASAMBLEA-MULTISECTORIAL-DE-BERAZATEGUI-APOYA-EL-PARO-DE-LA-CGT-1-600x600.jpeg",600,600,true]},"rttpg_author":{"display_name":"Redacci\u00f3n Magazine Web","author_link":"http:\/\/magazineweb.com.ar\/?author=3"},"rttpg_comment":0,"rttpg_category":"<a href=\"http:\/\/magazineweb.com.ar\/?cat=15\" rel=\"category\">Regional<\/a>","rttpg_excerpt":"La Asamblea Multisectorial de Berazategui resolvi\u00f3 su apoyo al paro general y a la movilizaci\u00f3n anunciada por la Confederaci\u00f3n General del Trabajo (CGT) para este mi\u00e9rcoles 24 de enero, en&hellip;","_links":{"self":[{"href":"http:\/\/magazineweb.com.ar\/index.php?rest_route=\/wp\/v2\/posts\/4311","targetHints":{"allow":["GET"]}}],"collection":[{"href":"http:\/\/magazineweb.com.ar\/index.php?rest_route=\/wp\/v2\/posts"}],"about":[{"href":"http:\/\/magazineweb.com.ar\/index.php?rest_route=\/wp\/v2\/types\/post"}],"author":[{"embeddable":true,"href":"http:\/\/magazineweb.com.ar\/index.php?rest_route=\/wp\/v2\/users\/3"}],"replies":[{"embeddable":true,"href":"http:\/\/magazineweb.com.ar\/index.php?rest_route=%2Fwp%2Fv2%2Fcomments&post=4311"}],"version-history":[{"count":1,"href":"http:\/\/magazineweb.com.ar\/index.php?rest_route=\/wp\/v2\/posts\/4311\/revisions"}],"predecessor-version":[{"id":4313,"href":"http:\/\/magazineweb.com.ar\/index.php?rest_route=\/wp\/v2\/posts\/4311\/revisions\/4313"}],"wp:featuredmedia":[{"embeddable":true,"href":"http:\/\/magazineweb.com.ar\/index.php?rest_route=\/wp\/v2\/media\/4312"}],"wp:attachment":[{"href":"http:\/\/magazineweb.com.ar\/index.php?rest_route=%2Fwp%2Fv2%2Fmedia&parent=4311"}],"wp:term":[{"taxonomy":"category","embeddable":true,"href":"http:\/\/magazineweb.com.ar\/index.php?rest_route=%2Fwp%2Fv2%2Fcategories&post=4311"},{"taxonomy":"post_tag","embeddable":true,"href":"http:\/\/magazineweb.com.ar\/index.php?rest_route=%2Fwp%2Fv2%2Ftags&post=4311"}],"curies":[{"name":"wp","href":"https:\/\/api.w.org\/{rel}","templated":true}]}}