{"id":4314,"date":"2024-01-24T01:05:00","date_gmt":"2024-01-24T04:05:00","guid":{"rendered":"https:\/\/magazineweb.com.ar\/?p=4314"},"modified":"2024-01-23T20:05:53","modified_gmt":"2024-01-23T23:05:53","slug":"ya-son-dos-las-personas-muertas-por-encefalitis-equina-en-territorio-bonaerense","status":"publish","type":"post","link":"http:\/\/magazineweb.com.ar\/?p=4314","title":{"rendered":"Ya son dos las personas muertas por encefalitis equina en territorio bonaerense"},"content":{"rendered":"\n<p>Un total de dos personas fallecieron en los \u00faltimos d\u00edas tras contraer encefalitis equina en localidades del oeste de la provincia de Buenos Aires, donde se desplegaron operativos para erradicar al mosquito transmisor, inform\u00f3 el Ministerio de Salud bonaerense.<\/p>\n\n\n\n<p>En la provincia de Buenos Aires, los casos confirmados hasta el 18 de enero \u00faltimo son 15 y hay 8 probables, seg\u00fan detalla el \u00faltimo Bolet\u00edn Epidemiol\u00f3gico.<\/p>\n\n\n\n<p>Los casos positivos pertenecen a los municipios de General Viamonte, Jun\u00edn, Leandro N. Alem, Nueve de Julio, Arrecifes, Baradero, Pergamino, Ramallo, Salto, Las Flores, Campana, Exaltaci\u00f3n de la Cruz, Tandil, 25 de Mayo, Bragado, Suipacha y La Plata.<\/p>\n\n\n\n<p>De estos casos positivos 4 se encuentran internados actualmente, 2 casos fallecieron y los restantes fueron dados de alta.<\/p>\n\n\n\n<p>\u00abLos casos fallecidos corresponden a la RS V, (que comprende a Campana y Exaltaci\u00f3n de la Cruz) y XI (La Plata), quienes iniciaron s\u00edntomas en la SE 51 (18\/12) y SE 1 (1\/1), ambos viv\u00edan en zona rural y uno ten\u00eda comorbilidades\u00bb, precis\u00f3 el Bolet\u00edn.<\/p>\n\n\n\n<p>El 11 de enero se inform\u00f3 el fallecimiento de una mujer de 74 a\u00f1os, oriunda de la localidad platense de Villa Elisa; en tanto no se brindaron precisiones sobre la identidad de la segunda v\u00edctima de la encefalitis equina del Oeste.<\/p>\n\n\n\n<p>En este marco, las autoridades sanitarias confirmaron el despliegue de operativos territoriales que consisten en la fumigaci\u00f3n de zonas afectadas, b\u00fasqueda activa de casos sintom\u00e1ticos y la difusi\u00f3n de medidas de prevenci\u00f3n.<\/p>\n\n\n\n<p>La encefalitis equina del Oeste es una patolog\u00eda neurol\u00f3gica que se transmite a trav\u00e9s de picaduras de mosquitos infectados y, aunque afecta sobre todo a los caballos, tambi\u00e9n puede transmitirse a las personas.<\/p>\n\n\n\n<p>En los seres humanos, la enfermedad tiene un per\u00edodo de incubaci\u00f3n de dos a 10 d\u00edas y, si bien en la mayor\u00eda de los casos es asintom\u00e1tica, puede presentarse con s\u00edntomas como fiebre, cansancio, dolores musculares y malestar general que se resuelven espont\u00e1neamente en un lapso de siete a diez d\u00edas; y en algunos casos pueden evolucionar a cuadros de encefalitis.<\/p>\n\n\n\n<p>Los operativos territoriales permiten reducir la abundancia del mosquito transmisor del virus a trav\u00e9s de la fumigaci\u00f3n en las zonas calientes georreferenciadas por los casos confirmados, o con brotes en caballos y, a su vez, sensibilizar la b\u00fasqueda de personas que puedan estar con un cuadro de contagio.<\/p>\n\n\n\n<p>El Ministerio de Salud recomend\u00f3 utilizar peri\u00f3dicamente repelente para insectos, colocar telas o mosquiteros en puertas y ventanas, utilizar ropa clara y espirales en espacios externos, as\u00ed como desmalezar espacios verdes, evitar la acumulaci\u00f3n de agua y eliminar o colocar bajo techo recipientes y otros objetos que la puedan estacionar.<\/p>\n","protected":false},"excerpt":{"rendered":"<p>Un total de dos personas fallecieron en los \u00faltimos d\u00edas tras contraer encefalitis equina en localidades del oeste de la provincia de Buenos Aires, donde se desplegaron operativos para erradicar&hellip;<\/p>\n","protected":false},"author":3,"featured_media":4315,"comment_status":"closed","ping_status":"closed","sticky":false,"template":"","format":"standard","meta":{"footnotes":""},"categories":[16],"tags":[],"class_list":["post-4314","post","type-post","status-publish","format-standard","has-post-thumbnail","hentry","category-salud-y-medio-ambiente"],"rttpg_featured_image_url":{"full":["http:\/\/magazineweb.com.ar\/wp-content\/uploads\/2024\/01\/5ed77f1bdf9f1_1200.jpg",900,506,false],"landscape":["http:\/\/magazineweb.com.ar\/wp-content\/uploads\/2024\/01\/5ed77f1bdf9f1_1200.jpg",900,506,false],"portraits":["http:\/\/magazineweb.com.ar\/wp-content\/uploads\/2024\/01\/5ed77f1bdf9f1_1200.jpg",900,506,false],"thumbnail":["http:\/\/magazineweb.com.ar\/wp-content\/uploads\/2024\/01\/5ed77f1bdf9f1_1200-150x150.jpg",150,150,true],"medium":["http:\/\/magazineweb.com.ar\/wp-content\/uploads\/2024\/01\/5ed77f1bdf9f1_1200-300x169.jpg",300,169,true],"large":["http:\/\/magazineweb.com.ar\/wp-content\/uploads\/2024\/01\/5ed77f1bdf9f1_1200.jpg",900,506,false],"1536x1536":["http:\/\/magazineweb.com.ar\/wp-content\/uploads\/2024\/01\/5ed77f1bdf9f1_1200.jpg",900,506,false],"2048x2048":["http:\/\/magazineweb.com.ar\/wp-content\/uploads\/2024\/01\/5ed77f1bdf9f1_1200.jpg",900,506,false],"ultp_layout_landscape_large":["http:\/\/magazineweb.com.ar\/wp-content\/uploads\/2024\/01\/5ed77f1bdf9f1_1200.jpg",900,506,false],"ultp_layout_landscape":["http:\/\/magazineweb.com.ar\/wp-content\/uploads\/2024\/01\/5ed77f1bdf9f1_1200-870x506.jpg",870,506,true],"ultp_layout_portrait":["http:\/\/magazineweb.com.ar\/wp-content\/uploads\/2024\/01\/5ed77f1bdf9f1_1200-600x506.jpg",600,506,true],"ultp_layout_square":["http:\/\/magazineweb.com.ar\/wp-content\/uploads\/2024\/01\/5ed77f1bdf9f1_1200-600x506.jpg",600,506,true]},"rttpg_author":{"display_name":"Redacci\u00f3n Magazine Web","author_link":"http:\/\/magazineweb.com.ar\/?author=3"},"rttpg_comment":0,"rttpg_category":"<a href=\"http:\/\/magazineweb.com.ar\/?cat=16\" rel=\"category\">Salud y Medio Ambiente<\/a>","rttpg_excerpt":"Un total de dos personas fallecieron en los \u00faltimos d\u00edas tras contraer encefalitis equina en localidades del oeste de la provincia de Buenos Aires, donde se desplegaron operativos para erradicar&hellip;","_links":{"self":[{"href":"http:\/\/magazineweb.com.ar\/index.php?rest_route=\/wp\/v2\/posts\/4314","targetHints":{"allow":["GET"]}}],"collection":[{"href":"http:\/\/magazineweb.com.ar\/index.php?rest_route=\/wp\/v2\/posts"}],"about":[{"href":"http:\/\/magazineweb.com.ar\/index.php?rest_route=\/wp\/v2\/types\/post"}],"author":[{"embeddable":true,"href":"http:\/\/magazineweb.com.ar\/index.php?rest_route=\/wp\/v2\/users\/3"}],"replies":[{"embeddable":true,"href":"http:\/\/magazineweb.com.ar\/index.php?rest_route=%2Fwp%2Fv2%2Fcomments&post=4314"}],"version-history":[{"count":1,"href":"http:\/\/magazineweb.com.ar\/index.php?rest_route=\/wp\/v2\/posts\/4314\/revisions"}],"predecessor-version":[{"id":4316,"href":"http:\/\/magazineweb.com.ar\/index.php?rest_route=\/wp\/v2\/posts\/4314\/revisions\/4316"}],"wp:featuredmedia":[{"embeddable":true,"href":"http:\/\/magazineweb.com.ar\/index.php?rest_route=\/wp\/v2\/media\/4315"}],"wp:attachment":[{"href":"http:\/\/magazineweb.com.ar\/index.php?rest_route=%2Fwp%2Fv2%2Fmedia&parent=4314"}],"wp:term":[{"taxonomy":"category","embeddable":true,"href":"http:\/\/magazineweb.com.ar\/index.php?rest_route=%2Fwp%2Fv2%2Fcategories&post=4314"},{"taxonomy":"post_tag","embeddable":true,"href":"http:\/\/magazineweb.com.ar\/index.php?rest_route=%2Fwp%2Fv2%2Ftags&post=4314"}],"curies":[{"name":"wp","href":"https:\/\/api.w.org\/{rel}","templated":true}]}}