{"id":4320,"date":"2024-01-24T01:08:00","date_gmt":"2024-01-24T04:08:00","guid":{"rendered":"https:\/\/magazineweb.com.ar\/?p=4320"},"modified":"2024-01-23T21:00:11","modified_gmt":"2024-01-24T00:00:11","slug":"donofrio-cuestiono-registro-de-sube-y-dijo-que-aumento-de-tarifa-sera-un-golpe-al-bolsillo","status":"publish","type":"post","link":"http:\/\/magazineweb.com.ar\/?p=4320","title":{"rendered":"D&#8217;Onofrio cuestion\u00f3 registro de SUBE y dijo que aumento de tarifa ser\u00e1 \u00abun golpe\u00bb al bolsillo"},"content":{"rendered":"\n<p>El ministro de Transporte de la provincia de Buenos Aires, Jorge D&#8217;Onofrio, cuestion\u00f3 \u00abel apuro\u00bb de la medida de registrar la tarjeta SUBE a trav\u00e9s de un portal web para no abonar una tarifa m\u00e1s elevada, y&nbsp;dijo que el valor anunciado para febrero ser\u00e1 \u00abun golpe al bolsillo muy duro\u00bb para los usuarios.<\/p>\n\n\n\n<p>\u00abNo veo el apuro y vamos a comunicarnos con las autoridades porque verificamos un cuello de botella en el portal y adem\u00e1s hay un universo muy grande de usuarios, al menos en la provincia, que carecen de lo m\u00ednimo para poder ingresar a la p\u00e1gina para registrar su SUBE\u00bb, advirti\u00f3 el funcionario bonaerense.<\/p>\n\n\n\n<p>De esta forma, D&#8217;Onofrio se refiri\u00f3 a la medida por la cual usuarios de trenes y colectivos del \u00c1rea Metropolitana de Buenos Aires (AMBA)&nbsp;tendr\u00e1n tiempo hasta el pr\u00f3ximo 1 de abril de registrar su tarjeta SUBE a trav\u00e9s de un portal web.<\/p>\n\n\n\n<p>Si no realizan el tr\u00e1mite, deber\u00e1n pagar una tarifa \u00absin nominalizar\u00bb m\u00e1s elevada que, a febrero, partir\u00e1 de $ 430 para los colectivos (un 59% m\u00e1s del boleto inicial de $ 270) y de $ 260 para los trenes (100% m\u00e1s que la tarifa de $ 130). Tampoco podr\u00e1n gozar de los descuentos para combinaciones de Red Sube.<\/p>\n\n\n\n<p>En declaraciones a AM530, el ministro de Transporte bonaerense dijo que se pondr\u00e1n \u00aba trabajar con cada uno de los municipios para prestar la ayuda que corresponda,&nbsp;pero es un valor muy dif\u00edcil para el usuario: unos 420 pesos la tarifa plana\u00bb.<\/p>\n\n\n\n<h2 class=\"wp-block-heading\">Recursos y favores<\/h2>\n\n\n\n<p>Consultado por las medidas del Gobierno nacional, D&#8217;Onofrio dijo que \u00abdesde el minuto cero ha decidido transferir los recursos del pueblo a los grupos concentrados que m\u00e1s tienen\u00bb.<\/p>\n\n\n\n<p>\u00abEs un gobierno que est\u00e1 pagando favores y se empieza a asimilar a lo que fue Ucrania:&nbsp;estaban en crisis, eligieron un payaso y terminaron en guerra. Nosotros estamos en el primer mes y ya estamos viendo a los primeros ca\u00eddos, que es la gente\u00bb, asever\u00f3.<\/p>\n\n\n\n<p>Al referirse al paro convocado por la CGT para el pr\u00f3ximo mi\u00e9rcoles contra el DNU del gobierno nacional y la denominada Ley \u00d3mnibus, dijo que \u00abhay que marchar pac\u00edficamente para defender derechos\u00bb, pero que es \u00abun principio\u00bb.<\/p>\n\n\n\n<p>\u00abHay que esclarecer a la gente que aplaudi\u00f3 la motosierra, que crey\u00f3 que estaba del lado del mango y qued\u00f3 del lado del filo,&nbsp;hay que explicar que existe otro camino\u00bb, complet\u00f3.<\/p>\n","protected":false},"excerpt":{"rendered":"<p>El ministro de Transporte de la provincia de Buenos Aires, Jorge D&#8217;Onofrio, cuestion\u00f3 \u00abel apuro\u00bb de la medida de registrar la tarjeta SUBE a trav\u00e9s de un portal web para&hellip;<\/p>\n","protected":false},"author":3,"featured_media":4321,"comment_status":"closed","ping_status":"closed","sticky":false,"template":"","format":"standard","meta":{"footnotes":""},"categories":[14],"tags":[],"class_list":["post-4320","post","type-post","status-publish","format-standard","has-post-thumbnail","hentry","category-provincial"],"rttpg_featured_image_url":{"full":["http:\/\/magazineweb.com.ar\/wp-content\/uploads\/2024\/01\/Subee.jpg",1200,696,false],"landscape":["http:\/\/magazineweb.com.ar\/wp-content\/uploads\/2024\/01\/Subee.jpg",1200,696,false],"portraits":["http:\/\/magazineweb.com.ar\/wp-content\/uploads\/2024\/01\/Subee.jpg",1200,696,false],"thumbnail":["http:\/\/magazineweb.com.ar\/wp-content\/uploads\/2024\/01\/Subee-150x150.jpg",150,150,true],"medium":["http:\/\/magazineweb.com.ar\/wp-content\/uploads\/2024\/01\/Subee-300x174.jpg",300,174,true],"large":["http:\/\/magazineweb.com.ar\/wp-content\/uploads\/2024\/01\/Subee-1024x594.jpg",1024,594,true],"1536x1536":["http:\/\/magazineweb.com.ar\/wp-content\/uploads\/2024\/01\/Subee.jpg",1200,696,false],"2048x2048":["http:\/\/magazineweb.com.ar\/wp-content\/uploads\/2024\/01\/Subee.jpg",1200,696,false],"ultp_layout_landscape_large":["http:\/\/magazineweb.com.ar\/wp-content\/uploads\/2024\/01\/Subee.jpg",1200,696,false],"ultp_layout_landscape":["http:\/\/magazineweb.com.ar\/wp-content\/uploads\/2024\/01\/Subee-870x570.jpg",870,570,true],"ultp_layout_portrait":["http:\/\/magazineweb.com.ar\/wp-content\/uploads\/2024\/01\/Subee-600x696.jpg",600,696,true],"ultp_layout_square":["http:\/\/magazineweb.com.ar\/wp-content\/uploads\/2024\/01\/Subee-600x600.jpg",600,600,true]},"rttpg_author":{"display_name":"Redacci\u00f3n Magazine Web","author_link":"http:\/\/magazineweb.com.ar\/?author=3"},"rttpg_comment":0,"rttpg_category":"<a href=\"http:\/\/magazineweb.com.ar\/?cat=14\" rel=\"category\">Provincial<\/a>","rttpg_excerpt":"El ministro de Transporte de la provincia de Buenos Aires, Jorge D&#8217;Onofrio, cuestion\u00f3 \u00abel apuro\u00bb de la medida de registrar la tarjeta SUBE a trav\u00e9s de un portal web para&hellip;","_links":{"self":[{"href":"http:\/\/magazineweb.com.ar\/index.php?rest_route=\/wp\/v2\/posts\/4320","targetHints":{"allow":["GET"]}}],"collection":[{"href":"http:\/\/magazineweb.com.ar\/index.php?rest_route=\/wp\/v2\/posts"}],"about":[{"href":"http:\/\/magazineweb.com.ar\/index.php?rest_route=\/wp\/v2\/types\/post"}],"author":[{"embeddable":true,"href":"http:\/\/magazineweb.com.ar\/index.php?rest_route=\/wp\/v2\/users\/3"}],"replies":[{"embeddable":true,"href":"http:\/\/magazineweb.com.ar\/index.php?rest_route=%2Fwp%2Fv2%2Fcomments&post=4320"}],"version-history":[{"count":1,"href":"http:\/\/magazineweb.com.ar\/index.php?rest_route=\/wp\/v2\/posts\/4320\/revisions"}],"predecessor-version":[{"id":4322,"href":"http:\/\/magazineweb.com.ar\/index.php?rest_route=\/wp\/v2\/posts\/4320\/revisions\/4322"}],"wp:featuredmedia":[{"embeddable":true,"href":"http:\/\/magazineweb.com.ar\/index.php?rest_route=\/wp\/v2\/media\/4321"}],"wp:attachment":[{"href":"http:\/\/magazineweb.com.ar\/index.php?rest_route=%2Fwp%2Fv2%2Fmedia&parent=4320"}],"wp:term":[{"taxonomy":"category","embeddable":true,"href":"http:\/\/magazineweb.com.ar\/index.php?rest_route=%2Fwp%2Fv2%2Fcategories&post=4320"},{"taxonomy":"post_tag","embeddable":true,"href":"http:\/\/magazineweb.com.ar\/index.php?rest_route=%2Fwp%2Fv2%2Ftags&post=4320"}],"curies":[{"name":"wp","href":"https:\/\/api.w.org\/{rel}","templated":true}]}}