{"id":4323,"date":"2024-01-24T01:06:00","date_gmt":"2024-01-24T04:06:00","guid":{"rendered":"https:\/\/magazineweb.com.ar\/?p=4323"},"modified":"2024-01-23T21:13:04","modified_gmt":"2024-01-24T00:13:04","slug":"necesitamos-que-responsables-del-crimen-de-la-nena-paguen-por-lo-que-han-hecho-dijo-kicillof","status":"publish","type":"post","link":"http:\/\/magazineweb.com.ar\/?p=4323","title":{"rendered":"\u00abNecesitamos que responsables del crimen de la nena paguen por lo que han hecho\u00bb, dijo Kicillof"},"content":{"rendered":"\n<p>El gobernador de la provincia de Buenos Aires, Axel Kicillof, se solidariz\u00f3 con la familia de Umma Aguilera, la ni\u00f1a de 9 a\u00f1os e hija de un custodio de la ministra de Seguridad, Patricia Bullrich, asesinada el lunes de un balazo durante un asalto en Lomas de Zamora, dijo que los responsables deben \u00abpagar por lo que han hecho\u00bb y destac\u00f3 la eficacia de la polic\u00eda bonaerense en lograr \u00abcapturar\u00bb a uno de los acusados.<\/p>\n\n\n\n<p>\u00abEs devastador. Cada vez que pasa alguno de estos hechos uno no puede m\u00e1s que pensar en el dolor que genera. Estuvimos acompa\u00f1ando a la familia desde el primer momento, con el \u00e1rea de acompa\u00f1amiento a la v\u00edctima, todos a disposici\u00f3n de los familiares\u00bb, expres\u00f3 el gobernador.<\/p>\n\n\n\n<p>En declaraciones a radio Provincia, Kicillof consider\u00f3 \u00abtremendo\u00bb el asesinato de la ni\u00f1a por tratarse de una menor de edad y asegur\u00f3 que se hace todo \u00abdesde el primer momento, con la polic\u00eda de la provincia de Buenos Aires\u00bb para avanzar en la investigaci\u00f3n del hecho.<\/p>\n\n\n\n<p>\u00abObviamente trabajamos en la b\u00fasqueda de los responsables, la polic\u00eda de la provincia de Buenos Aires act\u00faa como auxiliar de la justicia\u00bb, se\u00f1al\u00f3 el gobernador.<\/p>\n\n\n\n<p>Coment\u00f3 que hay \u00abn\u00fameros favorables en t\u00e9rminos de resoluci\u00f3n de estos casos, que se resuelven en las primeras 24 horas en un 83%\u00bb y consider\u00f3 que \u00abes muy importante dar resultado en t\u00e9rminos de encontrar a los responsables\u00bb.<\/p>\n\n\n\n<p>Sobre los sospechosos, el gobernador dijo que est\u00e1n \u00abidentificados ya, y detenido alguno\u00bb y que \u00aben estas horas se est\u00e1 avanzando en el resto de las detenciones, en un trabajo que realiz\u00f3 la polic\u00eda de la provincia en colaboraci\u00f3n con la Polic\u00eda Federal, bajo la conducci\u00f3n de (el ministro de Seguridad bonaerense, Javier) Alonso\u00bb.<\/p>\n\n\n\n<p>\u00abSe dio presencia para dar una r\u00e1pida respuesta, que fue encontrar a los presuntos responsables, todos con antecedentes, gente con entradas a comisar\u00edas por delitos vinculados a robo de automotores, y ah\u00ed es adonde llega la polic\u00eda de la provincia, encuentra al responsable, lo apresa y ah\u00ed queda en manos de la Justicia\u00bb, agreg\u00f3.<\/p>\n\n\n\n<p>En esa l\u00ednea, dijo que \u00abestas cuestiones requieren que el Poder Judicial se ponga a altura de la circunstancia\u00bb.<\/p>\n\n\n\n<p>\u00abNosotros capturamos a alg\u00fan responsable, lo llevamos a la comisar\u00eda y luego queda a disposici\u00f3n de un juez; no resuelve la provincia de Buenos Aires cuando da libertades o queda presa una persona, en este sentido tiene que ser la Justicia la que cumpla su tarea\u00bb, subray\u00f3.<\/p>\n\n\n\n<p>Por \u00faltimo, el gobernador remarc\u00f3: \u00abEsperamos y necesitamos que ellos paguen por lo que han hecho\u00bb. <\/p>\n","protected":false},"excerpt":{"rendered":"<p>El gobernador de la provincia de Buenos Aires, Axel Kicillof, se solidariz\u00f3 con la familia de Umma Aguilera, la ni\u00f1a de 9 a\u00f1os e hija de un custodio de la&hellip;<\/p>\n","protected":false},"author":3,"featured_media":4324,"comment_status":"closed","ping_status":"closed","sticky":false,"template":"","format":"standard","meta":{"footnotes":""},"categories":[14],"tags":[],"class_list":["post-4323","post","type-post","status-publish","format-standard","has-post-thumbnail","hentry","category-provincial"],"rttpg_featured_image_url":{"full":["http:\/\/magazineweb.com.ar\/wp-content\/uploads\/2024\/01\/20240120144502_berni_5444d96edf.webp",880,512,false],"landscape":["http:\/\/magazineweb.com.ar\/wp-content\/uploads\/2024\/01\/20240120144502_berni_5444d96edf.webp",880,512,false],"portraits":["http:\/\/magazineweb.com.ar\/wp-content\/uploads\/2024\/01\/20240120144502_berni_5444d96edf.webp",880,512,false],"thumbnail":["http:\/\/magazineweb.com.ar\/wp-content\/uploads\/2024\/01\/20240120144502_berni_5444d96edf-150x150.webp",150,150,true],"medium":["http:\/\/magazineweb.com.ar\/wp-content\/uploads\/2024\/01\/20240120144502_berni_5444d96edf-300x175.webp",300,175,true],"large":["http:\/\/magazineweb.com.ar\/wp-content\/uploads\/2024\/01\/20240120144502_berni_5444d96edf.webp",880,512,false],"1536x1536":["http:\/\/magazineweb.com.ar\/wp-content\/uploads\/2024\/01\/20240120144502_berni_5444d96edf.webp",880,512,false],"2048x2048":["http:\/\/magazineweb.com.ar\/wp-content\/uploads\/2024\/01\/20240120144502_berni_5444d96edf.webp",880,512,false],"ultp_layout_landscape_large":["http:\/\/magazineweb.com.ar\/wp-content\/uploads\/2024\/01\/20240120144502_berni_5444d96edf.webp",880,512,false],"ultp_layout_landscape":["http:\/\/magazineweb.com.ar\/wp-content\/uploads\/2024\/01\/20240120144502_berni_5444d96edf-870x512.webp",870,512,true],"ultp_layout_portrait":["http:\/\/magazineweb.com.ar\/wp-content\/uploads\/2024\/01\/20240120144502_berni_5444d96edf-600x512.webp",600,512,true],"ultp_layout_square":["http:\/\/magazineweb.com.ar\/wp-content\/uploads\/2024\/01\/20240120144502_berni_5444d96edf-600x512.webp",600,512,true]},"rttpg_author":{"display_name":"Redacci\u00f3n Magazine Web","author_link":"http:\/\/magazineweb.com.ar\/?author=3"},"rttpg_comment":0,"rttpg_category":"<a href=\"http:\/\/magazineweb.com.ar\/?cat=14\" rel=\"category\">Provincial<\/a>","rttpg_excerpt":"El gobernador de la provincia de Buenos Aires, Axel Kicillof, se solidariz\u00f3 con la familia de Umma Aguilera, la ni\u00f1a de 9 a\u00f1os e hija de un custodio de la&hellip;","_links":{"self":[{"href":"http:\/\/magazineweb.com.ar\/index.php?rest_route=\/wp\/v2\/posts\/4323","targetHints":{"allow":["GET"]}}],"collection":[{"href":"http:\/\/magazineweb.com.ar\/index.php?rest_route=\/wp\/v2\/posts"}],"about":[{"href":"http:\/\/magazineweb.com.ar\/index.php?rest_route=\/wp\/v2\/types\/post"}],"author":[{"embeddable":true,"href":"http:\/\/magazineweb.com.ar\/index.php?rest_route=\/wp\/v2\/users\/3"}],"replies":[{"embeddable":true,"href":"http:\/\/magazineweb.com.ar\/index.php?rest_route=%2Fwp%2Fv2%2Fcomments&post=4323"}],"version-history":[{"count":1,"href":"http:\/\/magazineweb.com.ar\/index.php?rest_route=\/wp\/v2\/posts\/4323\/revisions"}],"predecessor-version":[{"id":4325,"href":"http:\/\/magazineweb.com.ar\/index.php?rest_route=\/wp\/v2\/posts\/4323\/revisions\/4325"}],"wp:featuredmedia":[{"embeddable":true,"href":"http:\/\/magazineweb.com.ar\/index.php?rest_route=\/wp\/v2\/media\/4324"}],"wp:attachment":[{"href":"http:\/\/magazineweb.com.ar\/index.php?rest_route=%2Fwp%2Fv2%2Fmedia&parent=4323"}],"wp:term":[{"taxonomy":"category","embeddable":true,"href":"http:\/\/magazineweb.com.ar\/index.php?rest_route=%2Fwp%2Fv2%2Fcategories&post=4323"},{"taxonomy":"post_tag","embeddable":true,"href":"http:\/\/magazineweb.com.ar\/index.php?rest_route=%2Fwp%2Fv2%2Ftags&post=4323"}],"curies":[{"name":"wp","href":"https:\/\/api.w.org\/{rel}","templated":true}]}}