{"id":4356,"date":"2024-01-25T01:06:00","date_gmt":"2024-01-25T04:06:00","guid":{"rendered":"https:\/\/magazineweb.com.ar\/?p=4356"},"modified":"2024-01-23T22:58:41","modified_gmt":"2024-01-24T01:58:41","slug":"se-extiende-hasta-el-31-de-enero-el-plazo-para-abonar-anualmente-la-tasa-sum-con-un-descuento-del-25-y-diciembre-bonificado","status":"publish","type":"post","link":"http:\/\/magazineweb.com.ar\/?p=4356","title":{"rendered":"Se extiende hasta el 31 de enero el plazo para abonar anualmente la tasa sum con un descuento del 25% y diciembre bonificado"},"content":{"rendered":"\n<p>El Municipio de Quilmes informa, a todos los contribuyentes, que se extendi\u00f3 el plazo para efectuar el pago anual de la tasa por Servicios Urbanos Municipales (Tasa SUM) con un descuento del 25% sobre el total y la bonificaci\u00f3n de la cuota de diciembre hasta el 31 de enero.<\/p>\n\n\n\n<p>De esta manera, la Agencia de Recaudaci\u00f3n de Quilmes (ARQUI) beneficiar\u00e1 a aquellos vecinos y vecinas que realicen el pago anual de la forma antes mencionada. A trav\u00e9s de esta medida se busca colaborar y favorecer a aquellas personas que deseen estar al d\u00eda con sus obligaciones.<\/p>\n\n\n\n<p>El pago puede realizarse en cualquiera de los medios de pago habilitados o a trav\u00e9s del sitio web:&nbsp;<a href=\"http:\/\/quilmes.gov.ar\/arqui\" target=\"_blank\" rel=\"noreferrer noopener\">quilmes.gov.ar\/arqui<\/a>. Para mayor informaci\u00f3n o consultas, podr\u00e1n comunicarse al 0800-999-5656 de Atenci\u00f3n a la Comunidad del Municipio de Quilmes; v\u00eda WhatsApp (11-4493-4483); o con la ayuda de QuiBOT, el asistente virtual de la Comuna que se encuentra en la p\u00e1gina web oficial de la Municipalidad (<a href=\"http:\/\/www.quilmes.gov.ar\/\" target=\"_blank\" rel=\"noreferrer noopener\">www.quilmes.gov.ar<\/a>).<\/p>\n","protected":false},"excerpt":{"rendered":"<p>El Municipio de Quilmes informa, a todos los contribuyentes, que se extendi\u00f3 el plazo para efectuar el pago anual de la tasa por Servicios Urbanos Municipales (Tasa SUM) con un&hellip;<\/p>\n","protected":false},"author":3,"featured_media":4357,"comment_status":"closed","ping_status":"closed","sticky":false,"template":"","format":"standard","meta":{"footnotes":""},"categories":[9],"tags":[],"class_list":["post-4356","post","type-post","status-publish","format-standard","has-post-thumbnail","hentry","category-informacion-general"],"rttpg_featured_image_url":{"full":["http:\/\/magazineweb.com.ar\/wp-content\/uploads\/2024\/01\/thumbnail_SE-EXTIENDE-HASTA-EL-31-DE-ENERO-EL-PLAZO-PARA-ABONAR-ANUALMENTE-LA-TASA-SUM-CON-UN-DESCUENTO-DEL-25-Y-DICIEMBRE-BONIFICADO.jpg",1279,1280,false],"landscape":["http:\/\/magazineweb.com.ar\/wp-content\/uploads\/2024\/01\/thumbnail_SE-EXTIENDE-HASTA-EL-31-DE-ENERO-EL-PLAZO-PARA-ABONAR-ANUALMENTE-LA-TASA-SUM-CON-UN-DESCUENTO-DEL-25-Y-DICIEMBRE-BONIFICADO.jpg",1279,1280,false],"portraits":["http:\/\/magazineweb.com.ar\/wp-content\/uploads\/2024\/01\/thumbnail_SE-EXTIENDE-HASTA-EL-31-DE-ENERO-EL-PLAZO-PARA-ABONAR-ANUALMENTE-LA-TASA-SUM-CON-UN-DESCUENTO-DEL-25-Y-DICIEMBRE-BONIFICADO.jpg",1279,1280,false],"thumbnail":["http:\/\/magazineweb.com.ar\/wp-content\/uploads\/2024\/01\/thumbnail_SE-EXTIENDE-HASTA-EL-31-DE-ENERO-EL-PLAZO-PARA-ABONAR-ANUALMENTE-LA-TASA-SUM-CON-UN-DESCUENTO-DEL-25-Y-DICIEMBRE-BONIFICADO-150x150.jpg",150,150,true],"medium":["http:\/\/magazineweb.com.ar\/wp-content\/uploads\/2024\/01\/thumbnail_SE-EXTIENDE-HASTA-EL-31-DE-ENERO-EL-PLAZO-PARA-ABONAR-ANUALMENTE-LA-TASA-SUM-CON-UN-DESCUENTO-DEL-25-Y-DICIEMBRE-BONIFICADO-300x300.jpg",300,300,true],"large":["http:\/\/magazineweb.com.ar\/wp-content\/uploads\/2024\/01\/thumbnail_SE-EXTIENDE-HASTA-EL-31-DE-ENERO-EL-PLAZO-PARA-ABONAR-ANUALMENTE-LA-TASA-SUM-CON-UN-DESCUENTO-DEL-25-Y-DICIEMBRE-BONIFICADO-1024x1024.jpg",1024,1024,true],"1536x1536":["http:\/\/magazineweb.com.ar\/wp-content\/uploads\/2024\/01\/thumbnail_SE-EXTIENDE-HASTA-EL-31-DE-ENERO-EL-PLAZO-PARA-ABONAR-ANUALMENTE-LA-TASA-SUM-CON-UN-DESCUENTO-DEL-25-Y-DICIEMBRE-BONIFICADO.jpg",1279,1280,false],"2048x2048":["http:\/\/magazineweb.com.ar\/wp-content\/uploads\/2024\/01\/thumbnail_SE-EXTIENDE-HASTA-EL-31-DE-ENERO-EL-PLAZO-PARA-ABONAR-ANUALMENTE-LA-TASA-SUM-CON-UN-DESCUENTO-DEL-25-Y-DICIEMBRE-BONIFICADO.jpg",1279,1280,false],"ultp_layout_landscape_large":["http:\/\/magazineweb.com.ar\/wp-content\/uploads\/2024\/01\/thumbnail_SE-EXTIENDE-HASTA-EL-31-DE-ENERO-EL-PLAZO-PARA-ABONAR-ANUALMENTE-LA-TASA-SUM-CON-UN-DESCUENTO-DEL-25-Y-DICIEMBRE-BONIFICADO-1200x800.jpg",1200,800,true],"ultp_layout_landscape":["http:\/\/magazineweb.com.ar\/wp-content\/uploads\/2024\/01\/thumbnail_SE-EXTIENDE-HASTA-EL-31-DE-ENERO-EL-PLAZO-PARA-ABONAR-ANUALMENTE-LA-TASA-SUM-CON-UN-DESCUENTO-DEL-25-Y-DICIEMBRE-BONIFICADO-870x570.jpg",870,570,true],"ultp_layout_portrait":["http:\/\/magazineweb.com.ar\/wp-content\/uploads\/2024\/01\/thumbnail_SE-EXTIENDE-HASTA-EL-31-DE-ENERO-EL-PLAZO-PARA-ABONAR-ANUALMENTE-LA-TASA-SUM-CON-UN-DESCUENTO-DEL-25-Y-DICIEMBRE-BONIFICADO-600x900.jpg",600,900,true],"ultp_layout_square":["http:\/\/magazineweb.com.ar\/wp-content\/uploads\/2024\/01\/thumbnail_SE-EXTIENDE-HASTA-EL-31-DE-ENERO-EL-PLAZO-PARA-ABONAR-ANUALMENTE-LA-TASA-SUM-CON-UN-DESCUENTO-DEL-25-Y-DICIEMBRE-BONIFICADO-600x600.jpg",600,600,true]},"rttpg_author":{"display_name":"Redacci\u00f3n Magazine Web","author_link":"http:\/\/magazineweb.com.ar\/?author=3"},"rttpg_comment":0,"rttpg_category":"<a href=\"http:\/\/magazineweb.com.ar\/?cat=9\" rel=\"category\">Informaci\u00f3n General<\/a>","rttpg_excerpt":"El Municipio de Quilmes informa, a todos los contribuyentes, que se extendi\u00f3 el plazo para efectuar el pago anual de la tasa por Servicios Urbanos Municipales (Tasa SUM) con un&hellip;","_links":{"self":[{"href":"http:\/\/magazineweb.com.ar\/index.php?rest_route=\/wp\/v2\/posts\/4356","targetHints":{"allow":["GET"]}}],"collection":[{"href":"http:\/\/magazineweb.com.ar\/index.php?rest_route=\/wp\/v2\/posts"}],"about":[{"href":"http:\/\/magazineweb.com.ar\/index.php?rest_route=\/wp\/v2\/types\/post"}],"author":[{"embeddable":true,"href":"http:\/\/magazineweb.com.ar\/index.php?rest_route=\/wp\/v2\/users\/3"}],"replies":[{"embeddable":true,"href":"http:\/\/magazineweb.com.ar\/index.php?rest_route=%2Fwp%2Fv2%2Fcomments&post=4356"}],"version-history":[{"count":1,"href":"http:\/\/magazineweb.com.ar\/index.php?rest_route=\/wp\/v2\/posts\/4356\/revisions"}],"predecessor-version":[{"id":4358,"href":"http:\/\/magazineweb.com.ar\/index.php?rest_route=\/wp\/v2\/posts\/4356\/revisions\/4358"}],"wp:featuredmedia":[{"embeddable":true,"href":"http:\/\/magazineweb.com.ar\/index.php?rest_route=\/wp\/v2\/media\/4357"}],"wp:attachment":[{"href":"http:\/\/magazineweb.com.ar\/index.php?rest_route=%2Fwp%2Fv2%2Fmedia&parent=4356"}],"wp:term":[{"taxonomy":"category","embeddable":true,"href":"http:\/\/magazineweb.com.ar\/index.php?rest_route=%2Fwp%2Fv2%2Fcategories&post=4356"},{"taxonomy":"post_tag","embeddable":true,"href":"http:\/\/magazineweb.com.ar\/index.php?rest_route=%2Fwp%2Fv2%2Ftags&post=4356"}],"curies":[{"name":"wp","href":"https:\/\/api.w.org\/{rel}","templated":true}]}}