{"id":4417,"date":"2024-01-25T01:05:00","date_gmt":"2024-01-25T04:05:00","guid":{"rendered":"https:\/\/magazineweb.com.ar\/?p=4417"},"modified":"2024-01-24T14:45:28","modified_gmt":"2024-01-24T17:45:28","slug":"consejos-del-centro-oftalmologico-municipal-de-berazategui-para-el-cuidado-de-ojos-en-verano","status":"publish","type":"post","link":"http:\/\/magazineweb.com.ar\/?p=4417","title":{"rendered":"Consejos del Centro Oftalmol\u00f3gico Municipal de Berazategui para el cuidado de ojos en Verano"},"content":{"rendered":"\n<p><strong>Las vacaciones de verano traen cambios de \u00e1mbitos y de h\u00e1bitos que pueden derivar en problemas de visi\u00f3n frecuentes durante el per\u00edodo estival. Algunos de ellos son conjuntivitis, fotoqueratitis, fotoconjuntivitis, irritaci\u00f3n ocular y sensibilidad a la luz, entre otros. Por esta raz\u00f3n, el Centro Oftalmol\u00f3gico Municipal San Camilo de Berazategui brinda algunos consejos para mantener la salud visual.<\/strong><\/p>\n\n\n\n<p>La oftalm\u00f3loga Florencia Passarelli (MN 171.658) informa: \u201cQuienes sepan que sus ojos se irritan con facilidad, pueden usar antiparras para sumergirse en el agua. En caso de sentir picaz\u00f3n o molestias, recomendamos no refregarse, ya que puede generar lesiones graves. Tambi\u00e9n es una buena pr\u00e1ctica el uso de colirios lubricantes y soluciones fisiol\u00f3gicas. Por \u00faltimo, los lentes de sol pueden protegernos de los rayos UV\u201d.<\/p>\n\n\n\n<p>\u201cSi los ardores o molestias son prolongadas en el tiempo, es important\u00edsimo acudir al oftalm\u00f3logo, porque son s\u00edntomas que podr\u00edan indicar la presencia de una \u00falcera\u201d, concluye Passarelli.<br>Para adquirir un turno en el Centro, hay que comunicarse al 0810-444-3800, en los siguientes d\u00edas y horarios:&nbsp;&#8211; Pacientes de PAMI, adultos y ni\u00f1os con historia cl\u00ednica abierta: de lunes a viernes de 8.30 a 11.30; o lunes y jueves de 16.00 a 18.00.<\/p>\n\n\n\n<p>&#8211; Primera consulta, ni\u00f1os y adultos sin obra social: mi\u00e9rcoles y viernes, de 16.00 a 18.00.<br>En tanto, para informes el tel\u00e9fono es el 6074-7111. Se puede llamar de lunes a viernes de 8.00 a 20.00.<\/p>\n","protected":false},"excerpt":{"rendered":"<p>Las vacaciones de verano traen cambios de \u00e1mbitos y de h\u00e1bitos que pueden derivar en problemas de visi\u00f3n frecuentes durante el per\u00edodo estival. Algunos de ellos son conjuntivitis, fotoqueratitis, fotoconjuntivitis,&hellip;<\/p>\n","protected":false},"author":3,"featured_media":4418,"comment_status":"closed","ping_status":"closed","sticky":false,"template":"","format":"standard","meta":{"footnotes":""},"categories":[16],"tags":[],"class_list":["post-4417","post","type-post","status-publish","format-standard","has-post-thumbnail","hentry","category-salud-y-medio-ambiente"],"rttpg_featured_image_url":{"full":["http:\/\/magazineweb.com.ar\/wp-content\/uploads\/2024\/01\/thumbnail_EL-CUIDADO-DE-LOS-OJOS-EN-VERANO3-3.jpg",1600,1066,false],"landscape":["http:\/\/magazineweb.com.ar\/wp-content\/uploads\/2024\/01\/thumbnail_EL-CUIDADO-DE-LOS-OJOS-EN-VERANO3-3.jpg",1600,1066,false],"portraits":["http:\/\/magazineweb.com.ar\/wp-content\/uploads\/2024\/01\/thumbnail_EL-CUIDADO-DE-LOS-OJOS-EN-VERANO3-3.jpg",1600,1066,false],"thumbnail":["http:\/\/magazineweb.com.ar\/wp-content\/uploads\/2024\/01\/thumbnail_EL-CUIDADO-DE-LOS-OJOS-EN-VERANO3-3-150x150.jpg",150,150,true],"medium":["http:\/\/magazineweb.com.ar\/wp-content\/uploads\/2024\/01\/thumbnail_EL-CUIDADO-DE-LOS-OJOS-EN-VERANO3-3-300x200.jpg",300,200,true],"large":["http:\/\/magazineweb.com.ar\/wp-content\/uploads\/2024\/01\/thumbnail_EL-CUIDADO-DE-LOS-OJOS-EN-VERANO3-3-1024x682.jpg",1024,682,true],"1536x1536":["http:\/\/magazineweb.com.ar\/wp-content\/uploads\/2024\/01\/thumbnail_EL-CUIDADO-DE-LOS-OJOS-EN-VERANO3-3-1536x1023.jpg",1536,1023,true],"2048x2048":["http:\/\/magazineweb.com.ar\/wp-content\/uploads\/2024\/01\/thumbnail_EL-CUIDADO-DE-LOS-OJOS-EN-VERANO3-3.jpg",1600,1066,false],"ultp_layout_landscape_large":["http:\/\/magazineweb.com.ar\/wp-content\/uploads\/2024\/01\/thumbnail_EL-CUIDADO-DE-LOS-OJOS-EN-VERANO3-3-1200x800.jpg",1200,800,true],"ultp_layout_landscape":["http:\/\/magazineweb.com.ar\/wp-content\/uploads\/2024\/01\/thumbnail_EL-CUIDADO-DE-LOS-OJOS-EN-VERANO3-3-870x570.jpg",870,570,true],"ultp_layout_portrait":["http:\/\/magazineweb.com.ar\/wp-content\/uploads\/2024\/01\/thumbnail_EL-CUIDADO-DE-LOS-OJOS-EN-VERANO3-3-600x900.jpg",600,900,true],"ultp_layout_square":["http:\/\/magazineweb.com.ar\/wp-content\/uploads\/2024\/01\/thumbnail_EL-CUIDADO-DE-LOS-OJOS-EN-VERANO3-3-600x600.jpg",600,600,true]},"rttpg_author":{"display_name":"Redacci\u00f3n Magazine Web","author_link":"http:\/\/magazineweb.com.ar\/?author=3"},"rttpg_comment":0,"rttpg_category":"<a href=\"http:\/\/magazineweb.com.ar\/?cat=16\" rel=\"category\">Salud y Medio Ambiente<\/a>","rttpg_excerpt":"Las vacaciones de verano traen cambios de \u00e1mbitos y de h\u00e1bitos que pueden derivar en problemas de visi\u00f3n frecuentes durante el per\u00edodo estival. Algunos de ellos son conjuntivitis, fotoqueratitis, fotoconjuntivitis,&hellip;","_links":{"self":[{"href":"http:\/\/magazineweb.com.ar\/index.php?rest_route=\/wp\/v2\/posts\/4417","targetHints":{"allow":["GET"]}}],"collection":[{"href":"http:\/\/magazineweb.com.ar\/index.php?rest_route=\/wp\/v2\/posts"}],"about":[{"href":"http:\/\/magazineweb.com.ar\/index.php?rest_route=\/wp\/v2\/types\/post"}],"author":[{"embeddable":true,"href":"http:\/\/magazineweb.com.ar\/index.php?rest_route=\/wp\/v2\/users\/3"}],"replies":[{"embeddable":true,"href":"http:\/\/magazineweb.com.ar\/index.php?rest_route=%2Fwp%2Fv2%2Fcomments&post=4417"}],"version-history":[{"count":1,"href":"http:\/\/magazineweb.com.ar\/index.php?rest_route=\/wp\/v2\/posts\/4417\/revisions"}],"predecessor-version":[{"id":4419,"href":"http:\/\/magazineweb.com.ar\/index.php?rest_route=\/wp\/v2\/posts\/4417\/revisions\/4419"}],"wp:featuredmedia":[{"embeddable":true,"href":"http:\/\/magazineweb.com.ar\/index.php?rest_route=\/wp\/v2\/media\/4418"}],"wp:attachment":[{"href":"http:\/\/magazineweb.com.ar\/index.php?rest_route=%2Fwp%2Fv2%2Fmedia&parent=4417"}],"wp:term":[{"taxonomy":"category","embeddable":true,"href":"http:\/\/magazineweb.com.ar\/index.php?rest_route=%2Fwp%2Fv2%2Fcategories&post=4417"},{"taxonomy":"post_tag","embeddable":true,"href":"http:\/\/magazineweb.com.ar\/index.php?rest_route=%2Fwp%2Fv2%2Ftags&post=4417"}],"curies":[{"name":"wp","href":"https:\/\/api.w.org\/{rel}","templated":true}]}}