{"id":4455,"date":"2024-01-31T04:50:56","date_gmt":"2024-01-31T07:50:56","guid":{"rendered":"https:\/\/magazineweb.com.ar\/?p=4455"},"modified":"2024-01-31T04:50:57","modified_gmt":"2024-01-31T07:50:57","slug":"artistas-y-trabajadores-de-la-cultura-rechazaron-el-proyecto-ley-de-bases-del-gobierno","status":"publish","type":"post","link":"http:\/\/magazineweb.com.ar\/?p=4455","title":{"rendered":"Artistas y trabajadores de la cultura rechazaron el proyecto Ley de Bases del Gobierno"},"content":{"rendered":"\n<p>Los cineastas Marcelo Pi\u00f1eyro y Albertina Carri, las actrices Valentina Bassi y Nancy Duplaa y la escritora Claudia Pi\u00f1eiro encabezan un listado de artistas y trabajadores de la cultura que se pronunci\u00f3 ayer en rechazo del proyecto de ley Ley Bases que deroga los fondos para la radio y televisi\u00f3n comunitaria, recorta los fondos de organismos culturales y admite la posibilidad de privatizar o liquidar las empresas p\u00fablicas de medios.<\/p>\n\n\n\n<p>\u00abComo trabajadoras\/es de la cultura, vemos con preocupaci\u00f3n las propuestas del Poder Ejecutivo Nacional -contenidas en el Proyecto de Ley de Bases y Puntos de Partida para la Libertad de los Argentinos- que modifican sustancialmente los campos de la cultura y la comunicaci\u00f3n\u00bb, advirti\u00f3 el encabezado del documento titulado \u00abSin libertad de expresi\u00f3n no hay cultura\u00bb.<\/p>\n\n\n\n<p>Los artistas y trabajadores de la cultura destacaron la gravedad de la eliminaci\u00f3n de \u00ablos art\u00edculos 307, 308 y 309 que derogan los fondos que el Estado actualmente asigna al Fondo de Fomento Concursable para Medios de Comunicaci\u00f3n Audiovisual (FOMECA) y a la Defensor\u00eda del P\u00fablico de Servicios de Comunicaci\u00f3n Audiovisual y directamente disuelven este \u00faltimo organismo\u00bb.<\/p>\n\n\n\n<p>El FOMECA es un fondo que surge de los grav\u00e1menes que pagan los servicios de comunicaci\u00f3n audiovisual y est\u00e1n dirigidos al desarrollo de los medios locales, comunitarios, de frontera y de pueblos originarios de todo el pa\u00eds.<\/p>\n\n\n\n<p>\u00abSe trata de una pol\u00edtica federal que genera miles de puestos de trabajo: en 10 a\u00f1os (2013-2023) se financiaron 3.319 proyectos, por un total de $2.911.577.467 a trav\u00e9s de concursos abiertos evaluados por jurados independientes y luego aprobados por el directorio de ENACOM, que tiene representaci\u00f3n del oficialismo y la oposici\u00f3n. Es recomendado por UNESCO como ejemplo de pol\u00edtica para sectores comunitarios\u00bb, destac\u00f3 el documento.<\/p>\n\n\n\n<p>Entre el millar de firmas del documento aparecen los actores Carlos Belloso, Marina Glezer y Charo L\u00f3pez, el historiador Pablo Borda, el m\u00fasico Diego Frenkel y los periodistas Marta Dillon y Roberto Caballero.<br>Los artistas tambi\u00e9n mostraron preocupaci\u00f3n por el art\u00edculo s\u00e9ptimo del proyecto \u00abque habilita que el Poder Ejecutivo intervenga y eventualmente privatice a los medios p\u00fablicos: T\u00e9lam S.E y Radio y Televisi\u00f3n Argentina S.E; la empresa Contenidos S.E. (que conduce las se\u00f1ales de televisi\u00f3n Encuentro, Paka Paka, Deportv y Cont.ar); Radio de la Universidad Nacional del Litoral S.A; y el Servicio de Radio y Televisi\u00f3n de la Universidad de C\u00f3rdoba S.A\u00bb.<\/p>\n\n\n\n<p>\u00abLa privatizaci\u00f3n y\/o intervenci\u00f3n del sistema de medios p\u00fablicos implicar\u00eda una grave lesi\u00f3n al derecho de acceso a la informaci\u00f3n de las audiencias a nivel federal y una grave p\u00e9rdida en la soberan\u00eda comunicacional (\u0085) su privatizaci\u00f3n podr\u00eda implicar la desaparici\u00f3n de esta cobertura, generando desiertos informativos. Al mismo tiempo, asestar\u00eda un golpe a la industria cultural argentina, al impedir su utilizaci\u00f3n para la difusi\u00f3n de productos culturales que no tienen espacio en el sistema de medios privado. Los medios p\u00fablicos tambi\u00e9n son recomendados por la UNESCO\u00bb, alert\u00f3.<\/p>\n\n\n\n<p>El proyecto de ley Bases ser\u00e1 tratado este mi\u00e9rcoles en la C\u00e1mara de Diputados de la Naci\u00f3n, ante lo cual la agrupaci\u00f3n Actrices Argentinas anunci\u00f3 una convocatoria, desde las 12, en la Plaza Congreso.<br>\u00abEs una contradicci\u00f3n destruir un enorme sector de la cultura que deja ganancia y genera trabajo\u00bb, destacaron las actrices en otro documento. <\/p>\n","protected":false},"excerpt":{"rendered":"<p>Los cineastas Marcelo Pi\u00f1eyro y Albertina Carri, las actrices Valentina Bassi y Nancy Duplaa y la escritora Claudia Pi\u00f1eiro encabezan un listado de artistas y trabajadores de la cultura que&hellip;<\/p>\n","protected":false},"author":3,"featured_media":4456,"comment_status":"closed","ping_status":"closed","sticky":false,"template":"","format":"standard","meta":{"footnotes":""},"categories":[17],"tags":[],"class_list":["post-4455","post","type-post","status-publish","format-standard","has-post-thumbnail","hentry","category-nacional"],"rttpg_featured_image_url":{"full":["http:\/\/magazineweb.com.ar\/wp-content\/uploads\/2024\/01\/65a07a818cafa_1200.jpg",1200,675,false],"landscape":["http:\/\/magazineweb.com.ar\/wp-content\/uploads\/2024\/01\/65a07a818cafa_1200.jpg",1200,675,false],"portraits":["http:\/\/magazineweb.com.ar\/wp-content\/uploads\/2024\/01\/65a07a818cafa_1200.jpg",1200,675,false],"thumbnail":["http:\/\/magazineweb.com.ar\/wp-content\/uploads\/2024\/01\/65a07a818cafa_1200-150x150.jpg",150,150,true],"medium":["http:\/\/magazineweb.com.ar\/wp-content\/uploads\/2024\/01\/65a07a818cafa_1200-300x169.jpg",300,169,true],"large":["http:\/\/magazineweb.com.ar\/wp-content\/uploads\/2024\/01\/65a07a818cafa_1200-1024x576.jpg",1024,576,true],"1536x1536":["http:\/\/magazineweb.com.ar\/wp-content\/uploads\/2024\/01\/65a07a818cafa_1200.jpg",1200,675,false],"2048x2048":["http:\/\/magazineweb.com.ar\/wp-content\/uploads\/2024\/01\/65a07a818cafa_1200.jpg",1200,675,false],"ultp_layout_landscape_large":["http:\/\/magazineweb.com.ar\/wp-content\/uploads\/2024\/01\/65a07a818cafa_1200.jpg",1200,675,false],"ultp_layout_landscape":["http:\/\/magazineweb.com.ar\/wp-content\/uploads\/2024\/01\/65a07a818cafa_1200-870x570.jpg",870,570,true],"ultp_layout_portrait":["http:\/\/magazineweb.com.ar\/wp-content\/uploads\/2024\/01\/65a07a818cafa_1200-600x675.jpg",600,675,true],"ultp_layout_square":["http:\/\/magazineweb.com.ar\/wp-content\/uploads\/2024\/01\/65a07a818cafa_1200-600x600.jpg",600,600,true]},"rttpg_author":{"display_name":"Redacci\u00f3n Magazine Web","author_link":"http:\/\/magazineweb.com.ar\/?author=3"},"rttpg_comment":0,"rttpg_category":"<a href=\"http:\/\/magazineweb.com.ar\/?cat=17\" rel=\"category\">Nacional<\/a>","rttpg_excerpt":"Los cineastas Marcelo Pi\u00f1eyro y Albertina Carri, las actrices Valentina Bassi y Nancy Duplaa y la escritora Claudia Pi\u00f1eiro encabezan un listado de artistas y trabajadores de la cultura que&hellip;","_links":{"self":[{"href":"http:\/\/magazineweb.com.ar\/index.php?rest_route=\/wp\/v2\/posts\/4455","targetHints":{"allow":["GET"]}}],"collection":[{"href":"http:\/\/magazineweb.com.ar\/index.php?rest_route=\/wp\/v2\/posts"}],"about":[{"href":"http:\/\/magazineweb.com.ar\/index.php?rest_route=\/wp\/v2\/types\/post"}],"author":[{"embeddable":true,"href":"http:\/\/magazineweb.com.ar\/index.php?rest_route=\/wp\/v2\/users\/3"}],"replies":[{"embeddable":true,"href":"http:\/\/magazineweb.com.ar\/index.php?rest_route=%2Fwp%2Fv2%2Fcomments&post=4455"}],"version-history":[{"count":1,"href":"http:\/\/magazineweb.com.ar\/index.php?rest_route=\/wp\/v2\/posts\/4455\/revisions"}],"predecessor-version":[{"id":4457,"href":"http:\/\/magazineweb.com.ar\/index.php?rest_route=\/wp\/v2\/posts\/4455\/revisions\/4457"}],"wp:featuredmedia":[{"embeddable":true,"href":"http:\/\/magazineweb.com.ar\/index.php?rest_route=\/wp\/v2\/media\/4456"}],"wp:attachment":[{"href":"http:\/\/magazineweb.com.ar\/index.php?rest_route=%2Fwp%2Fv2%2Fmedia&parent=4455"}],"wp:term":[{"taxonomy":"category","embeddable":true,"href":"http:\/\/magazineweb.com.ar\/index.php?rest_route=%2Fwp%2Fv2%2Fcategories&post=4455"},{"taxonomy":"post_tag","embeddable":true,"href":"http:\/\/magazineweb.com.ar\/index.php?rest_route=%2Fwp%2Fv2%2Ftags&post=4455"}],"curies":[{"name":"wp","href":"https:\/\/api.w.org\/{rel}","templated":true}]}}