{"id":4468,"date":"2024-01-31T05:58:16","date_gmt":"2024-01-31T08:58:16","guid":{"rendered":"https:\/\/magazineweb.com.ar\/?p=4468"},"modified":"2024-01-31T05:58:17","modified_gmt":"2024-01-31T08:58:17","slug":"el-cine-movil-provincial-llega-a-las-ciudades-de-magdalena-y-moron","status":"publish","type":"post","link":"http:\/\/magazineweb.com.ar\/?p=4468","title":{"rendered":"El Cine M\u00f3vil provincial llega a las ciudades de Magdalena y Mor\u00f3n"},"content":{"rendered":"\n<p>Este fin de semana regresa el Cine M\u00f3vil, parte de las actividades de la programaci\u00f3n de verano del Instituto Cultural de la provincia, que se realiza en conjunto con el INCAA (Instituto Nacional de Cine y Artes Audiovisuales). Con la premisa de difundir el cine como instrumento para la promoci\u00f3n de la diversidad, habr\u00e1 funciones gratuitas en Magdalena y Mor\u00f3n. A lo largo del verano el Cine M\u00f3vil recorrer\u00e1 otros municipios, con una importante variedad de pel\u00edculas.<\/p>\n\n\n\n<p><strong>El s\u00e1bado 3 de febrero a las 18.30 en la ciudad de Magdalena<\/strong>, en el marco del \u201cFestival de cine del R\u00edo\u201d, se proyectar\u00e1n las pel\u00edculas: \u201cDos manzanas\u201d (de Eduardo Raspo), que propone un encuentro imaginario entre Charles Darwin y Juan Manuel de Rosas, sobre trascendentales temas pol\u00edticos y religiosos; \u201cUmbral\u201d (de Raquel Ruiz) documental que narra las experiencias de diversas mujeres que enfrentan la menopausia; y tambi\u00e9n se exhibir\u00e1 \u201cLa teor\u00eda del derrame\u201d (de Jos\u00e9 Luis Meir\u00e1s) documental que re\u00fane material de archivo y testimonios acerca del derrame de petr\u00f3leo ocasionado por la empresa Shell ocurrido en 1999 en la costa de Magdalena. Las actividades ser\u00e1n en el Teatro Espa\u00f1ol de Magdalena (calle Goenaga entre San Mart\u00edn y Rivadavia).<\/p>\n\n\n\n<p><strong>El domingo 4 de febrero a las 20.30 en la ciudad de Mor\u00f3n<\/strong>&nbsp;se exhibir\u00e1 la comedia \u201cEl M\u00e9todo Tangalanga\u201d, de Mateo Bendesky, protagonizada por Mart\u00edn Piroyansky. Basada en la vida del m\u00edtico humorista, narra una ficci\u00f3n donde el protagonista es Jorge, un oficinista un poco torpe y t\u00edmido, que tartamudea al hablar en p\u00fablico y no sabe c\u00f3mo acercarse a la chica que le gusta. La actividad se realizar\u00e1 en el Espacio Cultural y Comunitario Paracone (Av. Rawson y Constituyentes. Mor\u00f3n Norte)&nbsp;<\/p>\n\n\n\n<p>Todas las funciones quedan sujetas a las circunstancias clim\u00e1ticas.<\/p>\n\n\n\n<p>Conoc\u00e9 la programaci\u00f3n desde la app Recreo o en&nbsp;<a href=\"https:\/\/institutocultural.gba.gob.ar\/agendaverano\" rel=\"noreferrer noopener\" target=\"_blank\">https:\/\/institutocultural.gba.gob.ar\/agendaverano<\/a>&nbsp;<\/p>\n","protected":false},"excerpt":{"rendered":"<p>Este fin de semana regresa el Cine M\u00f3vil, parte de las actividades de la programaci\u00f3n de verano del Instituto Cultural de la provincia, que se realiza en conjunto con el&hellip;<\/p>\n","protected":false},"author":3,"featured_media":4469,"comment_status":"closed","ping_status":"closed","sticky":false,"template":"","format":"standard","meta":{"footnotes":""},"categories":[7],"tags":[],"class_list":["post-4468","post","type-post","status-publish","format-standard","has-post-thumbnail","hentry","category-espectaculos"],"rttpg_featured_image_url":{"full":["http:\/\/magazineweb.com.ar\/wp-content\/uploads\/2024\/01\/dos_manzanas_film-1.jpg",700,500,false],"landscape":["http:\/\/magazineweb.com.ar\/wp-content\/uploads\/2024\/01\/dos_manzanas_film-1.jpg",700,500,false],"portraits":["http:\/\/magazineweb.com.ar\/wp-content\/uploads\/2024\/01\/dos_manzanas_film-1.jpg",700,500,false],"thumbnail":["http:\/\/magazineweb.com.ar\/wp-content\/uploads\/2024\/01\/dos_manzanas_film-1-150x150.jpg",150,150,true],"medium":["http:\/\/magazineweb.com.ar\/wp-content\/uploads\/2024\/01\/dos_manzanas_film-1-300x214.jpg",300,214,true],"large":["http:\/\/magazineweb.com.ar\/wp-content\/uploads\/2024\/01\/dos_manzanas_film-1.jpg",700,500,false],"1536x1536":["http:\/\/magazineweb.com.ar\/wp-content\/uploads\/2024\/01\/dos_manzanas_film-1.jpg",700,500,false],"2048x2048":["http:\/\/magazineweb.com.ar\/wp-content\/uploads\/2024\/01\/dos_manzanas_film-1.jpg",700,500,false],"ultp_layout_landscape_large":["http:\/\/magazineweb.com.ar\/wp-content\/uploads\/2024\/01\/dos_manzanas_film-1.jpg",700,500,false],"ultp_layout_landscape":["http:\/\/magazineweb.com.ar\/wp-content\/uploads\/2024\/01\/dos_manzanas_film-1.jpg",700,500,false],"ultp_layout_portrait":["http:\/\/magazineweb.com.ar\/wp-content\/uploads\/2024\/01\/dos_manzanas_film-1-600x500.jpg",600,500,true],"ultp_layout_square":["http:\/\/magazineweb.com.ar\/wp-content\/uploads\/2024\/01\/dos_manzanas_film-1-600x500.jpg",600,500,true]},"rttpg_author":{"display_name":"Redacci\u00f3n Magazine Web","author_link":"http:\/\/magazineweb.com.ar\/?author=3"},"rttpg_comment":0,"rttpg_category":"<a href=\"http:\/\/magazineweb.com.ar\/?cat=7\" rel=\"category\">Espect\u00e1culos<\/a>","rttpg_excerpt":"Este fin de semana regresa el Cine M\u00f3vil, parte de las actividades de la programaci\u00f3n de verano del Instituto Cultural de la provincia, que se realiza en conjunto con el&hellip;","_links":{"self":[{"href":"http:\/\/magazineweb.com.ar\/index.php?rest_route=\/wp\/v2\/posts\/4468","targetHints":{"allow":["GET"]}}],"collection":[{"href":"http:\/\/magazineweb.com.ar\/index.php?rest_route=\/wp\/v2\/posts"}],"about":[{"href":"http:\/\/magazineweb.com.ar\/index.php?rest_route=\/wp\/v2\/types\/post"}],"author":[{"embeddable":true,"href":"http:\/\/magazineweb.com.ar\/index.php?rest_route=\/wp\/v2\/users\/3"}],"replies":[{"embeddable":true,"href":"http:\/\/magazineweb.com.ar\/index.php?rest_route=%2Fwp%2Fv2%2Fcomments&post=4468"}],"version-history":[{"count":1,"href":"http:\/\/magazineweb.com.ar\/index.php?rest_route=\/wp\/v2\/posts\/4468\/revisions"}],"predecessor-version":[{"id":4470,"href":"http:\/\/magazineweb.com.ar\/index.php?rest_route=\/wp\/v2\/posts\/4468\/revisions\/4470"}],"wp:featuredmedia":[{"embeddable":true,"href":"http:\/\/magazineweb.com.ar\/index.php?rest_route=\/wp\/v2\/media\/4469"}],"wp:attachment":[{"href":"http:\/\/magazineweb.com.ar\/index.php?rest_route=%2Fwp%2Fv2%2Fmedia&parent=4468"}],"wp:term":[{"taxonomy":"category","embeddable":true,"href":"http:\/\/magazineweb.com.ar\/index.php?rest_route=%2Fwp%2Fv2%2Fcategories&post=4468"},{"taxonomy":"post_tag","embeddable":true,"href":"http:\/\/magazineweb.com.ar\/index.php?rest_route=%2Fwp%2Fv2%2Ftags&post=4468"}],"curies":[{"name":"wp","href":"https:\/\/api.w.org\/{rel}","templated":true}]}}