{"id":4474,"date":"2024-01-31T06:18:59","date_gmt":"2024-01-31T09:18:59","guid":{"rendered":"https:\/\/magazineweb.com.ar\/?p=4474"},"modified":"2024-01-31T06:18:59","modified_gmt":"2024-01-31T09:18:59","slug":"bianco-pidio-al-gobierno-nacional-que-otorguen-a-las-provincias-los-recursos-que-les-corresponden","status":"publish","type":"post","link":"http:\/\/magazineweb.com.ar\/?p=4474","title":{"rendered":"Bianco pidi\u00f3 al Gobierno nacional que \u00abotorguen a las provincias los recursos que les corresponden\u00bb"},"content":{"rendered":"\n<p>El ministro de Gobierno bonaerense,&nbsp;Carlos Bianco, solicit\u00f3 al Poder Ejecutivo Nacional que \u00abotorgue a las provincias los recursos que les corresponden\u00bb, analiz\u00f3 que existe por parte del presidente&nbsp;Javier Milei&nbsp;\u00abuna suerte de revanchismo\u00bb con Buenos Aires y critic\u00f3 que la administraci\u00f3n central implemente un ajuste \u00absobre el pueblo trabajador\u00bb.<\/p>\n\n\n\n<p>\u00abLa provincia aporta el 40% de los recursos coparticipables y recibe el 21%. Adem\u00e1s, recib\u00edamos 4 puntos de otros fondos nacionales, pero ahora nos quieren sacar esos 4 puntos, con los que pagamos salarios y aguinaldos en tiempo y forma, hacemos obra p\u00fablica, pagamos gastos corrientes y de inversi\u00f3n del sistema sanitario y del sistema educativo\u00bb, expres\u00f3 en declaraciones a radio El Destape.<\/p>\n\n\n\n<p>Sostuvo el funcionario que \u00abse busca instalar que la provincia derrocha recursos cuando somos la que tiene menos per c\u00e1pita\u00bb, grafic\u00f3 que la de Buenos Aires \u00abes una provincia rica, la que m\u00e1s valor agregado genera, pero con un gobierno pobre\u00bb.<\/p>\n\n\n\n<p>En ese sentido, plante\u00f3 que Buenos Aires es, junto con C\u00f3rdoba, \u00abla provincia con menor cantidad de empleados estatales por habitante\u00bb y subray\u00f3 que \u00abno &nbsp;sobran enfermeros, m\u00e9dicos, polic\u00edas, ni maestros\u00bb.<\/p>\n\n\n\n<p>As\u00ed, el ministro expuso no saber \u00abqu\u00e9 espera el presidente de la provincia\u00bb, indic\u00f3 que \u00abhay una suerte de revanchismo con la provincia de Buenos Aires\u00bb y confes\u00f3 que la administraci\u00f3n de&nbsp;Axel Kicillof&nbsp;hace \u00abmalabares para ver con qu\u00e9 programas podr\u00e1 contar\u00bb.<\/p>\n\n\n\n<p>\u00abSomos una gesti\u00f3n muy austera, no despilfarramos nada y no nos sobra nada\u00bb, dijo y ejemplific\u00f3 que \u00absi todos los cargos pol\u00edticos del gobierno, desde el &nbsp;gobernador, hasta los ministros, subsecretarios y directores ganaran cero de sueldo, nos ahorramos el 0,37% del presupuesto. O sea, nada\u00bb.<\/p>\n\n\n\n<p>Indic\u00f3, en ese marco, que \u00abel ajuste siempre es sobre los hospitales, escuelas, salarios, jubilaciones. Si el gobierno hace ajuste, es ah\u00ed y la gente se est\u00e1 dando cuenta\u00bb.<\/p>\n\n\n\n<p>Par Bianco, \u00abla casta est\u00e1 gobernando. La casta econ\u00f3mica es la que m\u00e1s ganancia est\u00e1 teniendo con la devaluaci\u00f3n: los que exportan carne, harina y soja\u00bb.<\/p>\n\n\n\n<p>En ese contexto, consider\u00f3 que \u00abMilei no est\u00e1 haciendo lo que iba a hacer sino un programa de ajuste cl\u00e1sico: una fuerte devaluaci\u00f3n del 118%, un apret\u00f3n fiscal y monetario, un ajuste brutal sobre las transferencias y gastos\u00bb y opin\u00f3 que se trata de \u00abuna estafa electoral porque dijo que el ajuste iba a impactar sobre la casta , pero impacta sobre el pueblo trabajador\u00bb.<\/p>\n\n\n\n<p>A la vez, analiz\u00f3 que \u00abdijo que con los mismos de siempre no se pod\u00eda hacer algo nuevo y trajo a&nbsp;(Luis) &#8216;Toto&#8217; Caputo&nbsp;(como ministro de Econom\u00eda) y a&nbsp;Federico Sturzenegger\u00bb como asesor.<\/p>\n\n\n\n<p>Luego, reflexion\u00f3 que el di\u00e1logo con el Gobierno nacional es casi nulo, y consultado sobre la posibilidad de emitir una moneda propia, respondi\u00f3: \u00abTodas las provincias pueden emitir cuasimoneda, pero la provincia de Buenos Aires puede emitir moneda de curso legal\u00bb.<\/p>\n\n\n\n<p>\u00abEs un instrumento, pero hoy no est\u00e1n dadas las condiciones. Si fu\u00e9ramos a una crisis de liquidez muy fuerte, es una potestad que tiene el gobernador. \u00c9l tendr\u00e1 que evaluar esa opci\u00f3n\u00bb, ampli\u00f3 y expres\u00f3: \u00abOjal\u00e1 no lleguemos a ese punto. Pero para eso no tiene que haber crisis bancaria, financiera, ni de liquidez\u00bb.<\/p>\n\n\n\n<p>As\u00ed, insisti\u00f3 con que \u00abtienen que surtir a las provincias con los recursos que le corresponden\u00bb.<\/p>\n\n\n\n<p>Posteriormente, resalt\u00f3 que \u00abno hay en toda la Ley \u00d3mnibus ni en el DNU (70\/2023) un solo art\u00edculo que favorezca al pueblo\u00bb, apunt\u00f3 que \u00abcon las retenciones se busca un industricidio\u00bb y a\u00f1adi\u00f3 que \u00abest\u00e1n tomando medidas recesivas y estanflacionarias, como dicen ellos\u00bb.<\/p>\n\n\n\n<p>\u00abEn el mundo, los pa\u00edses desarrollados vuelven a tener pol\u00edtica industrial, les dan subsidios e incentivos para generar empleo local y generar valor agregado. Pasa en Europa, Estados Unidos y Brasil. Pero Argentina va a contramano del mundo\u00bb, afirm\u00f3 Bianco.<\/p>\n\n\n\n<p>Por \u00faltimo, al ser consultado sobre una posible postulaci\u00f3n presidencial de Axel Kicillof, el ministro contest\u00f3: \u00abNo nos vamos a comer la cena en el desayuno. La prioridad del gobernador hoy es proteger a los bonaerenses de las pol\u00edticas del Gobierno nacional que los est\u00e1 azotando\u201d y destac\u00f3 \u00abnos dedicamos a gestionar y gobernar todos los d\u00edas\u00bb.&nbsp;<\/p>\n","protected":false},"excerpt":{"rendered":"<p>El ministro de Gobierno bonaerense,&nbsp;Carlos Bianco, solicit\u00f3 al Poder Ejecutivo Nacional que \u00abotorgue a las provincias los recursos que les corresponden\u00bb, analiz\u00f3 que existe por parte del presidente&nbsp;Javier Milei&nbsp;\u00abuna suerte&hellip;<\/p>\n","protected":false},"author":3,"featured_media":4475,"comment_status":"closed","ping_status":"closed","sticky":false,"template":"","format":"standard","meta":{"footnotes":""},"categories":[14],"tags":[],"class_list":["post-4474","post","type-post","status-publish","format-standard","has-post-thumbnail","hentry","category-provincial"],"rttpg_featured_image_url":{"full":["http:\/\/magazineweb.com.ar\/wp-content\/uploads\/2024\/01\/Carlos-Bianco-02.jpg",900,506,false],"landscape":["http:\/\/magazineweb.com.ar\/wp-content\/uploads\/2024\/01\/Carlos-Bianco-02.jpg",900,506,false],"portraits":["http:\/\/magazineweb.com.ar\/wp-content\/uploads\/2024\/01\/Carlos-Bianco-02.jpg",900,506,false],"thumbnail":["http:\/\/magazineweb.com.ar\/wp-content\/uploads\/2024\/01\/Carlos-Bianco-02-150x150.jpg",150,150,true],"medium":["http:\/\/magazineweb.com.ar\/wp-content\/uploads\/2024\/01\/Carlos-Bianco-02-300x169.jpg",300,169,true],"large":["http:\/\/magazineweb.com.ar\/wp-content\/uploads\/2024\/01\/Carlos-Bianco-02.jpg",900,506,false],"1536x1536":["http:\/\/magazineweb.com.ar\/wp-content\/uploads\/2024\/01\/Carlos-Bianco-02.jpg",900,506,false],"2048x2048":["http:\/\/magazineweb.com.ar\/wp-content\/uploads\/2024\/01\/Carlos-Bianco-02.jpg",900,506,false],"ultp_layout_landscape_large":["http:\/\/magazineweb.com.ar\/wp-content\/uploads\/2024\/01\/Carlos-Bianco-02.jpg",900,506,false],"ultp_layout_landscape":["http:\/\/magazineweb.com.ar\/wp-content\/uploads\/2024\/01\/Carlos-Bianco-02-870x506.jpg",870,506,true],"ultp_layout_portrait":["http:\/\/magazineweb.com.ar\/wp-content\/uploads\/2024\/01\/Carlos-Bianco-02-600x506.jpg",600,506,true],"ultp_layout_square":["http:\/\/magazineweb.com.ar\/wp-content\/uploads\/2024\/01\/Carlos-Bianco-02-600x506.jpg",600,506,true]},"rttpg_author":{"display_name":"Redacci\u00f3n Magazine Web","author_link":"http:\/\/magazineweb.com.ar\/?author=3"},"rttpg_comment":0,"rttpg_category":"<a href=\"http:\/\/magazineweb.com.ar\/?cat=14\" rel=\"category\">Provincial<\/a>","rttpg_excerpt":"El ministro de Gobierno bonaerense,&nbsp;Carlos Bianco, solicit\u00f3 al Poder Ejecutivo Nacional que \u00abotorgue a las provincias los recursos que les corresponden\u00bb, analiz\u00f3 que existe por parte del presidente&nbsp;Javier Milei&nbsp;\u00abuna suerte&hellip;","_links":{"self":[{"href":"http:\/\/magazineweb.com.ar\/index.php?rest_route=\/wp\/v2\/posts\/4474","targetHints":{"allow":["GET"]}}],"collection":[{"href":"http:\/\/magazineweb.com.ar\/index.php?rest_route=\/wp\/v2\/posts"}],"about":[{"href":"http:\/\/magazineweb.com.ar\/index.php?rest_route=\/wp\/v2\/types\/post"}],"author":[{"embeddable":true,"href":"http:\/\/magazineweb.com.ar\/index.php?rest_route=\/wp\/v2\/users\/3"}],"replies":[{"embeddable":true,"href":"http:\/\/magazineweb.com.ar\/index.php?rest_route=%2Fwp%2Fv2%2Fcomments&post=4474"}],"version-history":[{"count":1,"href":"http:\/\/magazineweb.com.ar\/index.php?rest_route=\/wp\/v2\/posts\/4474\/revisions"}],"predecessor-version":[{"id":4476,"href":"http:\/\/magazineweb.com.ar\/index.php?rest_route=\/wp\/v2\/posts\/4474\/revisions\/4476"}],"wp:featuredmedia":[{"embeddable":true,"href":"http:\/\/magazineweb.com.ar\/index.php?rest_route=\/wp\/v2\/media\/4475"}],"wp:attachment":[{"href":"http:\/\/magazineweb.com.ar\/index.php?rest_route=%2Fwp%2Fv2%2Fmedia&parent=4474"}],"wp:term":[{"taxonomy":"category","embeddable":true,"href":"http:\/\/magazineweb.com.ar\/index.php?rest_route=%2Fwp%2Fv2%2Fcategories&post=4474"},{"taxonomy":"post_tag","embeddable":true,"href":"http:\/\/magazineweb.com.ar\/index.php?rest_route=%2Fwp%2Fv2%2Ftags&post=4474"}],"curies":[{"name":"wp","href":"https:\/\/api.w.org\/{rel}","templated":true}]}}