{"id":4549,"date":"2024-02-05T01:06:00","date_gmt":"2024-02-05T04:06:00","guid":{"rendered":"https:\/\/magazineweb.com.ar\/?p=4549"},"modified":"2024-01-31T20:23:36","modified_gmt":"2024-01-31T23:23:36","slug":"empresarios-bonaerenses-manifestaron-gran-preocupacion-por-la-baja-del-consumo","status":"publish","type":"post","link":"http:\/\/magazineweb.com.ar\/?p=4549","title":{"rendered":"Empresarios bonaerenses manifestaron \u00abgran preocupaci\u00f3n por la baja del consumo\u00bb"},"content":{"rendered":"\n<p>La Confederaci\u00f3n General Empresaria (CGERA), que re\u00fane a 150 empresarios de la provincia de Buenos Aires, manifestaron \u00abuna gran preocupaci\u00f3n por la baja del consumo\u00bb y advirtieron que \u00abla inflaci\u00f3n est\u00e1 superando al salario, a la gente le va a alcanzar solamente para comer\u00bb.<\/p>\n\n\n\n<p>Luego de una reuni\u00f3n mantenida la semana pasada con el Gobernador Axel Kicillof en la Casa de Gobierno de la provincia de Buenos Aires, el titular de la CGERA, Marcelo Fern\u00e1ndez, subray\u00f3 que \u00abhay una gran preocupaci\u00f3n de nuestro sector, por eso sentimos que es importante que el Gobernador se ponga al frente de nuestros reclamos y quedamos en seguir trabajando\u00bb.<\/p>\n\n\n\n<p>Fern\u00e1ndez puntualiz\u00f3 que \u00aben las c\u00e1maras empresarias hay una gran preocupaci\u00f3n, porque ven una baja del consumo. Y a futuro mucho m\u00e1s, porque la inflaci\u00f3n est\u00e1 superando al salario. Si supera al salario, a la gente le va a alcanzar solamente para comer\u00bb.<\/p>\n\n\n\n<p>El dirigente coment\u00f3, en di\u00e1logo con Radio Provincia, que \u00abpreocupa la baja en la construcci\u00f3n y en el automotriz, es un efecto cascada\u00bb, y detall\u00f3 que \u00absi siguen aumentando los precios y nadie los controla, los salarios no alcanzar\u00e1n\u00bb.<\/p>\n\n\n\n<p>A su vez, resalt\u00f3 que \u00abal empresario le dijeron que habr\u00eda una reforma laboral y no tendr\u00eda m\u00e1s derechos al trabajador. Por eso hay que discutir los convenios colectivos que son de 1949\u00bb.<\/p>\n\n\n\n<p>Aunque indic\u00f3 que \u00abel empresario no puede ser tan ingenuo de pensar que con un decreto se resolv\u00eda el problema\u00bb.<\/p>\n","protected":false},"excerpt":{"rendered":"<p>La Confederaci\u00f3n General Empresaria (CGERA), que re\u00fane a 150 empresarios de la provincia de Buenos Aires, manifestaron \u00abuna gran preocupaci\u00f3n por la baja del consumo\u00bb y advirtieron que \u00abla inflaci\u00f3n&hellip;<\/p>\n","protected":false},"author":3,"featured_media":4550,"comment_status":"closed","ping_status":"closed","sticky":false,"template":"","format":"standard","meta":{"footnotes":""},"categories":[5],"tags":[],"class_list":["post-4549","post","type-post","status-publish","format-standard","has-post-thumbnail","hentry","category-economia"],"rttpg_featured_image_url":{"full":["http:\/\/magazineweb.com.ar\/wp-content\/uploads\/2024\/01\/22.png",684,430,false],"landscape":["http:\/\/magazineweb.com.ar\/wp-content\/uploads\/2024\/01\/22.png",684,430,false],"portraits":["http:\/\/magazineweb.com.ar\/wp-content\/uploads\/2024\/01\/22.png",684,430,false],"thumbnail":["http:\/\/magazineweb.com.ar\/wp-content\/uploads\/2024\/01\/22-150x150.png",150,150,true],"medium":["http:\/\/magazineweb.com.ar\/wp-content\/uploads\/2024\/01\/22-300x189.png",300,189,true],"large":["http:\/\/magazineweb.com.ar\/wp-content\/uploads\/2024\/01\/22.png",684,430,false],"1536x1536":["http:\/\/magazineweb.com.ar\/wp-content\/uploads\/2024\/01\/22.png",684,430,false],"2048x2048":["http:\/\/magazineweb.com.ar\/wp-content\/uploads\/2024\/01\/22.png",684,430,false],"ultp_layout_landscape_large":["http:\/\/magazineweb.com.ar\/wp-content\/uploads\/2024\/01\/22.png",684,430,false],"ultp_layout_landscape":["http:\/\/magazineweb.com.ar\/wp-content\/uploads\/2024\/01\/22.png",684,430,false],"ultp_layout_portrait":["http:\/\/magazineweb.com.ar\/wp-content\/uploads\/2024\/01\/22-600x430.png",600,430,true],"ultp_layout_square":["http:\/\/magazineweb.com.ar\/wp-content\/uploads\/2024\/01\/22-600x430.png",600,430,true]},"rttpg_author":{"display_name":"Redacci\u00f3n Magazine Web","author_link":"http:\/\/magazineweb.com.ar\/?author=3"},"rttpg_comment":0,"rttpg_category":"<a href=\"http:\/\/magazineweb.com.ar\/?cat=5\" rel=\"category\">Econom\u00eda<\/a>","rttpg_excerpt":"La Confederaci\u00f3n General Empresaria (CGERA), que re\u00fane a 150 empresarios de la provincia de Buenos Aires, manifestaron \u00abuna gran preocupaci\u00f3n por la baja del consumo\u00bb y advirtieron que \u00abla inflaci\u00f3n&hellip;","_links":{"self":[{"href":"http:\/\/magazineweb.com.ar\/index.php?rest_route=\/wp\/v2\/posts\/4549","targetHints":{"allow":["GET"]}}],"collection":[{"href":"http:\/\/magazineweb.com.ar\/index.php?rest_route=\/wp\/v2\/posts"}],"about":[{"href":"http:\/\/magazineweb.com.ar\/index.php?rest_route=\/wp\/v2\/types\/post"}],"author":[{"embeddable":true,"href":"http:\/\/magazineweb.com.ar\/index.php?rest_route=\/wp\/v2\/users\/3"}],"replies":[{"embeddable":true,"href":"http:\/\/magazineweb.com.ar\/index.php?rest_route=%2Fwp%2Fv2%2Fcomments&post=4549"}],"version-history":[{"count":1,"href":"http:\/\/magazineweb.com.ar\/index.php?rest_route=\/wp\/v2\/posts\/4549\/revisions"}],"predecessor-version":[{"id":4551,"href":"http:\/\/magazineweb.com.ar\/index.php?rest_route=\/wp\/v2\/posts\/4549\/revisions\/4551"}],"wp:featuredmedia":[{"embeddable":true,"href":"http:\/\/magazineweb.com.ar\/index.php?rest_route=\/wp\/v2\/media\/4550"}],"wp:attachment":[{"href":"http:\/\/magazineweb.com.ar\/index.php?rest_route=%2Fwp%2Fv2%2Fmedia&parent=4549"}],"wp:term":[{"taxonomy":"category","embeddable":true,"href":"http:\/\/magazineweb.com.ar\/index.php?rest_route=%2Fwp%2Fv2%2Fcategories&post=4549"},{"taxonomy":"post_tag","embeddable":true,"href":"http:\/\/magazineweb.com.ar\/index.php?rest_route=%2Fwp%2Fv2%2Ftags&post=4549"}],"curies":[{"name":"wp","href":"https:\/\/api.w.org\/{rel}","templated":true}]}}