{"id":4640,"date":"2024-02-07T01:07:00","date_gmt":"2024-02-07T04:07:00","guid":{"rendered":"https:\/\/magazineweb.com.ar\/?p=4640"},"modified":"2024-02-05T22:44:07","modified_gmt":"2024-02-06T01:44:07","slug":"rescataron-a-un-caballo-maltratado-y-desnutrido-en-quilmes","status":"publish","type":"post","link":"http:\/\/magazineweb.com.ar\/?p=4640","title":{"rendered":"Rescataron a un caballo maltratado y desnutrido en Quilmes"},"content":{"rendered":"\n<p>Un caballo sufr\u00eda&nbsp;maltrato animal&nbsp;en la localidad de&nbsp;Quilmes&#8230; pasaba sus d\u00edas lleno de heridas, desnutrido y extremadamente golpeado: Lo estaban matando de a poco. Por tal motivo, personal de la Prefectura y nueve m\u00f3viles policiales en un operativo para rescatarlos. <\/p>\n\n\n\n<p>En el momento en que los oficiales llegaron al lugar, los due\u00f1os del caballo y algunos&nbsp;vecinos salieron a la calle para evitar que los oficiales se llevaran al equino a un refugio para ser curado y rescatado.<\/p>\n\n\n\n<p>Las personas comenzaron a golpear al animal con un palo, con un tabl\u00f3n de madera e incluso un menor se subi\u00f3 a una medianera y comenz\u00f3 a pegarle al animal sin parar.&nbsp;Tambi\u00e9n, intentaron asustar al caballo para que se fuera corriendo y no pudieran llev\u00e1rselo, aunque los efectivos lo evitaron.<\/p>\n\n\n\n<p>Finalmente, entre m\u00e1s de 10 polic\u00edas pudieron llevar al caballo al Hospital y a un Refugio. El animal, llamado Olivo, se encuentra muy herido. Tiene&nbsp;cortes y heridas sangrantes en una de sus cuartillas y coxales, peladuras y mataduras en la cabeza, e isquiotibiales, miembros y un casco fracturado.&nbsp;Adem\u00e1s, esta desnutrido. Desde el Refugio&nbsp;Caballos de Quilmes&nbsp;agradecieron la ayuda de la polic\u00eda, la Fiscal\u00eda, la&nbsp;<em>Secretar\u00eda de Zoonosis y de Seguridad de Quilmes<\/em>, y tambi\u00e9n al Municipio de Quilmes.<\/p>\n\n\n\n<p>Para ayudar al Refugio se pueden&nbsp;donar insumos de primera necesidad y dinero&nbsp;a trav\u00e9s de mercado pago con el alias:&nbsp;Caballos.qui.free.mp&nbsp;o al CVU&nbsp;0000003100106859673199. Tambi\u00e9n, se puede ayudar a trav\u00e9s de su cuenta de Banco COMAFI al CBU&nbsp;2990002400200156510002&nbsp;o al alias&nbsp;abolicion&nbsp;(en min\u00fascula y sin acento).<\/p>\n","protected":false},"excerpt":{"rendered":"<p>Un caballo sufr\u00eda&nbsp;maltrato animal&nbsp;en la localidad de&nbsp;Quilmes&#8230; pasaba sus d\u00edas lleno de heridas, desnutrido y extremadamente golpeado: Lo estaban matando de a poco. Por tal motivo, personal de la Prefectura&hellip;<\/p>\n","protected":false},"author":3,"featured_media":4641,"comment_status":"closed","ping_status":"closed","sticky":false,"template":"","format":"standard","meta":{"footnotes":""},"categories":[9],"tags":[],"class_list":["post-4640","post","type-post","status-publish","format-standard","has-post-thumbnail","hentry","category-informacion-general"],"rttpg_featured_image_url":{"full":["http:\/\/magazineweb.com.ar\/wp-content\/uploads\/2024\/02\/CABALLO.jpg",850,567,false],"landscape":["http:\/\/magazineweb.com.ar\/wp-content\/uploads\/2024\/02\/CABALLO.jpg",850,567,false],"portraits":["http:\/\/magazineweb.com.ar\/wp-content\/uploads\/2024\/02\/CABALLO.jpg",850,567,false],"thumbnail":["http:\/\/magazineweb.com.ar\/wp-content\/uploads\/2024\/02\/CABALLO-150x150.jpg",150,150,true],"medium":["http:\/\/magazineweb.com.ar\/wp-content\/uploads\/2024\/02\/CABALLO-300x200.jpg",300,200,true],"large":["http:\/\/magazineweb.com.ar\/wp-content\/uploads\/2024\/02\/CABALLO.jpg",850,567,false],"1536x1536":["http:\/\/magazineweb.com.ar\/wp-content\/uploads\/2024\/02\/CABALLO.jpg",850,567,false],"2048x2048":["http:\/\/magazineweb.com.ar\/wp-content\/uploads\/2024\/02\/CABALLO.jpg",850,567,false],"ultp_layout_landscape_large":["http:\/\/magazineweb.com.ar\/wp-content\/uploads\/2024\/02\/CABALLO.jpg",850,567,false],"ultp_layout_landscape":["http:\/\/magazineweb.com.ar\/wp-content\/uploads\/2024\/02\/CABALLO.jpg",850,567,false],"ultp_layout_portrait":["http:\/\/magazineweb.com.ar\/wp-content\/uploads\/2024\/02\/CABALLO-600x567.jpg",600,567,true],"ultp_layout_square":["http:\/\/magazineweb.com.ar\/wp-content\/uploads\/2024\/02\/CABALLO-600x567.jpg",600,567,true]},"rttpg_author":{"display_name":"Redacci\u00f3n Magazine Web","author_link":"http:\/\/magazineweb.com.ar\/?author=3"},"rttpg_comment":0,"rttpg_category":"<a href=\"http:\/\/magazineweb.com.ar\/?cat=9\" rel=\"category\">Informaci\u00f3n General<\/a>","rttpg_excerpt":"Un caballo sufr\u00eda&nbsp;maltrato animal&nbsp;en la localidad de&nbsp;Quilmes&#8230; pasaba sus d\u00edas lleno de heridas, desnutrido y extremadamente golpeado: Lo estaban matando de a poco. Por tal motivo, personal de la Prefectura&hellip;","_links":{"self":[{"href":"http:\/\/magazineweb.com.ar\/index.php?rest_route=\/wp\/v2\/posts\/4640","targetHints":{"allow":["GET"]}}],"collection":[{"href":"http:\/\/magazineweb.com.ar\/index.php?rest_route=\/wp\/v2\/posts"}],"about":[{"href":"http:\/\/magazineweb.com.ar\/index.php?rest_route=\/wp\/v2\/types\/post"}],"author":[{"embeddable":true,"href":"http:\/\/magazineweb.com.ar\/index.php?rest_route=\/wp\/v2\/users\/3"}],"replies":[{"embeddable":true,"href":"http:\/\/magazineweb.com.ar\/index.php?rest_route=%2Fwp%2Fv2%2Fcomments&post=4640"}],"version-history":[{"count":1,"href":"http:\/\/magazineweb.com.ar\/index.php?rest_route=\/wp\/v2\/posts\/4640\/revisions"}],"predecessor-version":[{"id":4642,"href":"http:\/\/magazineweb.com.ar\/index.php?rest_route=\/wp\/v2\/posts\/4640\/revisions\/4642"}],"wp:featuredmedia":[{"embeddable":true,"href":"http:\/\/magazineweb.com.ar\/index.php?rest_route=\/wp\/v2\/media\/4641"}],"wp:attachment":[{"href":"http:\/\/magazineweb.com.ar\/index.php?rest_route=%2Fwp%2Fv2%2Fmedia&parent=4640"}],"wp:term":[{"taxonomy":"category","embeddable":true,"href":"http:\/\/magazineweb.com.ar\/index.php?rest_route=%2Fwp%2Fv2%2Fcategories&post=4640"},{"taxonomy":"post_tag","embeddable":true,"href":"http:\/\/magazineweb.com.ar\/index.php?rest_route=%2Fwp%2Fv2%2Ftags&post=4640"}],"curies":[{"name":"wp","href":"https:\/\/api.w.org\/{rel}","templated":true}]}}