{"id":4697,"date":"2024-02-07T01:06:00","date_gmt":"2024-02-07T04:06:00","guid":{"rendered":"https:\/\/magazineweb.com.ar\/?p=4697"},"modified":"2024-02-06T21:28:32","modified_gmt":"2024-02-07T00:28:32","slug":"dirigentes-argentinos-lamentaron-el-fallecimiento-del-expresidente-pinera","status":"publish","type":"post","link":"http:\/\/magazineweb.com.ar\/?p=4697","title":{"rendered":"Dirigentes argentinos lamentaron el fallecimiento del expresidente Pi\u00f1era"},"content":{"rendered":"\n<p>Diversos dirigentes pol\u00edticos y funcionarios argentinos&nbsp;lamentaron en redes sociales el fallecimiento del expresidente de Chile, Sebasti\u00e1n Pi\u00f1era, quien muri\u00f3 en un accidente con su helic\u00f3ptero en la comuna de Lago Ranco, Regi\u00f3n de Los R\u00edos, al sur del pa\u00eds trasandino.<\/p>\n\n\n\n<p>El presidente <strong>Javier Milei<\/strong> envi\u00f3 sus condolencias a \u00abtodo el pueblo chileno\u00bb por la muerte del exmandatario.<\/p>\n\n\n\n<p>En medio de su gira por Israel e Italia, Milei apel\u00f3 a sus redes sociales para \u00abenviar condolencias en nombre del pueblo argentino\u00bb a \u00abfamiliares y amigos\u00bb de Pi\u00f1era, as\u00ed como tambi\u00e9n a \u00abtodo el pueblo chileno\u00bb.<\/p>\n\n\n\n<p>\u00abEn nombre del Estado argentino, enviamos nuestras condolencias a sus familiares, amigos y a todo el pueblo chileno\u00bb,&nbsp;manifest\u00f3 oficialmente la <strong>Oficina del Presidente Javier Milei<\/strong>.<\/p>\n\n\n\n<p>La ministra de Seguridad,&nbsp;<strong>Patricia Bullrich<\/strong>, se\u00f1al\u00f3 en su cuenta de X: \u00abMucha tristeza por la muerte del presidente Sebasti\u00e1n Pi\u00f1era. Nos deja un dem\u00f3crata, con convicciones profundas y a quien recordar\u00e9 con mucho cari\u00f1o\u00bb.<\/p>\n\n\n\n<p>Y agreg\u00f3: \u00abSu legado de compromiso con su pa\u00eds y con Am\u00e9rica Latina perdurar\u00e1 en nuestra conciencia colectiva. Descansa en paz, Sebasti\u00e1n, y que tu memoria sea un faro de inspiraci\u00f3n para las generaciones futuras\u00bb.<\/p>\n\n\n\n<p>El ministro de Defensa,&nbsp;Luis Petri se\u00f1al\u00f3: \u00abLamento la tr\u00e1gica muerte del expresidente de Chile Sebasti\u00e1n Pi\u00f1era. Mis condolencias para toda su familia y para el pueblo chileno en este momento\u00bb.<\/p>\n\n\n\n<p>Por su parte, el jefe de Gobierno porte\u00f1o, <strong>Jorge Macri<\/strong>, se\u00f1alo: \u00abLamento profundamente la muerte del expresidente Sebasti\u00e1n Pi\u00f1era. Su liderazgo y compromiso con Chile siempre ser\u00e1n recordados. Env\u00edo a la familia y amigos mis m\u00e1s sinceras condolencias en este doloroso momento\u00bb.<\/p>\n\n\n\n<p>El<strong> <\/strong>gobernador de C\u00f3rdoba, <strong>Mart\u00edn Llaryora<\/strong>, manifest\u00f3 su \u00abpesar por la muerte\u00bb de Pi\u00f1era y envi\u00f3 sus \u00abcondolencias a su familia y al pueblo chileno\u00bb.<\/p>\n\n\n\n<p>La diputada nacional del PRO <strong>Mar\u00eda Eugenia Vidal<\/strong>&nbsp;lament\u00f3 la muerte del exmandatario y sostuvo: \u00abUn gran abrazo a familiares y amigos de Sebasti\u00e1n Pi\u00f1era, quien supo darle a nuestro pa\u00eds vecino un gobierno democr\u00e1tico, con prosperidad y esperanza\u00bb.<\/p>\n\n\n\n<p>El presidente del bloque de diputados nacionales del PRO,&nbsp;<strong>Cristian Ritondo<\/strong>, lament\u00f3 \u00abprofundamente el fallecimiento del expresidente Sebasti\u00e1n Pi\u00f1era. Se fue un hombre comprometido con su pa\u00eds, gran defensor de la libertad y un gran dem\u00f3crata. Mis condolencias a sus seres queridos y al pueblo chileno\u00bb.<\/p>\n\n\n\n<p>Su colega <strong>Diego Santilli<\/strong> tambi\u00e9n se\u00f1al\u00f3 su pesar y envi\u00f3 su \u00abm\u00e1s sentido p\u00e9same a su familia y un fuerte abrazo a todo el hermano pueblo chileno\u00bb.<\/p>\n\n\n\n<p>El senador radical&nbsp;<strong>Mart\u00edn Lousteau<\/strong>&nbsp;indic\u00f3: \u00abLamentamos el tr\u00e1gico fallecimiento de Sebasti\u00e1n Pi\u00f1era, expresidente de la Rep\u00fablica de Chile. Mis condolencias al pueblo chileno\u00bb.<\/p>\n\n\n\n<p>El exgobernador de San Juan,&nbsp;<strong>Jos\u00e9 Luis Gioja<\/strong>, quien sufri\u00f3 un accidente en un helic\u00f3ptero en 2013, se sum\u00f3 a las condolencias por la muerte de Pi\u00f1era y destac\u00f3 el rol del exmandatario por la \u00abintegraci\u00f3n binacional entre Argentina y Chile\u00bb. Dijo que fue un \u00abgran dirigente que supo entender la importancia y la necesidad de integraci\u00f3n binacional entre Argentina y Chile, y entre la IV Regi\u00f3n y los sanjuaninos. Un fuerte abrazo a sus seres queridos\u00bb.<\/p>\n\n\n\n<p>La expresidenta&nbsp;<strong>Cristina Fern\u00e1ndez de Kirchner<\/strong>&nbsp;lament\u00f3&nbsp; el fallecimiento del exmandatario, a quien calific\u00f3 como \u00abun hombre de derechas pero profundamente democr\u00e1tico\u00bb y record\u00f3 \u00absu sentido del humor y la calidez de su familia\u00bb.<\/p>\n\n\n\n<p>\u00abComo todos saben no ten\u00edamos las mismas ideas, pero nos uni\u00f3 siempre una relaci\u00f3n de mucho respeto: \u00e9l era un hombre de derechas pero profundamente democr\u00e1tico\u00bb, public\u00f3 Fern\u00e1ndez de Kirchner en su cuenta de la red social X.<\/p>\n\n\n\n<p>La dos veces presidenta argentina y exvicepresidenta rememor\u00f3 cuando Pi\u00f1era la acompa\u00f1\u00f3 en 2010 durante \u00ablos festejos del Bicentenario junto a los dem\u00e1s mandatarios de toda la Am\u00e9rica del Sur\u00bb.<\/p>\n\n\n\n<p>\u00abRecuerdo con afecto su sentido del humor y la calidez de su familia, a la que conoc\u00ed en Chile. Para ellos todas mis condolencias\u00bb, agreg\u00f3.<\/p>\n\n\n\n<p>Por su parte, el expresidente <strong>Alberto Fern\u00e1ndez<\/strong> le envi\u00f3 sus condolencias por el fallecimiento del exmandatario chileno Sebasti\u00e1n Pi\u00f1era, a quien dijo que recuerda con \u00absincero afecto m\u00e1s all\u00e1 de las diferencias\u00bb.<\/p>\n\n\n\n<p>\u00abAcabo de enterarme del fallecimiento del expresidente de Chile, Sebasti\u00e1n Pi\u00f1era\u00bb, expres\u00f3 el mandatario desde sus redes sociales, y prosigui\u00f3: \u00abLo recuerdo con sincero afecto disfrutando de lindos encuentros que permanecen en m\u00ed m\u00e1s all\u00e1 de nuestras diferencias\u00bb.<\/p>\n\n\n\n<p>Fern\u00e1ndez, actual presidente del Partido Justicialista, envi\u00f3 sus \u00abcondolencias a la familia\u00bb de Pi\u00f1era y a \u00abtodos lo que lo han querido\u00bb.<\/p>\n","protected":false},"excerpt":{"rendered":"<p>Diversos dirigentes pol\u00edticos y funcionarios argentinos&nbsp;lamentaron en redes sociales el fallecimiento del expresidente de Chile, Sebasti\u00e1n Pi\u00f1era, quien muri\u00f3 en un accidente con su helic\u00f3ptero en la comuna de Lago&hellip;<\/p>\n","protected":false},"author":3,"featured_media":4698,"comment_status":"closed","ping_status":"closed","sticky":false,"template":"","format":"standard","meta":{"footnotes":""},"categories":[10,17],"tags":[],"class_list":["post-4697","post","type-post","status-publish","format-standard","has-post-thumbnail","hentry","category-internacionales","category-nacional"],"rttpg_featured_image_url":{"full":["http:\/\/magazineweb.com.ar\/wp-content\/uploads\/2024\/02\/o_1707256618.webp",1200,675,false],"landscape":["http:\/\/magazineweb.com.ar\/wp-content\/uploads\/2024\/02\/o_1707256618.webp",1200,675,false],"portraits":["http:\/\/magazineweb.com.ar\/wp-content\/uploads\/2024\/02\/o_1707256618.webp",1200,675,false],"thumbnail":["http:\/\/magazineweb.com.ar\/wp-content\/uploads\/2024\/02\/o_1707256618-150x150.webp",150,150,true],"medium":["http:\/\/magazineweb.com.ar\/wp-content\/uploads\/2024\/02\/o_1707256618-300x169.webp",300,169,true],"large":["http:\/\/magazineweb.com.ar\/wp-content\/uploads\/2024\/02\/o_1707256618-1024x576.webp",1024,576,true],"1536x1536":["http:\/\/magazineweb.com.ar\/wp-content\/uploads\/2024\/02\/o_1707256618.webp",1200,675,false],"2048x2048":["http:\/\/magazineweb.com.ar\/wp-content\/uploads\/2024\/02\/o_1707256618.webp",1200,675,false],"ultp_layout_landscape_large":["http:\/\/magazineweb.com.ar\/wp-content\/uploads\/2024\/02\/o_1707256618.webp",1200,675,false],"ultp_layout_landscape":["http:\/\/magazineweb.com.ar\/wp-content\/uploads\/2024\/02\/o_1707256618-870x570.webp",870,570,true],"ultp_layout_portrait":["http:\/\/magazineweb.com.ar\/wp-content\/uploads\/2024\/02\/o_1707256618-600x675.webp",600,675,true],"ultp_layout_square":["http:\/\/magazineweb.com.ar\/wp-content\/uploads\/2024\/02\/o_1707256618-600x600.webp",600,600,true]},"rttpg_author":{"display_name":"Redacci\u00f3n Magazine Web","author_link":"http:\/\/magazineweb.com.ar\/?author=3"},"rttpg_comment":0,"rttpg_category":"<a href=\"http:\/\/magazineweb.com.ar\/?cat=10\" rel=\"category\">Internacionales<\/a> <a href=\"http:\/\/magazineweb.com.ar\/?cat=17\" rel=\"category\">Nacional<\/a>","rttpg_excerpt":"Diversos dirigentes pol\u00edticos y funcionarios argentinos&nbsp;lamentaron en redes sociales el fallecimiento del expresidente de Chile, Sebasti\u00e1n Pi\u00f1era, quien muri\u00f3 en un accidente con su helic\u00f3ptero en la comuna de Lago&hellip;","_links":{"self":[{"href":"http:\/\/magazineweb.com.ar\/index.php?rest_route=\/wp\/v2\/posts\/4697","targetHints":{"allow":["GET"]}}],"collection":[{"href":"http:\/\/magazineweb.com.ar\/index.php?rest_route=\/wp\/v2\/posts"}],"about":[{"href":"http:\/\/magazineweb.com.ar\/index.php?rest_route=\/wp\/v2\/types\/post"}],"author":[{"embeddable":true,"href":"http:\/\/magazineweb.com.ar\/index.php?rest_route=\/wp\/v2\/users\/3"}],"replies":[{"embeddable":true,"href":"http:\/\/magazineweb.com.ar\/index.php?rest_route=%2Fwp%2Fv2%2Fcomments&post=4697"}],"version-history":[{"count":1,"href":"http:\/\/magazineweb.com.ar\/index.php?rest_route=\/wp\/v2\/posts\/4697\/revisions"}],"predecessor-version":[{"id":4699,"href":"http:\/\/magazineweb.com.ar\/index.php?rest_route=\/wp\/v2\/posts\/4697\/revisions\/4699"}],"wp:featuredmedia":[{"embeddable":true,"href":"http:\/\/magazineweb.com.ar\/index.php?rest_route=\/wp\/v2\/media\/4698"}],"wp:attachment":[{"href":"http:\/\/magazineweb.com.ar\/index.php?rest_route=%2Fwp%2Fv2%2Fmedia&parent=4697"}],"wp:term":[{"taxonomy":"category","embeddable":true,"href":"http:\/\/magazineweb.com.ar\/index.php?rest_route=%2Fwp%2Fv2%2Fcategories&post=4697"},{"taxonomy":"post_tag","embeddable":true,"href":"http:\/\/magazineweb.com.ar\/index.php?rest_route=%2Fwp%2Fv2%2Ftags&post=4697"}],"curies":[{"name":"wp","href":"https:\/\/api.w.org\/{rel}","templated":true}]}}