{"id":4817,"date":"2024-02-16T01:03:00","date_gmt":"2024-02-16T04:03:00","guid":{"rendered":"https:\/\/magazineweb.com.ar\/?p=4817"},"modified":"2024-02-15T20:12:56","modified_gmt":"2024-02-15T23:12:56","slug":"la-tarifa-electrica-subira-entre-65-y-150-para-los-usuarios-de-edenor-y-edesur","status":"publish","type":"post","link":"http:\/\/magazineweb.com.ar\/?p=4817","title":{"rendered":"La tarifa el\u00e9ctrica subir\u00e1 entre 65% y 150% para los usuarios de Edenor y Edesur"},"content":{"rendered":"\n<p>La Secretar\u00eda de Energ\u00eda estableci\u00f3 los&nbsp;nuevos cuadros tarifarios para los usuarios de las distribuidoras el\u00e9ctricas Edenor y Edesur, con incrementos promedio de entre 65% y 150%, seg\u00fan el nivel de segmentaci\u00f3n, adem\u00e1s de establecer un mecanismo de ajuste mensual a partir de abril.<\/p>\n\n\n\n<p>Los aumentos comenzar\u00e1n a estar en vigencia una vez que se publiquen las respectivas resoluciones en el Bolet\u00edn Oficial, indic\u00f3 en un comunicado la cartera que conduce Eduardo Rodr\u00edguez Chirillo.<\/p>\n\n\n\n<p>De esta manera, los nuevos valores, as\u00ed como los ajustes mensuales, tendr\u00e1n una validez provisoria durante un a\u00f1o, hasta que se aplique \u00abuna revisi\u00f3n tarifaria quinquenal (per\u00edodo 2024-2028) para garantizar la ejecuci\u00f3n de inversiones que requieren de mayor tiempo de amortizaci\u00f3n y fortalecer la calidad del suministro a los usuarios\u00bb, indic\u00f3.<\/p>\n\n\n\n<p>Energ\u00eda tambi\u00e9n se\u00f1al\u00f3 que \u00abno puede indicarse un \u00fanico incremento generalizado\u00bb en t\u00e9rminos porcentuales, debido a que \u00abhasta ahora hab\u00eda distintas categor\u00edas de usuarios que pagaban precios diferentes por la energ\u00eda y potencia que las distribuidoras adquir\u00edan en el Mercado El\u00e9ctrico Mayorista\u00bb.<\/p>\n\n\n\n<h2 class=\"wp-block-heading\">Ejemplos para calcular cu\u00e1nto aumentar\u00e1 la tarifa el\u00e9ctrica<\/h2>\n\n\n\n<p>Algunos ejemplos, en base a un consumo promedio de 380 kw\/h por mes para las tres categor\u00edas de usuarios seg\u00fan la segmentaci\u00f3n dispuesta en junio de 2022.<\/p>\n\n\n\n<p>\u00abEn el caso de los&nbsp;usuarios N1 (ingresos altos), una factura de $13.900 pasar\u00e1 a pagar $34.332, lo que representa un incremento del&nbsp;150%\u00bb, detall\u00f3, en tanto para los&nbsp;N2 (ingresos bajos), para un mismo nivel de consumo y periodo,&nbsp;pasar\u00e1 de $4.360 a $7.415, con un alza del 70%.<\/p>\n\n\n\n<p>Para los usuarios de&nbsp;ingresos medios comprendidos en el N3, la factura del ejemplo \u00abpasar\u00e1 de $4.783 a $7.850, equivalente a una diferencia de 65%\u00bb, aunque Energ\u00eda aclar\u00f3 que \u00aben caso de superar los 400 KW\/h mensuales, si el consumo alcanzara los 600 KW\/h el monto pasar\u00eda de $14.600 a $34.000, es decir, un 130% de diferencia en la reconfiguraci\u00f3n tarifaria\u00bb.<\/p>\n\n\n\n<h2 class=\"wp-block-heading\">Normalizaci\u00f3n del sector<\/h2>\n\n\n\n<p>Energ\u00eda puntualiz\u00f3 que \u00abla correcci\u00f3n de las tarifas es fundamental para:<br>a) restablecer los precios relativos de la econom\u00eda;<br>b) asegurar la autosuficiencia econ\u00f3mica del sistema el\u00e9ctrico, frente a la incapacidad del Estado Nacional de seguir asistiendo financieramente;<br>c) establecer las bases para promover la inversi\u00f3n privada\u00bb.<\/p>\n\n\n\n<p>Asimismo, adelant\u00f3 que&nbsp;\u00aben el futuro inmediato\u00bb se continuar\u00e1 con el proceso de normalizaci\u00f3n del sector el\u00e9ctrico y para ello se adoptar\u00e1n \u00abmedidas para recomponer el funcionamiento del Mercado Mayorista, para que la oferta interact\u00fae libre y competitivamente con la demanda\u00bb.<\/p>\n\n\n\n<p>Del mismo modo, se proceder\u00e1 a \u00abla reasignaci\u00f3n de subsidios para dar asistencia a quienes tienen menor poder adquisitivo\u00bb y se ayudar\u00e1 a \u00ablos usuarios de altos consumos para que realicen un uso responsable y eficiente de la energ\u00eda, mediante programas de eficiencia energ\u00e9tica\u00bb, acot\u00f3 la Secretar\u00eda de Energ\u00eda de la Naci\u00f3n.<\/p>\n\n\n\n<p><a href=\"javascript:void(0);\"><\/a><\/p>\n","protected":false},"excerpt":{"rendered":"<p>La Secretar\u00eda de Energ\u00eda estableci\u00f3 los&nbsp;nuevos cuadros tarifarios para los usuarios de las distribuidoras el\u00e9ctricas Edenor y Edesur, con incrementos promedio de entre 65% y 150%, seg\u00fan el nivel de&hellip;<\/p>\n","protected":false},"author":3,"featured_media":4818,"comment_status":"closed","ping_status":"closed","sticky":false,"template":"","format":"standard","meta":{"footnotes":""},"categories":[4,9,17],"tags":[],"class_list":["post-4817","post","type-post","status-publish","format-standard","has-post-thumbnail","hentry","category-destacados","category-informacion-general","category-nacional"],"rttpg_featured_image_url":{"full":["http:\/\/magazineweb.com.ar\/wp-content\/uploads\/2024\/02\/627a5fab0586c_1200.jpg",1000,563,false],"landscape":["http:\/\/magazineweb.com.ar\/wp-content\/uploads\/2024\/02\/627a5fab0586c_1200.jpg",1000,563,false],"portraits":["http:\/\/magazineweb.com.ar\/wp-content\/uploads\/2024\/02\/627a5fab0586c_1200.jpg",1000,563,false],"thumbnail":["http:\/\/magazineweb.com.ar\/wp-content\/uploads\/2024\/02\/627a5fab0586c_1200-150x150.jpg",150,150,true],"medium":["http:\/\/magazineweb.com.ar\/wp-content\/uploads\/2024\/02\/627a5fab0586c_1200-300x169.jpg",300,169,true],"large":["http:\/\/magazineweb.com.ar\/wp-content\/uploads\/2024\/02\/627a5fab0586c_1200.jpg",1000,563,false],"1536x1536":["http:\/\/magazineweb.com.ar\/wp-content\/uploads\/2024\/02\/627a5fab0586c_1200.jpg",1000,563,false],"2048x2048":["http:\/\/magazineweb.com.ar\/wp-content\/uploads\/2024\/02\/627a5fab0586c_1200.jpg",1000,563,false],"ultp_layout_landscape_large":["http:\/\/magazineweb.com.ar\/wp-content\/uploads\/2024\/02\/627a5fab0586c_1200.jpg",1000,563,false],"ultp_layout_landscape":["http:\/\/magazineweb.com.ar\/wp-content\/uploads\/2024\/02\/627a5fab0586c_1200-870x563.jpg",870,563,true],"ultp_layout_portrait":["http:\/\/magazineweb.com.ar\/wp-content\/uploads\/2024\/02\/627a5fab0586c_1200-600x563.jpg",600,563,true],"ultp_layout_square":["http:\/\/magazineweb.com.ar\/wp-content\/uploads\/2024\/02\/627a5fab0586c_1200-600x563.jpg",600,563,true]},"rttpg_author":{"display_name":"Redacci\u00f3n Magazine Web","author_link":"http:\/\/magazineweb.com.ar\/?author=3"},"rttpg_comment":0,"rttpg_category":"<a href=\"http:\/\/magazineweb.com.ar\/?cat=4\" rel=\"category\">Destacados<\/a> <a href=\"http:\/\/magazineweb.com.ar\/?cat=9\" rel=\"category\">Informaci\u00f3n General<\/a> <a href=\"http:\/\/magazineweb.com.ar\/?cat=17\" rel=\"category\">Nacional<\/a>","rttpg_excerpt":"La Secretar\u00eda de Energ\u00eda estableci\u00f3 los&nbsp;nuevos cuadros tarifarios para los usuarios de las distribuidoras el\u00e9ctricas Edenor y Edesur, con incrementos promedio de entre 65% y 150%, seg\u00fan el nivel de&hellip;","_links":{"self":[{"href":"http:\/\/magazineweb.com.ar\/index.php?rest_route=\/wp\/v2\/posts\/4817","targetHints":{"allow":["GET"]}}],"collection":[{"href":"http:\/\/magazineweb.com.ar\/index.php?rest_route=\/wp\/v2\/posts"}],"about":[{"href":"http:\/\/magazineweb.com.ar\/index.php?rest_route=\/wp\/v2\/types\/post"}],"author":[{"embeddable":true,"href":"http:\/\/magazineweb.com.ar\/index.php?rest_route=\/wp\/v2\/users\/3"}],"replies":[{"embeddable":true,"href":"http:\/\/magazineweb.com.ar\/index.php?rest_route=%2Fwp%2Fv2%2Fcomments&post=4817"}],"version-history":[{"count":1,"href":"http:\/\/magazineweb.com.ar\/index.php?rest_route=\/wp\/v2\/posts\/4817\/revisions"}],"predecessor-version":[{"id":4819,"href":"http:\/\/magazineweb.com.ar\/index.php?rest_route=\/wp\/v2\/posts\/4817\/revisions\/4819"}],"wp:featuredmedia":[{"embeddable":true,"href":"http:\/\/magazineweb.com.ar\/index.php?rest_route=\/wp\/v2\/media\/4818"}],"wp:attachment":[{"href":"http:\/\/magazineweb.com.ar\/index.php?rest_route=%2Fwp%2Fv2%2Fmedia&parent=4817"}],"wp:term":[{"taxonomy":"category","embeddable":true,"href":"http:\/\/magazineweb.com.ar\/index.php?rest_route=%2Fwp%2Fv2%2Fcategories&post=4817"},{"taxonomy":"post_tag","embeddable":true,"href":"http:\/\/magazineweb.com.ar\/index.php?rest_route=%2Fwp%2Fv2%2Ftags&post=4817"}],"curies":[{"name":"wp","href":"https:\/\/api.w.org\/{rel}","templated":true}]}}