{"id":4829,"date":"2024-02-16T01:02:00","date_gmt":"2024-02-16T04:02:00","guid":{"rendered":"https:\/\/magazineweb.com.ar\/?p=4829"},"modified":"2024-02-15T20:12:01","modified_gmt":"2024-02-15T23:12:01","slug":"asaltaron-a-exjuez-de-la-plata-y-a-su-esposa-en-su-casa-de-villa-elisa","status":"publish","type":"post","link":"http:\/\/magazineweb.com.ar\/?p=4829","title":{"rendered":"Asaltaron a exjuez de La Plata y a su esposa en su casa de Villa Elisa"},"content":{"rendered":"\n<p>El exjuez en lo Contencioso Administrativo de La Plata Luis Federico Arias, actual secretario de Coordinaci\u00f3n de la Municipalidad local, fue asaltado por delincuentes que lo sorprendieron cuando limpiaba la pileta de su casa de la localidad platense de Villa Elisa, informaron fuentes policiales.<\/p>\n\n\n\n<p id=\"block-988d7b3b-f257-4bab-8c32-f5616247be9b\">\u201cFueron cincuenta minutos interminables\u201d, relat\u00f3 el exjuez Arias al canal de noticias A24 y admiti\u00f3 que un momento pens\u00f3: \u201cBueno, \u00bfSaldr\u00e9 con vida de \u00e9sta?\u201d<\/p>\n\n\n\n<p id=\"block-9553ad4c-74e2-4efc-a3bb-a926bba644d7\">El hecho, seg\u00fan fuentes policiales, ocurri\u00f3 en la casa del exmagistrado en la calle 415 entre 19 y 20, de Villa Elisa, cuando Arias se encontraba en la pileta junto a su esposa y fue sorprendido por los delincuentes que lo abordaron y lo amenazaron con armas.<\/p>\n\n\n\n<p id=\"block-1f829ad7-6afc-49aa-bc48-870e09f90dd9\">Seg\u00fan las fuentes, los asaltantes los obligaron a ingresar a la vivienda y los ataron, para luego revisar todos los ambientes y robar distintos objetos de valor, tras lo cual huyeron.<\/p>\n\n\n\n<p id=\"block-9d3627f0-e00a-46fb-8f80-c4128f2d9739\">Las v\u00edctimas lograron luego desatarse y alertar a la Polic\u00eda, por lo que efectivos de la comisar\u00eda 12da. de Villa Elisa concurrieron al lugar.<\/p>\n\n\n\n<p id=\"block-bd9d86fd-728b-4b95-8c81-4eda147f018a\">En di\u00e1logo con A24, el exmagistrado cont\u00f3 que los delincuentes \u201ceran muy profesionales, actuaron con mucha serenidad, no estaban sacados, eran personas grandes, de unos cuarenta, cincuenta a\u00f1os, algunos con mucha violencia verbal\u201d.<\/p>\n\n\n\n<p id=\"block-86962c5b-873f-4e78-9af4-ee6f494562a7\">\u201cNos mostraban las armas, nos apuntaban a la cabeza. Por suerte mis hijos no estaban\u201d, a\u00f1adi\u00f3.<\/p>\n\n\n\n<p id=\"block-4a6bf53c-874b-4dfc-8231-61160ac4ae5e\">Luego se\u00f1al\u00f3 de que se les \u201chizo interminable\u201d y que la casa \u201cla dieron vuelta, caj\u00f3n por caj\u00f3n, el escritorio, las habitaciones\u201d.<\/p>\n\n\n\n<p id=\"block-96cbfd64-3d04-4829-837f-ecbaed2a8276\">\u201cPed\u00edan dinero todo el tiempo, nos dec\u00edan \u00b4si no nos dec\u00eds donde est\u00e1 el dinero, los vamos a llenar de agujeros a vos y a tu mujer\u00b4, y le digo \u00b4busc\u00e1 tranquilo todo lo que quieras, que no vas a encontrar nada\u00b4\u201d, dijo Arias.<\/p>\n\n\n\n<p id=\"block-4cd34447-24f7-4c71-8c5d-b033f6ad18c8\">En ese sentido, a\u00f1adi\u00f3: \u201cTanto mi compa\u00f1era como yo trabajamos en situaciones de violencia, yo he trabajado en contextos de violencia y sabemos c\u00f3mo manejarnos ante eso. Estuvimos todo el tiempo serenos, hemos hablado, hemos dialogado con la persona que hac\u00eda el rol de bueno. Hab\u00eda dos m\u00e1s que estaban muy violentos, pero esta persona dialogaba hasta cordialmente, hasta le trajo un vaso de agua a mi compa\u00f1era.\u201d<\/p>\n\n\n\n<p id=\"block-bfe4792b-b553-4d52-bb63-9c52b678b354\">Por \u00faltimo, Arias reflexion\u00f3 que \u201clo que hay fundamentalmente es un gran deterioro social y cuando hay deterioro social el delito aumenta, y no hay fuerza de seguridad, no hay poder judicial que pueda contener esa situaci\u00f3n\u201d.<\/p>\n\n\n\n<p id=\"block-e4ce56e0-f100-40a7-bba0-2d9ff9f577db\">\u201cLamentablemente creo que el delito va a ir creciendo en Argentina\u201d, concluy\u00f3.<\/p>\n\n\n\n<p id=\"block-09d829a5-f475-470b-af58-0a318facf9c7\">En el lugar los investigadores levantaron rastros y huellas de los posibles autores del hecho y se analizan c\u00e1maras de seguridad de la zona para intentar identificarlos y detenerlos.<\/p>\n\n\n\n<p id=\"block-644ff972-9d0d-44d5-975e-d3c0e8127190\">La causa qued\u00f3 en la Unidad Funcional de Instrucci\u00f3n (UFI) 3 del Departamento Judicial de La Plata, a cargo del fiscal Gonzalo Petit, quien imparti\u00f3 una serie de directivas para lograr atrapar a los ladrones.<\/p>\n","protected":false},"excerpt":{"rendered":"<p>El exjuez en lo Contencioso Administrativo de La Plata Luis Federico Arias, actual secretario de Coordinaci\u00f3n de la Municipalidad local, fue asaltado por delincuentes que lo sorprendieron cuando limpiaba la&hellip;<\/p>\n","protected":false},"author":3,"featured_media":4830,"comment_status":"closed","ping_status":"closed","sticky":false,"template":"","format":"standard","meta":{"footnotes":""},"categories":[4,9],"tags":[],"class_list":["post-4829","post","type-post","status-publish","format-standard","has-post-thumbnail","hentry","category-destacados","category-informacion-general"],"rttpg_featured_image_url":{"full":["http:\/\/magazineweb.com.ar\/wp-content\/uploads\/2024\/02\/65ce350c6fd16_1200.jpg",1200,658,false],"landscape":["http:\/\/magazineweb.com.ar\/wp-content\/uploads\/2024\/02\/65ce350c6fd16_1200.jpg",1200,658,false],"portraits":["http:\/\/magazineweb.com.ar\/wp-content\/uploads\/2024\/02\/65ce350c6fd16_1200.jpg",1200,658,false],"thumbnail":["http:\/\/magazineweb.com.ar\/wp-content\/uploads\/2024\/02\/65ce350c6fd16_1200-150x150.jpg",150,150,true],"medium":["http:\/\/magazineweb.com.ar\/wp-content\/uploads\/2024\/02\/65ce350c6fd16_1200-300x165.jpg",300,165,true],"large":["http:\/\/magazineweb.com.ar\/wp-content\/uploads\/2024\/02\/65ce350c6fd16_1200-1024x561.jpg",1024,561,true],"1536x1536":["http:\/\/magazineweb.com.ar\/wp-content\/uploads\/2024\/02\/65ce350c6fd16_1200.jpg",1200,658,false],"2048x2048":["http:\/\/magazineweb.com.ar\/wp-content\/uploads\/2024\/02\/65ce350c6fd16_1200.jpg",1200,658,false],"ultp_layout_landscape_large":["http:\/\/magazineweb.com.ar\/wp-content\/uploads\/2024\/02\/65ce350c6fd16_1200.jpg",1200,658,false],"ultp_layout_landscape":["http:\/\/magazineweb.com.ar\/wp-content\/uploads\/2024\/02\/65ce350c6fd16_1200-870x570.jpg",870,570,true],"ultp_layout_portrait":["http:\/\/magazineweb.com.ar\/wp-content\/uploads\/2024\/02\/65ce350c6fd16_1200-600x658.jpg",600,658,true],"ultp_layout_square":["http:\/\/magazineweb.com.ar\/wp-content\/uploads\/2024\/02\/65ce350c6fd16_1200-600x600.jpg",600,600,true]},"rttpg_author":{"display_name":"Redacci\u00f3n Magazine Web","author_link":"http:\/\/magazineweb.com.ar\/?author=3"},"rttpg_comment":0,"rttpg_category":"<a href=\"http:\/\/magazineweb.com.ar\/?cat=4\" rel=\"category\">Destacados<\/a> <a href=\"http:\/\/magazineweb.com.ar\/?cat=9\" rel=\"category\">Informaci\u00f3n General<\/a>","rttpg_excerpt":"El exjuez en lo Contencioso Administrativo de La Plata Luis Federico Arias, actual secretario de Coordinaci\u00f3n de la Municipalidad local, fue asaltado por delincuentes que lo sorprendieron cuando limpiaba la&hellip;","_links":{"self":[{"href":"http:\/\/magazineweb.com.ar\/index.php?rest_route=\/wp\/v2\/posts\/4829","targetHints":{"allow":["GET"]}}],"collection":[{"href":"http:\/\/magazineweb.com.ar\/index.php?rest_route=\/wp\/v2\/posts"}],"about":[{"href":"http:\/\/magazineweb.com.ar\/index.php?rest_route=\/wp\/v2\/types\/post"}],"author":[{"embeddable":true,"href":"http:\/\/magazineweb.com.ar\/index.php?rest_route=\/wp\/v2\/users\/3"}],"replies":[{"embeddable":true,"href":"http:\/\/magazineweb.com.ar\/index.php?rest_route=%2Fwp%2Fv2%2Fcomments&post=4829"}],"version-history":[{"count":1,"href":"http:\/\/magazineweb.com.ar\/index.php?rest_route=\/wp\/v2\/posts\/4829\/revisions"}],"predecessor-version":[{"id":4831,"href":"http:\/\/magazineweb.com.ar\/index.php?rest_route=\/wp\/v2\/posts\/4829\/revisions\/4831"}],"wp:featuredmedia":[{"embeddable":true,"href":"http:\/\/magazineweb.com.ar\/index.php?rest_route=\/wp\/v2\/media\/4830"}],"wp:attachment":[{"href":"http:\/\/magazineweb.com.ar\/index.php?rest_route=%2Fwp%2Fv2%2Fmedia&parent=4829"}],"wp:term":[{"taxonomy":"category","embeddable":true,"href":"http:\/\/magazineweb.com.ar\/index.php?rest_route=%2Fwp%2Fv2%2Fcategories&post=4829"},{"taxonomy":"post_tag","embeddable":true,"href":"http:\/\/magazineweb.com.ar\/index.php?rest_route=%2Fwp%2Fv2%2Ftags&post=4829"}],"curies":[{"name":"wp","href":"https:\/\/api.w.org\/{rel}","templated":true}]}}