{"id":4876,"date":"2024-02-19T01:02:00","date_gmt":"2024-02-19T04:02:00","guid":{"rendered":"https:\/\/magazineweb.com.ar\/?p=4876"},"modified":"2024-02-18T19:04:03","modified_gmt":"2024-02-18T22:04:03","slug":"los-niveles-de-pobreza-e-indigencia-pueden-ser-mas-complicados-en-febrero-advirtio-la-uca","status":"publish","type":"post","link":"http:\/\/magazineweb.com.ar\/?p=4876","title":{"rendered":"Los niveles de pobreza e indigencia \u00abpueden ser m\u00e1s complicados en febrero\u00bb, advirti\u00f3 la UCA"},"content":{"rendered":"\n<p>El director del Observatorio de la Deuda Social Argentina (ODSA-UCA), Agust\u00edn Salvia, advirti\u00f3 ayer domingo que los niveles de pobreza en el pa\u00eds podr\u00edan incrementarse este mes de persistir en alza la inflaci\u00f3n y si se profundiza la recesi\u00f3n econ\u00f3mica.<\/p>\n\n\n\n<p>\u00abLa pobreza estructural en la Argentina no es nueva y es de esperar que se agrave, como tambi\u00e9n que&nbsp;febrero sea m\u00e1s complicado\u00bb&nbsp;que los \u00faltimos meses, expres\u00f3 Salvia en declaraciones al canal Todo Noticias (TN).<\/p>\n\n\n\n<p>Un estudio publicado el s\u00e1bado por el Observatorio Social de la UCA indic\u00f3 que la pobreza alcanz\u00f3 en el \u00faltimo bimestre al 57,4% de los argentinos (unas 27 millones de personas), medici\u00f3n que para el presidente, Javier Milei, es responsabilidad de \u00abla verdadera herencia del modelo de la casta\u00bb, seg\u00fan escribi\u00f3 la noche del s\u00e1bado en su cuenta personal de la red social X.<\/p>\n\n\n\n<p>\u00abLa situaci\u00f3n es complicada y grave. No es un fen\u00f3meno nuevo, sino que es un problema que se viene acumulando\u00bb, explic\u00f3 Salvia acerca del resultado de la medici\u00f3n.<\/p>\n\n\n\n<p>Al respecto, indic\u00f3 que la indigencia alcanz\u00f3 en enero pasado al 15% de los argentinos (unas 7 millones de personas), mientras que la pobreza super\u00f3 el 57%.<\/p>\n\n\n\n<p>Ambas estad\u00edsticas representaron, dijo Salvia, un crecimiento en comparaci\u00f3n con las cifras de indigencia y pobreza relevadas en diciembre de 2023, que se encontraban en 14% y 49%, respectivamente.<\/p>\n\n\n\n<p>La medici\u00f3n del Observatorio de la UCA destac\u00f3 que la pobreza se encuentra en&nbsp;el nivel m\u00e1s alto de los \u00faltimos 22 a\u00f1os: en 2002 hab\u00eda alcanzado el 54%.<\/p>\n\n\n\n<p>Salvia se\u00f1al\u00f3 que el incremento de ambas variables sociales es producto de un \u00abproceso constante de inflaci\u00f3n, el inicio de una recesi\u00f3n econ\u00f3mica y sin ajustes salariales importantes\u00bb.<\/p>\n\n\n\n<p>\u00abNuevas clases medias que cayeron en la pobreza\u00bb, mencion\u00f3 Salvia, quien, sin embargo, destac\u00f3 que \u00aben los \u00faltimos 20 a\u00f1os\u00bb se mantuvo firme la estad\u00edstica que el 30% de los argentinos es pobre.<\/p>\n\n\n\n<p>Ese porcentaje, opin\u00f3, \u00abser\u00e1 muy dif\u00edcil\u00bb que se reduzca en el corto tiempo, aunque estim\u00f3 que una cifra similar s\u00ed pueda \u00abbajar m\u00e1s r\u00e1pido\u00bb si la inflaci\u00f3n se sit\u00faa en un d\u00edgito y se logra \u00abestabilidad macroecon\u00f3mica, desarrollo e inversiones productivas\u00bb.<\/p>\n","protected":false},"excerpt":{"rendered":"<p>El director del Observatorio de la Deuda Social Argentina (ODSA-UCA), Agust\u00edn Salvia, advirti\u00f3 ayer domingo que los niveles de pobreza en el pa\u00eds podr\u00edan incrementarse este mes de persistir en&hellip;<\/p>\n","protected":false},"author":3,"featured_media":4877,"comment_status":"closed","ping_status":"closed","sticky":false,"template":"","format":"standard","meta":{"footnotes":""},"categories":[4,17],"tags":[],"class_list":["post-4876","post","type-post","status-publish","format-standard","has-post-thumbnail","hentry","category-destacados","category-nacional"],"rttpg_featured_image_url":{"full":["http:\/\/magazineweb.com.ar\/wp-content\/uploads\/2024\/02\/pobreza-en-argentina-696x392-1.webp",696,392,false],"landscape":["http:\/\/magazineweb.com.ar\/wp-content\/uploads\/2024\/02\/pobreza-en-argentina-696x392-1.webp",696,392,false],"portraits":["http:\/\/magazineweb.com.ar\/wp-content\/uploads\/2024\/02\/pobreza-en-argentina-696x392-1.webp",696,392,false],"thumbnail":["http:\/\/magazineweb.com.ar\/wp-content\/uploads\/2024\/02\/pobreza-en-argentina-696x392-1-150x150.webp",150,150,true],"medium":["http:\/\/magazineweb.com.ar\/wp-content\/uploads\/2024\/02\/pobreza-en-argentina-696x392-1-300x169.webp",300,169,true],"large":["http:\/\/magazineweb.com.ar\/wp-content\/uploads\/2024\/02\/pobreza-en-argentina-696x392-1.webp",696,392,false],"1536x1536":["http:\/\/magazineweb.com.ar\/wp-content\/uploads\/2024\/02\/pobreza-en-argentina-696x392-1.webp",696,392,false],"2048x2048":["http:\/\/magazineweb.com.ar\/wp-content\/uploads\/2024\/02\/pobreza-en-argentina-696x392-1.webp",696,392,false],"ultp_layout_landscape_large":["http:\/\/magazineweb.com.ar\/wp-content\/uploads\/2024\/02\/pobreza-en-argentina-696x392-1.webp",696,392,false],"ultp_layout_landscape":["http:\/\/magazineweb.com.ar\/wp-content\/uploads\/2024\/02\/pobreza-en-argentina-696x392-1.webp",696,392,false],"ultp_layout_portrait":["http:\/\/magazineweb.com.ar\/wp-content\/uploads\/2024\/02\/pobreza-en-argentina-696x392-1-600x392.webp",600,392,true],"ultp_layout_square":["http:\/\/magazineweb.com.ar\/wp-content\/uploads\/2024\/02\/pobreza-en-argentina-696x392-1-600x392.webp",600,392,true]},"rttpg_author":{"display_name":"Redacci\u00f3n Magazine Web","author_link":"http:\/\/magazineweb.com.ar\/?author=3"},"rttpg_comment":0,"rttpg_category":"<a href=\"http:\/\/magazineweb.com.ar\/?cat=4\" rel=\"category\">Destacados<\/a> <a href=\"http:\/\/magazineweb.com.ar\/?cat=17\" rel=\"category\">Nacional<\/a>","rttpg_excerpt":"El director del Observatorio de la Deuda Social Argentina (ODSA-UCA), Agust\u00edn Salvia, advirti\u00f3 ayer domingo que los niveles de pobreza en el pa\u00eds podr\u00edan incrementarse este mes de persistir en&hellip;","_links":{"self":[{"href":"http:\/\/magazineweb.com.ar\/index.php?rest_route=\/wp\/v2\/posts\/4876","targetHints":{"allow":["GET"]}}],"collection":[{"href":"http:\/\/magazineweb.com.ar\/index.php?rest_route=\/wp\/v2\/posts"}],"about":[{"href":"http:\/\/magazineweb.com.ar\/index.php?rest_route=\/wp\/v2\/types\/post"}],"author":[{"embeddable":true,"href":"http:\/\/magazineweb.com.ar\/index.php?rest_route=\/wp\/v2\/users\/3"}],"replies":[{"embeddable":true,"href":"http:\/\/magazineweb.com.ar\/index.php?rest_route=%2Fwp%2Fv2%2Fcomments&post=4876"}],"version-history":[{"count":1,"href":"http:\/\/magazineweb.com.ar\/index.php?rest_route=\/wp\/v2\/posts\/4876\/revisions"}],"predecessor-version":[{"id":4878,"href":"http:\/\/magazineweb.com.ar\/index.php?rest_route=\/wp\/v2\/posts\/4876\/revisions\/4878"}],"wp:featuredmedia":[{"embeddable":true,"href":"http:\/\/magazineweb.com.ar\/index.php?rest_route=\/wp\/v2\/media\/4877"}],"wp:attachment":[{"href":"http:\/\/magazineweb.com.ar\/index.php?rest_route=%2Fwp%2Fv2%2Fmedia&parent=4876"}],"wp:term":[{"taxonomy":"category","embeddable":true,"href":"http:\/\/magazineweb.com.ar\/index.php?rest_route=%2Fwp%2Fv2%2Fcategories&post=4876"},{"taxonomy":"post_tag","embeddable":true,"href":"http:\/\/magazineweb.com.ar\/index.php?rest_route=%2Fwp%2Fv2%2Ftags&post=4876"}],"curies":[{"name":"wp","href":"https:\/\/api.w.org\/{rel}","templated":true}]}}