{"id":4918,"date":"2024-02-19T01:02:00","date_gmt":"2024-02-19T04:02:00","guid":{"rendered":"https:\/\/magazineweb.com.ar\/?p=4918"},"modified":"2024-02-19T01:35:58","modified_gmt":"2024-02-19T04:35:58","slug":"desvio-de-transito-en-un-tramo-de-camino-general-belgrano","status":"publish","type":"post","link":"http:\/\/magazineweb.com.ar\/?p=4918","title":{"rendered":"Desv\u00edo de tr\u00e1nsito en un tramo de Camino General Belgrano"},"content":{"rendered":"\n<p><strong>Se desviar\u00e1 el tr\u00e1nsito de Camino General Belgrano, entre Av. Eva Per\u00f3n y Av. Ant\u00e1rtida Argentina, por 10 d\u00edas -a partir de este lunes 19 de febrero-, debido al reacondicionamiento de esa arteria en el tramo mencionado.<\/strong><\/p>\n\n\n\n<p>De esta manera, el tr\u00e1nsito ser\u00e1 desviado por Av. Ant\u00e1rtida Argentina y por Av. Eva Per\u00f3n. Se le solicita a las y los conductores circular con precauci\u00f3n, as\u00ed como respetar el se\u00f1alamiento provisorio y los desv\u00edos propuestos, con el objetivo de no interferir con la circulaci\u00f3n y el desarrollo normal de los trabajos.<\/p>\n","protected":false},"excerpt":{"rendered":"<p>Se desviar\u00e1 el tr\u00e1nsito de Camino General Belgrano, entre Av. Eva Per\u00f3n y Av. Ant\u00e1rtida Argentina, por 10 d\u00edas -a partir de este lunes 19 de febrero-, debido al reacondicionamiento&hellip;<\/p>\n","protected":false},"author":3,"featured_media":4919,"comment_status":"closed","ping_status":"closed","sticky":false,"template":"","format":"standard","meta":{"footnotes":""},"categories":[4,9],"tags":[],"class_list":["post-4918","post","type-post","status-publish","format-standard","has-post-thumbnail","hentry","category-destacados","category-informacion-general"],"rttpg_featured_image_url":{"full":["http:\/\/magazineweb.com.ar\/wp-content\/uploads\/2024\/02\/Diseno-imagen-2021-09-01T140807.582.jpg",1920,1080,false],"landscape":["http:\/\/magazineweb.com.ar\/wp-content\/uploads\/2024\/02\/Diseno-imagen-2021-09-01T140807.582.jpg",1920,1080,false],"portraits":["http:\/\/magazineweb.com.ar\/wp-content\/uploads\/2024\/02\/Diseno-imagen-2021-09-01T140807.582.jpg",1920,1080,false],"thumbnail":["http:\/\/magazineweb.com.ar\/wp-content\/uploads\/2024\/02\/Diseno-imagen-2021-09-01T140807.582-150x150.jpg",150,150,true],"medium":["http:\/\/magazineweb.com.ar\/wp-content\/uploads\/2024\/02\/Diseno-imagen-2021-09-01T140807.582-300x169.jpg",300,169,true],"large":["http:\/\/magazineweb.com.ar\/wp-content\/uploads\/2024\/02\/Diseno-imagen-2021-09-01T140807.582-1024x576.jpg",1024,576,true],"1536x1536":["http:\/\/magazineweb.com.ar\/wp-content\/uploads\/2024\/02\/Diseno-imagen-2021-09-01T140807.582-1536x864.jpg",1536,864,true],"2048x2048":["http:\/\/magazineweb.com.ar\/wp-content\/uploads\/2024\/02\/Diseno-imagen-2021-09-01T140807.582.jpg",1920,1080,false],"ultp_layout_landscape_large":["http:\/\/magazineweb.com.ar\/wp-content\/uploads\/2024\/02\/Diseno-imagen-2021-09-01T140807.582-1200x800.jpg",1200,800,true],"ultp_layout_landscape":["http:\/\/magazineweb.com.ar\/wp-content\/uploads\/2024\/02\/Diseno-imagen-2021-09-01T140807.582-870x570.jpg",870,570,true],"ultp_layout_portrait":["http:\/\/magazineweb.com.ar\/wp-content\/uploads\/2024\/02\/Diseno-imagen-2021-09-01T140807.582-600x900.jpg",600,900,true],"ultp_layout_square":["http:\/\/magazineweb.com.ar\/wp-content\/uploads\/2024\/02\/Diseno-imagen-2021-09-01T140807.582-600x600.jpg",600,600,true]},"rttpg_author":{"display_name":"Redacci\u00f3n Magazine Web","author_link":"http:\/\/magazineweb.com.ar\/?author=3"},"rttpg_comment":0,"rttpg_category":"<a href=\"http:\/\/magazineweb.com.ar\/?cat=4\" rel=\"category\">Destacados<\/a> <a href=\"http:\/\/magazineweb.com.ar\/?cat=9\" rel=\"category\">Informaci\u00f3n General<\/a>","rttpg_excerpt":"Se desviar\u00e1 el tr\u00e1nsito de Camino General Belgrano, entre Av. Eva Per\u00f3n y Av. Ant\u00e1rtida Argentina, por 10 d\u00edas -a partir de este lunes 19 de febrero-, debido al reacondicionamiento&hellip;","_links":{"self":[{"href":"http:\/\/magazineweb.com.ar\/index.php?rest_route=\/wp\/v2\/posts\/4918","targetHints":{"allow":["GET"]}}],"collection":[{"href":"http:\/\/magazineweb.com.ar\/index.php?rest_route=\/wp\/v2\/posts"}],"about":[{"href":"http:\/\/magazineweb.com.ar\/index.php?rest_route=\/wp\/v2\/types\/post"}],"author":[{"embeddable":true,"href":"http:\/\/magazineweb.com.ar\/index.php?rest_route=\/wp\/v2\/users\/3"}],"replies":[{"embeddable":true,"href":"http:\/\/magazineweb.com.ar\/index.php?rest_route=%2Fwp%2Fv2%2Fcomments&post=4918"}],"version-history":[{"count":1,"href":"http:\/\/magazineweb.com.ar\/index.php?rest_route=\/wp\/v2\/posts\/4918\/revisions"}],"predecessor-version":[{"id":4920,"href":"http:\/\/magazineweb.com.ar\/index.php?rest_route=\/wp\/v2\/posts\/4918\/revisions\/4920"}],"wp:featuredmedia":[{"embeddable":true,"href":"http:\/\/magazineweb.com.ar\/index.php?rest_route=\/wp\/v2\/media\/4919"}],"wp:attachment":[{"href":"http:\/\/magazineweb.com.ar\/index.php?rest_route=%2Fwp%2Fv2%2Fmedia&parent=4918"}],"wp:term":[{"taxonomy":"category","embeddable":true,"href":"http:\/\/magazineweb.com.ar\/index.php?rest_route=%2Fwp%2Fv2%2Fcategories&post=4918"},{"taxonomy":"post_tag","embeddable":true,"href":"http:\/\/magazineweb.com.ar\/index.php?rest_route=%2Fwp%2Fv2%2Ftags&post=4918"}],"curies":[{"name":"wp","href":"https:\/\/api.w.org\/{rel}","templated":true}]}}