{"id":5037,"date":"2024-02-26T01:06:00","date_gmt":"2024-02-26T04:06:00","guid":{"rendered":"https:\/\/magazineweb.com.ar\/?p=5037"},"modified":"2024-02-23T23:46:54","modified_gmt":"2024-02-24T02:46:54","slug":"los-octavos-de-final-de-la-europa-league-con-cruce-de-argentinos","status":"publish","type":"post","link":"http:\/\/magazineweb.com.ar\/?p=5037","title":{"rendered":"Los octavos de final de la Europa League, con cruce de argentinos"},"content":{"rendered":"\n<p>Roma, con los campeones del mundo Leandro Paredes y Paulo Dybala, enfrentar\u00e1 a Brighton<strong>,<\/strong>&nbsp;que tiene a dos argentinos, Facundo Buonanotte y Valent\u00edn Barco, por los octavos de final de la Liga de Europa, seg\u00fan lo determin\u00f3 el sorteo efectuado este viernes en la ciudad suiza de Nyon.<\/p>\n\n\n\n<p>Por su parte, el Benfica portugu\u00e9s que tiene a los campeones del mundo Angel Di Mar\u00eda y Nicol\u00e1s Otamendi se enfrentar\u00e1 con los escoceses del<strong>&nbsp;<\/strong>Rangers.<\/p>\n\n\n\n<p>Liverpool, con el tambi\u00e9n campe\u00f3n en Qatar Alexis Mac Allister, se enfrentar\u00e1<strong>&nbsp;con<\/strong>&nbsp;los checos del Sparta Praga.<\/p>\n\n\n\n<h2 class=\"wp-block-heading\">Programaci\u00f3n completa de los octavos de final<\/h2>\n\n\n\n<p>Sporting de Lisboa-Atalanta; Roma-Brighton; Benfica-Rangers; Sparta Praga-Liverpool; Friburgo-West Ham United; Olympique de Marsella-Villarreal; Milan-Slavia Praga y Qarabag-Bayer Leverkusen.<\/p>\n\n\n\n<p>Los octavos de final (partidos de ida y vuelta) se jugar\u00e1 el 7 y el 14 de marzo, mientras que la final de la Liga de Europa esta prevista para el 22 de mayo en el estadio irland\u00e9s Dublin Arena.<\/p>\n","protected":false},"excerpt":{"rendered":"<p>Roma, con los campeones del mundo Leandro Paredes y Paulo Dybala, enfrentar\u00e1 a Brighton,&nbsp;que tiene a dos argentinos, Facundo Buonanotte y Valent\u00edn Barco, por los octavos de final de la&hellip;<\/p>\n","protected":false},"author":3,"featured_media":5038,"comment_status":"closed","ping_status":"closed","sticky":false,"template":"","format":"standard","meta":{"footnotes":""},"categories":[3],"tags":[],"class_list":["post-5037","post","type-post","status-publish","format-standard","has-post-thumbnail","hentry","category-deportes"],"rttpg_featured_image_url":{"full":["http:\/\/magazineweb.com.ar\/wp-content\/uploads\/2024\/02\/65d89595ac7ac_1200.jpg",1200,675,false],"landscape":["http:\/\/magazineweb.com.ar\/wp-content\/uploads\/2024\/02\/65d89595ac7ac_1200.jpg",1200,675,false],"portraits":["http:\/\/magazineweb.com.ar\/wp-content\/uploads\/2024\/02\/65d89595ac7ac_1200.jpg",1200,675,false],"thumbnail":["http:\/\/magazineweb.com.ar\/wp-content\/uploads\/2024\/02\/65d89595ac7ac_1200-150x150.jpg",150,150,true],"medium":["http:\/\/magazineweb.com.ar\/wp-content\/uploads\/2024\/02\/65d89595ac7ac_1200-300x169.jpg",300,169,true],"large":["http:\/\/magazineweb.com.ar\/wp-content\/uploads\/2024\/02\/65d89595ac7ac_1200-1024x576.jpg",1024,576,true],"1536x1536":["http:\/\/magazineweb.com.ar\/wp-content\/uploads\/2024\/02\/65d89595ac7ac_1200.jpg",1200,675,false],"2048x2048":["http:\/\/magazineweb.com.ar\/wp-content\/uploads\/2024\/02\/65d89595ac7ac_1200.jpg",1200,675,false],"ultp_layout_landscape_large":["http:\/\/magazineweb.com.ar\/wp-content\/uploads\/2024\/02\/65d89595ac7ac_1200.jpg",1200,675,false],"ultp_layout_landscape":["http:\/\/magazineweb.com.ar\/wp-content\/uploads\/2024\/02\/65d89595ac7ac_1200-870x570.jpg",870,570,true],"ultp_layout_portrait":["http:\/\/magazineweb.com.ar\/wp-content\/uploads\/2024\/02\/65d89595ac7ac_1200-600x675.jpg",600,675,true],"ultp_layout_square":["http:\/\/magazineweb.com.ar\/wp-content\/uploads\/2024\/02\/65d89595ac7ac_1200-600x600.jpg",600,600,true]},"rttpg_author":{"display_name":"Redacci\u00f3n Magazine Web","author_link":"http:\/\/magazineweb.com.ar\/?author=3"},"rttpg_comment":0,"rttpg_category":"<a href=\"http:\/\/magazineweb.com.ar\/?cat=3\" rel=\"category\">Deportes<\/a>","rttpg_excerpt":"Roma, con los campeones del mundo Leandro Paredes y Paulo Dybala, enfrentar\u00e1 a Brighton,&nbsp;que tiene a dos argentinos, Facundo Buonanotte y Valent\u00edn Barco, por los octavos de final de la&hellip;","_links":{"self":[{"href":"http:\/\/magazineweb.com.ar\/index.php?rest_route=\/wp\/v2\/posts\/5037","targetHints":{"allow":["GET"]}}],"collection":[{"href":"http:\/\/magazineweb.com.ar\/index.php?rest_route=\/wp\/v2\/posts"}],"about":[{"href":"http:\/\/magazineweb.com.ar\/index.php?rest_route=\/wp\/v2\/types\/post"}],"author":[{"embeddable":true,"href":"http:\/\/magazineweb.com.ar\/index.php?rest_route=\/wp\/v2\/users\/3"}],"replies":[{"embeddable":true,"href":"http:\/\/magazineweb.com.ar\/index.php?rest_route=%2Fwp%2Fv2%2Fcomments&post=5037"}],"version-history":[{"count":1,"href":"http:\/\/magazineweb.com.ar\/index.php?rest_route=\/wp\/v2\/posts\/5037\/revisions"}],"predecessor-version":[{"id":5039,"href":"http:\/\/magazineweb.com.ar\/index.php?rest_route=\/wp\/v2\/posts\/5037\/revisions\/5039"}],"wp:featuredmedia":[{"embeddable":true,"href":"http:\/\/magazineweb.com.ar\/index.php?rest_route=\/wp\/v2\/media\/5038"}],"wp:attachment":[{"href":"http:\/\/magazineweb.com.ar\/index.php?rest_route=%2Fwp%2Fv2%2Fmedia&parent=5037"}],"wp:term":[{"taxonomy":"category","embeddable":true,"href":"http:\/\/magazineweb.com.ar\/index.php?rest_route=%2Fwp%2Fv2%2Fcategories&post=5037"},{"taxonomy":"post_tag","embeddable":true,"href":"http:\/\/magazineweb.com.ar\/index.php?rest_route=%2Fwp%2Fv2%2Ftags&post=5037"}],"curies":[{"name":"wp","href":"https:\/\/api.w.org\/{rel}","templated":true}]}}