{"id":5223,"date":"2024-03-05T01:04:00","date_gmt":"2024-03-05T04:04:00","guid":{"rendered":"https:\/\/magazineweb.com.ar\/?p=5223"},"modified":"2024-03-04T18:44:18","modified_gmt":"2024-03-04T21:44:18","slug":"mussi-inicio-el-ciclo-lectivo-2024-en-escuelas-publicas-de-berazategui","status":"publish","type":"post","link":"http:\/\/magazineweb.com.ar\/?p=5223","title":{"rendered":"Mussi inici\u00f3 el ciclo lectivo 2024 en escuelas p\u00fablicas de Berazategui"},"content":{"rendered":"\n<p id=\"geom_inter_1709588266589_28_17\">Ante la presencia de directivos, estudiantes y padres, el intendente de Berazategui, Juan Jos\u00e9 Mussi, encabez\u00f3 la ceremonia de inicio del Ciclo lectivo 2024 en la Escuela Primaria N\u00b0 24 \u201cDomingo Faustino Sarmiento\u201d.<\/p>\n\n\n\n<p id=\"geom_inter_1709588064779_3_9\">All\u00ed, Mussi expres\u00f3: \u201cEsta escuela le rinde un homenaje permanente a la educaci\u00f3n p\u00fablica, por el amor con el que la cuidan. Cuando me dijeron que \u00edbamos a arrancar el a\u00f1o en este lugar, me puse muy feliz, porque me trae un mont\u00f3n de recuerdos lindos\u201d. Asimismo, el Intendente municipal destac\u00f3: \u201cTenemos que seguir defendiendo la escuela p\u00fablica, gratuita, igualitaria, abierta a todos los sectores de la comunidad, porque a la educaci\u00f3n argentina la salva la escuela p\u00fablica\u201d.<\/p>\n\n\n\n<p>El ciclo lectivo 2024 en Berazategui contempla 50 mil estudiantes en instituciones educativas estatales.<\/p>\n\n\n\n<p>En este marco, la directora de la Primaria N\u00b0 24, Carina Calder\u00f3n, se\u00f1al\u00f3: \u201cEstamos muy contentas, arrancando con la misma pasi\u00f3n que ponemos siempre. Este a\u00f1o tan dif\u00edcil pide que trabajemos juntos para sacar a la escuela p\u00fablica adelante\u201d.<\/p>\n\n\n\n<p id=\"geom_inter_1709588323947_48_22\">Durante el acto, estudiantes de 6to A interpretaron una coreograf\u00eda inspirada en la canci\u00f3n Vuelos, de Bersuit Vergarabat, en el marco de los 40 a\u00f1os de democracia ininterrumpida que se cumplieron en 2023.<\/p>\n\n\n\n<p id=\"geom_inter_1709588323949_19_27\">Tambi\u00e9n participaron los secretarios de Cultura y Educaci\u00f3n de la Municipalidad, Federico L\u00f3pez; de Desarrollo Social y Comunitario, Recreaci\u00f3n, Turismo y Deportes, Mar\u00eda Laura Lacava; y de la Secretar\u00eda Privada, Mar\u00eda del Carmen Flores; el presidente del Consejo Escolar, Fernando Cardozo; la inspectora jefa distrital, Gladys Ram\u00edrez; y la asesora de Psicolog\u00eda de la Direcci\u00f3n General de Cultura y Educaci\u00f3n bonaerense, Fabiola Mart\u00edn.<\/p>\n","protected":false},"excerpt":{"rendered":"<p>Ante la presencia de directivos, estudiantes y padres, el intendente de Berazategui, Juan Jos\u00e9 Mussi, encabez\u00f3 la ceremonia de inicio del Ciclo lectivo 2024 en la Escuela Primaria N\u00b0 24&hellip;<\/p>\n","protected":false},"author":3,"featured_media":5224,"comment_status":"closed","ping_status":"closed","sticky":false,"template":"","format":"standard","meta":{"footnotes":""},"categories":[4,9],"tags":[],"class_list":["post-5223","post","type-post","status-publish","format-standard","has-post-thumbnail","hentry","category-destacados","category-informacion-general"],"rttpg_featured_image_url":{"full":["http:\/\/magazineweb.com.ar\/wp-content\/uploads\/2024\/03\/MUSSI-INICIO-EL-CICLO-LECTIVO-2024-EN-ESCUELAS-PUBLICAS-DE-BERAZATEGUI-4.jpg",1920,1280,false],"landscape":["http:\/\/magazineweb.com.ar\/wp-content\/uploads\/2024\/03\/MUSSI-INICIO-EL-CICLO-LECTIVO-2024-EN-ESCUELAS-PUBLICAS-DE-BERAZATEGUI-4.jpg",1920,1280,false],"portraits":["http:\/\/magazineweb.com.ar\/wp-content\/uploads\/2024\/03\/MUSSI-INICIO-EL-CICLO-LECTIVO-2024-EN-ESCUELAS-PUBLICAS-DE-BERAZATEGUI-4.jpg",1920,1280,false],"thumbnail":["http:\/\/magazineweb.com.ar\/wp-content\/uploads\/2024\/03\/MUSSI-INICIO-EL-CICLO-LECTIVO-2024-EN-ESCUELAS-PUBLICAS-DE-BERAZATEGUI-4-150x150.jpg",150,150,true],"medium":["http:\/\/magazineweb.com.ar\/wp-content\/uploads\/2024\/03\/MUSSI-INICIO-EL-CICLO-LECTIVO-2024-EN-ESCUELAS-PUBLICAS-DE-BERAZATEGUI-4-300x200.jpg",300,200,true],"large":["http:\/\/magazineweb.com.ar\/wp-content\/uploads\/2024\/03\/MUSSI-INICIO-EL-CICLO-LECTIVO-2024-EN-ESCUELAS-PUBLICAS-DE-BERAZATEGUI-4-1024x683.jpg",1024,683,true],"1536x1536":["http:\/\/magazineweb.com.ar\/wp-content\/uploads\/2024\/03\/MUSSI-INICIO-EL-CICLO-LECTIVO-2024-EN-ESCUELAS-PUBLICAS-DE-BERAZATEGUI-4-1536x1024.jpg",1536,1024,true],"2048x2048":["http:\/\/magazineweb.com.ar\/wp-content\/uploads\/2024\/03\/MUSSI-INICIO-EL-CICLO-LECTIVO-2024-EN-ESCUELAS-PUBLICAS-DE-BERAZATEGUI-4.jpg",1920,1280,false],"ultp_layout_landscape_large":["http:\/\/magazineweb.com.ar\/wp-content\/uploads\/2024\/03\/MUSSI-INICIO-EL-CICLO-LECTIVO-2024-EN-ESCUELAS-PUBLICAS-DE-BERAZATEGUI-4-1200x800.jpg",1200,800,true],"ultp_layout_landscape":["http:\/\/magazineweb.com.ar\/wp-content\/uploads\/2024\/03\/MUSSI-INICIO-EL-CICLO-LECTIVO-2024-EN-ESCUELAS-PUBLICAS-DE-BERAZATEGUI-4-870x570.jpg",870,570,true],"ultp_layout_portrait":["http:\/\/magazineweb.com.ar\/wp-content\/uploads\/2024\/03\/MUSSI-INICIO-EL-CICLO-LECTIVO-2024-EN-ESCUELAS-PUBLICAS-DE-BERAZATEGUI-4-600x900.jpg",600,900,true],"ultp_layout_square":["http:\/\/magazineweb.com.ar\/wp-content\/uploads\/2024\/03\/MUSSI-INICIO-EL-CICLO-LECTIVO-2024-EN-ESCUELAS-PUBLICAS-DE-BERAZATEGUI-4-600x600.jpg",600,600,true]},"rttpg_author":{"display_name":"Redacci\u00f3n Magazine Web","author_link":"http:\/\/magazineweb.com.ar\/?author=3"},"rttpg_comment":0,"rttpg_category":"<a href=\"http:\/\/magazineweb.com.ar\/?cat=4\" rel=\"category\">Destacados<\/a> <a href=\"http:\/\/magazineweb.com.ar\/?cat=9\" rel=\"category\">Informaci\u00f3n General<\/a>","rttpg_excerpt":"Ante la presencia de directivos, estudiantes y padres, el intendente de Berazategui, Juan Jos\u00e9 Mussi, encabez\u00f3 la ceremonia de inicio del Ciclo lectivo 2024 en la Escuela Primaria N\u00b0 24&hellip;","_links":{"self":[{"href":"http:\/\/magazineweb.com.ar\/index.php?rest_route=\/wp\/v2\/posts\/5223","targetHints":{"allow":["GET"]}}],"collection":[{"href":"http:\/\/magazineweb.com.ar\/index.php?rest_route=\/wp\/v2\/posts"}],"about":[{"href":"http:\/\/magazineweb.com.ar\/index.php?rest_route=\/wp\/v2\/types\/post"}],"author":[{"embeddable":true,"href":"http:\/\/magazineweb.com.ar\/index.php?rest_route=\/wp\/v2\/users\/3"}],"replies":[{"embeddable":true,"href":"http:\/\/magazineweb.com.ar\/index.php?rest_route=%2Fwp%2Fv2%2Fcomments&post=5223"}],"version-history":[{"count":1,"href":"http:\/\/magazineweb.com.ar\/index.php?rest_route=\/wp\/v2\/posts\/5223\/revisions"}],"predecessor-version":[{"id":5225,"href":"http:\/\/magazineweb.com.ar\/index.php?rest_route=\/wp\/v2\/posts\/5223\/revisions\/5225"}],"wp:featuredmedia":[{"embeddable":true,"href":"http:\/\/magazineweb.com.ar\/index.php?rest_route=\/wp\/v2\/media\/5224"}],"wp:attachment":[{"href":"http:\/\/magazineweb.com.ar\/index.php?rest_route=%2Fwp%2Fv2%2Fmedia&parent=5223"}],"wp:term":[{"taxonomy":"category","embeddable":true,"href":"http:\/\/magazineweb.com.ar\/index.php?rest_route=%2Fwp%2Fv2%2Fcategories&post=5223"},{"taxonomy":"post_tag","embeddable":true,"href":"http:\/\/magazineweb.com.ar\/index.php?rest_route=%2Fwp%2Fv2%2Ftags&post=5223"}],"curies":[{"name":"wp","href":"https:\/\/api.w.org\/{rel}","templated":true}]}}