{"id":5247,"date":"2024-03-05T01:02:00","date_gmt":"2024-03-05T04:02:00","guid":{"rendered":"https:\/\/magazineweb.com.ar\/?p=5247"},"modified":"2024-03-04T20:19:45","modified_gmt":"2024-03-04T23:19:45","slug":"el-ministro-pablo-lopez-indico-que-la-produccion-de-vehiculos-en-la-provincia-se-desplomo-21-en-enero","status":"publish","type":"post","link":"http:\/\/magazineweb.com.ar\/?p=5247","title":{"rendered":"El ministro Pablo L\u00f3pez indic\u00f3 que \u00abla producci\u00f3n de veh\u00edculos en la provincia se desplom\u00f3 21% en enero\u00bb"},"content":{"rendered":"\n<p>El ministro de Econom\u00eda bonaerense,&nbsp;Pablo L\u00f3pez, afirm\u00f3 que la producci\u00f3n de veh\u00edculos en la provincia se desplom\u00f3 21% en el primer mes del a\u00f1o.<\/p>\n\n\n\n<p>De esta manera lo indic\u00f3 a trav\u00e9s de su cuenta personal en la red social X, que acompa\u00f1\u00f3 con una serie de gr\u00e1ficos en los que se muestra la producci\u00f3n registrada en los meses de enero, desde el a\u00f1o 2018 a la fecha.<\/p>\n\n\n\n<p>\u00abLuego del r\u00e9cord registrado en 2023, la producci\u00f3n de veh\u00edculos en la Provincia se desplom\u00f3 21% en el primer mes del a\u00f1o\u201d, asever\u00f3.<\/p>\n\n\n\n<p>\u00abComo venimos se\u00f1alando, el apag\u00f3n industrial de diciembre se asemeja al de la crisis de 2001. La industria automotriz bonaerense sufre las consecuencias\u00bb, compar\u00f3 L\u00f3pez.<\/p>\n\n\n\n<p>En ese marco, sostuvo que \u00abla mayor baja interanual se da en la producci\u00f3n de utilitarios, que cay\u00f3 25% respecto de enero de 2023 (casi 3.400 unidades menos)\u00bb.<\/p>\n\n\n\n<p>\u00abLa producci\u00f3n acumulada de utilitarios hab\u00eda alcanzado en 2023 su m\u00e1ximo hist\u00f3rico, con 287 mil unidades\u00bb, public\u00f3 junto a los datos registrados de autom\u00f3viles y utilitarios durante los \u00faltimos siete a\u00f1os.<\/p>\n\n\n\n<p>Y agreg\u00f3 que \u00ablas pol\u00edticas nacionales est\u00e1n afectando fuertemente a los sectores productivos, los jubilados y los trabajadores de ingresos medios y bajos. El ajuste no debe ser a costa del pueblo bonaerense\u00bb.<\/p>\n","protected":false},"excerpt":{"rendered":"<p>El ministro de Econom\u00eda bonaerense,&nbsp;Pablo L\u00f3pez, afirm\u00f3 que la producci\u00f3n de veh\u00edculos en la provincia se desplom\u00f3 21% en el primer mes del a\u00f1o. De esta manera lo indic\u00f3 a&hellip;<\/p>\n","protected":false},"author":3,"featured_media":5248,"comment_status":"closed","ping_status":"closed","sticky":false,"template":"","format":"standard","meta":{"footnotes":""},"categories":[4,5],"tags":[],"class_list":["post-5247","post","type-post","status-publish","format-standard","has-post-thumbnail","hentry","category-destacados","category-economia"],"rttpg_featured_image_url":{"full":["http:\/\/magazineweb.com.ar\/wp-content\/uploads\/2024\/03\/plopez.jpg",1004,565,false],"landscape":["http:\/\/magazineweb.com.ar\/wp-content\/uploads\/2024\/03\/plopez.jpg",1004,565,false],"portraits":["http:\/\/magazineweb.com.ar\/wp-content\/uploads\/2024\/03\/plopez.jpg",1004,565,false],"thumbnail":["http:\/\/magazineweb.com.ar\/wp-content\/uploads\/2024\/03\/plopez-150x150.jpg",150,150,true],"medium":["http:\/\/magazineweb.com.ar\/wp-content\/uploads\/2024\/03\/plopez-300x169.jpg",300,169,true],"large":["http:\/\/magazineweb.com.ar\/wp-content\/uploads\/2024\/03\/plopez.jpg",1004,565,false],"1536x1536":["http:\/\/magazineweb.com.ar\/wp-content\/uploads\/2024\/03\/plopez.jpg",1004,565,false],"2048x2048":["http:\/\/magazineweb.com.ar\/wp-content\/uploads\/2024\/03\/plopez.jpg",1004,565,false],"ultp_layout_landscape_large":["http:\/\/magazineweb.com.ar\/wp-content\/uploads\/2024\/03\/plopez.jpg",1004,565,false],"ultp_layout_landscape":["http:\/\/magazineweb.com.ar\/wp-content\/uploads\/2024\/03\/plopez-870x565.jpg",870,565,true],"ultp_layout_portrait":["http:\/\/magazineweb.com.ar\/wp-content\/uploads\/2024\/03\/plopez-600x565.jpg",600,565,true],"ultp_layout_square":["http:\/\/magazineweb.com.ar\/wp-content\/uploads\/2024\/03\/plopez-600x565.jpg",600,565,true]},"rttpg_author":{"display_name":"Redacci\u00f3n Magazine Web","author_link":"http:\/\/magazineweb.com.ar\/?author=3"},"rttpg_comment":0,"rttpg_category":"<a href=\"http:\/\/magazineweb.com.ar\/?cat=4\" rel=\"category\">Destacados<\/a> <a href=\"http:\/\/magazineweb.com.ar\/?cat=5\" rel=\"category\">Econom\u00eda<\/a>","rttpg_excerpt":"El ministro de Econom\u00eda bonaerense,&nbsp;Pablo L\u00f3pez, afirm\u00f3 que la producci\u00f3n de veh\u00edculos en la provincia se desplom\u00f3 21% en el primer mes del a\u00f1o. De esta manera lo indic\u00f3 a&hellip;","_links":{"self":[{"href":"http:\/\/magazineweb.com.ar\/index.php?rest_route=\/wp\/v2\/posts\/5247","targetHints":{"allow":["GET"]}}],"collection":[{"href":"http:\/\/magazineweb.com.ar\/index.php?rest_route=\/wp\/v2\/posts"}],"about":[{"href":"http:\/\/magazineweb.com.ar\/index.php?rest_route=\/wp\/v2\/types\/post"}],"author":[{"embeddable":true,"href":"http:\/\/magazineweb.com.ar\/index.php?rest_route=\/wp\/v2\/users\/3"}],"replies":[{"embeddable":true,"href":"http:\/\/magazineweb.com.ar\/index.php?rest_route=%2Fwp%2Fv2%2Fcomments&post=5247"}],"version-history":[{"count":1,"href":"http:\/\/magazineweb.com.ar\/index.php?rest_route=\/wp\/v2\/posts\/5247\/revisions"}],"predecessor-version":[{"id":5249,"href":"http:\/\/magazineweb.com.ar\/index.php?rest_route=\/wp\/v2\/posts\/5247\/revisions\/5249"}],"wp:featuredmedia":[{"embeddable":true,"href":"http:\/\/magazineweb.com.ar\/index.php?rest_route=\/wp\/v2\/media\/5248"}],"wp:attachment":[{"href":"http:\/\/magazineweb.com.ar\/index.php?rest_route=%2Fwp%2Fv2%2Fmedia&parent=5247"}],"wp:term":[{"taxonomy":"category","embeddable":true,"href":"http:\/\/magazineweb.com.ar\/index.php?rest_route=%2Fwp%2Fv2%2Fcategories&post=5247"},{"taxonomy":"post_tag","embeddable":true,"href":"http:\/\/magazineweb.com.ar\/index.php?rest_route=%2Fwp%2Fv2%2Ftags&post=5247"}],"curies":[{"name":"wp","href":"https:\/\/api.w.org\/{rel}","templated":true}]}}