{"id":5389,"date":"2024-03-13T01:05:00","date_gmt":"2024-03-13T04:05:00","guid":{"rendered":"https:\/\/magazineweb.com.ar\/?p=5389"},"modified":"2024-03-10T21:00:03","modified_gmt":"2024-03-11T00:00:03","slug":"el-primer-encuentro-de-arte-en-la-calle-fue-un-exito","status":"publish","type":"post","link":"http:\/\/magazineweb.com.ar\/?p=5389","title":{"rendered":"El primer encuentro de arte en la calle fue un \u00e9xito"},"content":{"rendered":"\n<p>Cientos de personas pasaron por la peatonal Monteagudo la tarde del s\u00e1bado: algunas, como parte de un itinerario de paso; otras, sab\u00edan que las expresiones art\u00edsticas iban a ser protagonistas mediante una multiplicidad de disciplinas.<\/p>\n\n\n\n<p>En el tramo desde Sallar\u00e9s hasta San Juan, la oferta fue heterog\u00e9nea y despertaba la curiosidad de cada transe\u00fante. Con el atardecer, el intendente -Andr\u00e9s Watson- arrib\u00f3 para conversar con vecinos, vecinas, emprendedores y emprendedoras.<\/p>\n\n\n\n<p>Ivana, oriunda de La Sirena, cerr\u00f3 unas cuantas ventas. \u201cPor lo general, opt\u00e9 por trabajar los motivos vinculados a nuestro pa\u00eds y sus tradiciones\u201d, coment\u00f3 la joven que mostraba tazas, esculturas y pinturas. Construy\u00f3 una clientela fiel quienes \u201csiempre me pidieron por encargo, personalizado\u201d, pero durante la jornada \u201ctambi\u00e9n me conoci\u00f3 otra gente\u201d.<\/p>\n\n\n\n<p>Como m\u00fasica ambiente, pod\u00edan o\u00edrse las rimas improvisadas en una batalla de freestyle. Mientras tanto Cristian -de Santa Rosa- junto a su esposa e hija consultaba por el precio de diferentes productos. \u201cEspectacular, todo lo relacionado al arte: desde los retratos hasta cantantes. Unos genios\u201d, afirm\u00f3.<\/p>\n\n\n\n<p>Un grupo de j\u00f3venes conversaban o respond\u00edan las preguntas por alguna de sus creaciones. \u201cTraje mis cuadernos para vender\u201d, indic\u00f3 Juan que agradeci\u00f3 al \u201cMunicipio por este espacio de comercializaci\u00f3n\u201d.<\/p>\n\n\n\n<p>Vasijas, c\u00f3mics, fotograf\u00edas e im\u00e1genes realistas de reconocidas figuras argentinas. En la copla callejera, los raperos ped\u00edan al p\u00fablico palabras para iniciar el combate mel\u00f3dico: el 8 M y el rol de la mujer fue la tem\u00e1tica de cierre donde lograron una ovaci\u00f3n tras una muestra de concientizaci\u00f3n.<\/p>\n\n\n\n<p>\u201cLlegu\u00e9 desde Almirante Brown para visitar a mi t\u00eda y mi primo. Me pareci\u00f3 atractivo recorrer los puestos. Esta movida le dio vida a la calle\u201d, sentenci\u00f3 Alejandro.<\/p>\n\n\n\n<p>El objetivo fue mostrar la gran variedad de propuestas de la Casa de la Cultura, el museo municipal, la Casa del Folklore, entre otras instituciones. Acompa\u00f1\u00f3 al Mandatario Comunal, el secretario de Cultura, Deportes y Recreaci\u00f3n, Mauricio Rodr\u00edguez.<\/p>\n","protected":false},"excerpt":{"rendered":"<p>Cientos de personas pasaron por la peatonal Monteagudo la tarde del s\u00e1bado: algunas, como parte de un itinerario de paso; otras, sab\u00edan que las expresiones art\u00edsticas iban a ser protagonistas&hellip;<\/p>\n","protected":false},"author":3,"featured_media":5390,"comment_status":"closed","ping_status":"closed","sticky":false,"template":"","format":"standard","meta":{"footnotes":""},"categories":[7],"tags":[],"class_list":["post-5389","post","type-post","status-publish","format-standard","has-post-thumbnail","hentry","category-espectaculos"],"rttpg_featured_image_url":{"full":["http:\/\/magazineweb.com.ar\/wp-content\/uploads\/2024\/03\/calle-scaled.jpg",2560,1707,false],"landscape":["http:\/\/magazineweb.com.ar\/wp-content\/uploads\/2024\/03\/calle-scaled.jpg",2560,1707,false],"portraits":["http:\/\/magazineweb.com.ar\/wp-content\/uploads\/2024\/03\/calle-scaled.jpg",2560,1707,false],"thumbnail":["http:\/\/magazineweb.com.ar\/wp-content\/uploads\/2024\/03\/calle-150x150.jpg",150,150,true],"medium":["http:\/\/magazineweb.com.ar\/wp-content\/uploads\/2024\/03\/calle-300x200.jpg",300,200,true],"large":["http:\/\/magazineweb.com.ar\/wp-content\/uploads\/2024\/03\/calle-1024x683.jpg",1024,683,true],"1536x1536":["http:\/\/magazineweb.com.ar\/wp-content\/uploads\/2024\/03\/calle-1536x1024.jpg",1536,1024,true],"2048x2048":["http:\/\/magazineweb.com.ar\/wp-content\/uploads\/2024\/03\/calle-2048x1365.jpg",2048,1365,true],"ultp_layout_landscape_large":["http:\/\/magazineweb.com.ar\/wp-content\/uploads\/2024\/03\/calle-1200x800.jpg",1200,800,true],"ultp_layout_landscape":["http:\/\/magazineweb.com.ar\/wp-content\/uploads\/2024\/03\/calle-870x570.jpg",870,570,true],"ultp_layout_portrait":["http:\/\/magazineweb.com.ar\/wp-content\/uploads\/2024\/03\/calle-600x900.jpg",600,900,true],"ultp_layout_square":["http:\/\/magazineweb.com.ar\/wp-content\/uploads\/2024\/03\/calle-600x600.jpg",600,600,true]},"rttpg_author":{"display_name":"Redacci\u00f3n Magazine Web","author_link":"http:\/\/magazineweb.com.ar\/?author=3"},"rttpg_comment":0,"rttpg_category":"<a href=\"http:\/\/magazineweb.com.ar\/?cat=7\" rel=\"category\">Espect\u00e1culos<\/a>","rttpg_excerpt":"Cientos de personas pasaron por la peatonal Monteagudo la tarde del s\u00e1bado: algunas, como parte de un itinerario de paso; otras, sab\u00edan que las expresiones art\u00edsticas iban a ser protagonistas&hellip;","_links":{"self":[{"href":"http:\/\/magazineweb.com.ar\/index.php?rest_route=\/wp\/v2\/posts\/5389","targetHints":{"allow":["GET"]}}],"collection":[{"href":"http:\/\/magazineweb.com.ar\/index.php?rest_route=\/wp\/v2\/posts"}],"about":[{"href":"http:\/\/magazineweb.com.ar\/index.php?rest_route=\/wp\/v2\/types\/post"}],"author":[{"embeddable":true,"href":"http:\/\/magazineweb.com.ar\/index.php?rest_route=\/wp\/v2\/users\/3"}],"replies":[{"embeddable":true,"href":"http:\/\/magazineweb.com.ar\/index.php?rest_route=%2Fwp%2Fv2%2Fcomments&post=5389"}],"version-history":[{"count":1,"href":"http:\/\/magazineweb.com.ar\/index.php?rest_route=\/wp\/v2\/posts\/5389\/revisions"}],"predecessor-version":[{"id":5391,"href":"http:\/\/magazineweb.com.ar\/index.php?rest_route=\/wp\/v2\/posts\/5389\/revisions\/5391"}],"wp:featuredmedia":[{"embeddable":true,"href":"http:\/\/magazineweb.com.ar\/index.php?rest_route=\/wp\/v2\/media\/5390"}],"wp:attachment":[{"href":"http:\/\/magazineweb.com.ar\/index.php?rest_route=%2Fwp%2Fv2%2Fmedia&parent=5389"}],"wp:term":[{"taxonomy":"category","embeddable":true,"href":"http:\/\/magazineweb.com.ar\/index.php?rest_route=%2Fwp%2Fv2%2Fcategories&post=5389"},{"taxonomy":"post_tag","embeddable":true,"href":"http:\/\/magazineweb.com.ar\/index.php?rest_route=%2Fwp%2Fv2%2Ftags&post=5389"}],"curies":[{"name":"wp","href":"https:\/\/api.w.org\/{rel}","templated":true}]}}