{"id":5502,"date":"2024-03-15T01:07:00","date_gmt":"2024-03-15T04:07:00","guid":{"rendered":"https:\/\/magazineweb.com.ar\/?p=5502"},"modified":"2024-03-14T20:12:40","modified_gmt":"2024-03-14T23:12:40","slug":"advierten-que-el-consumo-masivo-cayo-un-134-interanual-en-febrero","status":"publish","type":"post","link":"http:\/\/magazineweb.com.ar\/?p=5502","title":{"rendered":"Advierten que el consumo masivo cay\u00f3 un 13,4% interanual en febrero"},"content":{"rendered":"\n<p>La p\u00e9rdida de poder adquisitivo, a ra\u00edz de la escalada inflacionaria y el atraso de los salarios, repercute directamente en la&nbsp;merma del nivel de consumo, que&nbsp;durante febrero retrocedi\u00f3 un 13,4% interanual, de acuerdo a un relevamiento de la consultora Focus Market.<\/p>\n\n\n\n<p>En la variaci\u00f3n mensual,&nbsp;el consumo masivo cay\u00f3 6,6% en el segundo mes del a\u00f1o, respecto a enero. El an\u00e1lisis revel\u00f3 que la cantidad de tickets expedidos tuvo una descenso del 5,9% frente al a\u00f1o anterior. Mientras que las unidades por ticket bajaron un 12,3% interanualmente a 4,7 unidades por ticket y 0,5% mensual a 4,2 unidades por ticket.<\/p>\n\n\n\n<p>El director de la consultora, Dami\u00e1n Di Pace sostuvo que&nbsp;\u201cal gobierno le preocupa que a pesar de la ca\u00edda del consumo los precios vuelven a acelerarse en la primer semana de marzo\u201d&nbsp;precisando que \u201cla inquietud est\u00e1 dada por qu\u00e9 hay precios unitarios que tienen promociones, ofertas o descuentos que hacen variar el precio real que el cliente paga pero que en g\u00f3ndola figura a un precio superior\u201d, al referirse al planteo que el Ejecutivo le traslad\u00f3 a firmas l\u00edderes de consumo masivo y a supermercados.<\/p>\n\n\n\n<p>A su vez, manifest\u00f3 que \u201csi bien el tipo de cambio se mantiene estable hay precios que se corrigen c\u00f3mo combustibles, peajes, energ\u00eda el\u00e9ctrica, gas que impactan sobre industria y comercio\u201d.<\/p>\n\n\n\n<p>El estudio reflej\u00f3 que en febrero&nbsp;la facturaci\u00f3n creci\u00f3 un 241,1% frente al mismo mes del a\u00f1o pasado y un 2,5% respecto al mes previo. En tanto que el ticket promedio alcanz\u00f3 los $5.062, presentando un alza del 262,8% ($1.395) en relaci\u00f3n a febrero de 2023 y una suba del 10,3% en comparaci\u00f3n a enero ($4.591).<\/p>\n\n\n\n<p>Di Pace remarc\u00f3 que \u201cla p\u00e9rdida de poder adquisitivo del ingreso de los argentinos sigue estando al orden del d\u00eda\u201d y puntualiz\u00f3 que \u201csi bien en febrero los precios de los bienes de consumo masivo suben a un nivel inferior al que ven\u00edan registrando en el mes previo&nbsp;a\u00fan est\u00e1n muy por encima de las posibilidades de acceso por parte de los Argentinos\u201d.<\/p>\n\n\n\n<p>En el \u00c1rea Metropolitana de Buenos Aires (AMBA), el consumo durante febrero tuvo un&nbsp;retroceso del 12,9% interanual y del 4,9% mensual. Mientras que en el interior, la ca\u00edda fue visiblemente superior, al registrar una&nbsp;merma del 13,7% interanual y del 7,4% mensual.<\/p>\n\n\n\n<p>Por el lado de la facturaci\u00f3n, en el AMBA creci\u00f3 241,1% de manera interanual y 5% frente a enero. En el caso del interior, se exhibi\u00f3 una suba del 240,6% en relaci\u00f3n a febrero del a\u00f1o pasado y apenas un 1,3% respecto al mes previo.<\/p>\n","protected":false},"excerpt":{"rendered":"<p>La p\u00e9rdida de poder adquisitivo, a ra\u00edz de la escalada inflacionaria y el atraso de los salarios, repercute directamente en la&nbsp;merma del nivel de consumo, que&nbsp;durante febrero retrocedi\u00f3 un 13,4%&hellip;<\/p>\n","protected":false},"author":3,"featured_media":5503,"comment_status":"closed","ping_status":"closed","sticky":false,"template":"","format":"standard","meta":{"footnotes":""},"categories":[5],"tags":[],"class_list":["post-5502","post","type-post","status-publish","format-standard","has-post-thumbnail","hentry","category-economia"],"rttpg_featured_image_url":{"full":["http:\/\/magazineweb.com.ar\/wp-content\/uploads\/2024\/03\/multimedia.normal.8b706eb134ae536a.Q29uc3Vtb19ub3JtYWwud2VicA.webp",1200,675,false],"landscape":["http:\/\/magazineweb.com.ar\/wp-content\/uploads\/2024\/03\/multimedia.normal.8b706eb134ae536a.Q29uc3Vtb19ub3JtYWwud2VicA.webp",1200,675,false],"portraits":["http:\/\/magazineweb.com.ar\/wp-content\/uploads\/2024\/03\/multimedia.normal.8b706eb134ae536a.Q29uc3Vtb19ub3JtYWwud2VicA.webp",1200,675,false],"thumbnail":["http:\/\/magazineweb.com.ar\/wp-content\/uploads\/2024\/03\/multimedia.normal.8b706eb134ae536a.Q29uc3Vtb19ub3JtYWwud2VicA-150x150.webp",150,150,true],"medium":["http:\/\/magazineweb.com.ar\/wp-content\/uploads\/2024\/03\/multimedia.normal.8b706eb134ae536a.Q29uc3Vtb19ub3JtYWwud2VicA-300x169.webp",300,169,true],"large":["http:\/\/magazineweb.com.ar\/wp-content\/uploads\/2024\/03\/multimedia.normal.8b706eb134ae536a.Q29uc3Vtb19ub3JtYWwud2VicA-1024x576.webp",1024,576,true],"1536x1536":["http:\/\/magazineweb.com.ar\/wp-content\/uploads\/2024\/03\/multimedia.normal.8b706eb134ae536a.Q29uc3Vtb19ub3JtYWwud2VicA.webp",1200,675,false],"2048x2048":["http:\/\/magazineweb.com.ar\/wp-content\/uploads\/2024\/03\/multimedia.normal.8b706eb134ae536a.Q29uc3Vtb19ub3JtYWwud2VicA.webp",1200,675,false],"ultp_layout_landscape_large":["http:\/\/magazineweb.com.ar\/wp-content\/uploads\/2024\/03\/multimedia.normal.8b706eb134ae536a.Q29uc3Vtb19ub3JtYWwud2VicA.webp",1200,675,false],"ultp_layout_landscape":["http:\/\/magazineweb.com.ar\/wp-content\/uploads\/2024\/03\/multimedia.normal.8b706eb134ae536a.Q29uc3Vtb19ub3JtYWwud2VicA-870x570.webp",870,570,true],"ultp_layout_portrait":["http:\/\/magazineweb.com.ar\/wp-content\/uploads\/2024\/03\/multimedia.normal.8b706eb134ae536a.Q29uc3Vtb19ub3JtYWwud2VicA-600x675.webp",600,675,true],"ultp_layout_square":["http:\/\/magazineweb.com.ar\/wp-content\/uploads\/2024\/03\/multimedia.normal.8b706eb134ae536a.Q29uc3Vtb19ub3JtYWwud2VicA-600x600.webp",600,600,true]},"rttpg_author":{"display_name":"Redacci\u00f3n Magazine Web","author_link":"http:\/\/magazineweb.com.ar\/?author=3"},"rttpg_comment":0,"rttpg_category":"<a href=\"http:\/\/magazineweb.com.ar\/?cat=5\" rel=\"category\">Econom\u00eda<\/a>","rttpg_excerpt":"La p\u00e9rdida de poder adquisitivo, a ra\u00edz de la escalada inflacionaria y el atraso de los salarios, repercute directamente en la&nbsp;merma del nivel de consumo, que&nbsp;durante febrero retrocedi\u00f3 un 13,4%&hellip;","_links":{"self":[{"href":"http:\/\/magazineweb.com.ar\/index.php?rest_route=\/wp\/v2\/posts\/5502","targetHints":{"allow":["GET"]}}],"collection":[{"href":"http:\/\/magazineweb.com.ar\/index.php?rest_route=\/wp\/v2\/posts"}],"about":[{"href":"http:\/\/magazineweb.com.ar\/index.php?rest_route=\/wp\/v2\/types\/post"}],"author":[{"embeddable":true,"href":"http:\/\/magazineweb.com.ar\/index.php?rest_route=\/wp\/v2\/users\/3"}],"replies":[{"embeddable":true,"href":"http:\/\/magazineweb.com.ar\/index.php?rest_route=%2Fwp%2Fv2%2Fcomments&post=5502"}],"version-history":[{"count":1,"href":"http:\/\/magazineweb.com.ar\/index.php?rest_route=\/wp\/v2\/posts\/5502\/revisions"}],"predecessor-version":[{"id":5504,"href":"http:\/\/magazineweb.com.ar\/index.php?rest_route=\/wp\/v2\/posts\/5502\/revisions\/5504"}],"wp:featuredmedia":[{"embeddable":true,"href":"http:\/\/magazineweb.com.ar\/index.php?rest_route=\/wp\/v2\/media\/5503"}],"wp:attachment":[{"href":"http:\/\/magazineweb.com.ar\/index.php?rest_route=%2Fwp%2Fv2%2Fmedia&parent=5502"}],"wp:term":[{"taxonomy":"category","embeddable":true,"href":"http:\/\/magazineweb.com.ar\/index.php?rest_route=%2Fwp%2Fv2%2Fcategories&post=5502"},{"taxonomy":"post_tag","embeddable":true,"href":"http:\/\/magazineweb.com.ar\/index.php?rest_route=%2Fwp%2Fv2%2Ftags&post=5502"}],"curies":[{"name":"wp","href":"https:\/\/api.w.org\/{rel}","templated":true}]}}