{"id":5519,"date":"2024-03-20T01:07:00","date_gmt":"2024-03-20T04:07:00","guid":{"rendered":"https:\/\/magazineweb.com.ar\/?p=5519"},"modified":"2024-03-19T20:12:32","modified_gmt":"2024-03-19T23:12:32","slug":"los-precios-mayoristas-subieron-102-en-febrero-y-anticipan-una-menor-inflacion-para-marzo","status":"publish","type":"post","link":"http:\/\/magazineweb.com.ar\/?p=5519","title":{"rendered":"Los precios mayoristas subieron 10,2% en febrero y anticipan una menor inflaci\u00f3n para marzo"},"content":{"rendered":"\n<p>Los precios mayoristas subieron 10,2% en febrero y mostraron una desaceleraci\u00f3n. En enero hab\u00edan subido un&nbsp;18%.&nbsp;Esto anticipa&nbsp;una menor inflaci\u00f3n para marzo, seg\u00fan las consultoras.<\/p>\n\n\n\n<p>El nivel general del \u00cdndice de precios internos al por mayor (IPIM) registr\u00f3 un aumento de&nbsp;<strong>10,2%<\/strong>&nbsp;en febrero de 2024 respecto del mes anterior.&nbsp;<\/p>\n\n\n\n<p>Esta variaci\u00f3n es consecuencia de la suba de&nbsp;11% en los \u201cProductos nacionales\u201d y de 2,7% en los \u201cProductos importados\u201d.<\/p>\n\n\n\n<p>Por otra parte, el nivel general del \u00cdndice de precios internos b\u00e1sicos al por mayor (IPIB) mostr\u00f3 un ascenso de 8,9% en el mismo per\u00edodo.&nbsp;<\/p>\n\n\n\n<p>En este caso,&nbsp;la variaci\u00f3n se explica por la suba de 9,6% en los \u201cProductos nacionales\u201d y de 2,6% en los \u201cProductos importados\u201d.<\/p>\n\n\n\n<p>Asimismo, el nivel general del \u00cdndice de precios b\u00e1sicos del productor (IPP) registr\u00f3 un incremento de 8,7% en el mismo per\u00edodo, como consecuencia de la suba de 5,7% en los \u201cProductos primarios\u201d y de 9,9% en los \u201cProductos manufacturados y energ\u00eda el\u00e9ctrica\u201d.<\/p>\n\n\n\n<h2 class=\"wp-block-heading\">Construcci\u00f3n<\/h2>\n\n\n\n<p>En tanto, el nivel general del \u00cdndice del costo de la construcci\u00f3n (ICC) en el Gran Buenos Aires correspondiente a febrero de 2024 registra una suba de&nbsp;6,4%&nbsp;respecto al mes anterior.<\/p>\n\n\n\n<p>Este resultado surge como consecuencia de un alza de&nbsp;6,3% en el cap\u00edtulo \u201cMateriales\u201d, de 1,9% en el cap\u00edtulo \u201cMano de obra\u201d y de 26,9% en el cap\u00edtulo \u201cGastos generales\u201d.<\/p>\n\n\n\n<p>El Ente Nacional Regulador de la Electricidad (ENRE) aprob\u00f3 un incremento de tarifas el\u00e9ctricas a partir del 16 de febrero a las distribuidoras Edenor y Edesur, en el marco de las revisiones tarifarias integrales de ambas empresas; el cap\u00edtulo \u201cGastos generales\u201d incorpora estos nuevos valores tarifarios.<\/p>\n","protected":false},"excerpt":{"rendered":"<p>Los precios mayoristas subieron 10,2% en febrero y mostraron una desaceleraci\u00f3n. En enero hab\u00edan subido un&nbsp;18%.&nbsp;Esto anticipa&nbsp;una menor inflaci\u00f3n para marzo, seg\u00fan las consultoras. El nivel general del \u00cdndice de&hellip;<\/p>\n","protected":false},"author":3,"featured_media":5520,"comment_status":"closed","ping_status":"closed","sticky":false,"template":"","format":"standard","meta":{"footnotes":""},"categories":[5],"tags":[],"class_list":["post-5519","post","type-post","status-publish","format-standard","has-post-thumbnail","hentry","category-economia"],"rttpg_featured_image_url":{"full":["http:\/\/magazineweb.com.ar\/wp-content\/uploads\/2024\/03\/image-1491.png",1200,800,false],"landscape":["http:\/\/magazineweb.com.ar\/wp-content\/uploads\/2024\/03\/image-1491.png",1200,800,false],"portraits":["http:\/\/magazineweb.com.ar\/wp-content\/uploads\/2024\/03\/image-1491.png",1200,800,false],"thumbnail":["http:\/\/magazineweb.com.ar\/wp-content\/uploads\/2024\/03\/image-1491-150x150.png",150,150,true],"medium":["http:\/\/magazineweb.com.ar\/wp-content\/uploads\/2024\/03\/image-1491-300x200.png",300,200,true],"large":["http:\/\/magazineweb.com.ar\/wp-content\/uploads\/2024\/03\/image-1491-1024x683.png",1024,683,true],"1536x1536":["http:\/\/magazineweb.com.ar\/wp-content\/uploads\/2024\/03\/image-1491.png",1200,800,false],"2048x2048":["http:\/\/magazineweb.com.ar\/wp-content\/uploads\/2024\/03\/image-1491.png",1200,800,false],"ultp_layout_landscape_large":["http:\/\/magazineweb.com.ar\/wp-content\/uploads\/2024\/03\/image-1491.png",1200,800,false],"ultp_layout_landscape":["http:\/\/magazineweb.com.ar\/wp-content\/uploads\/2024\/03\/image-1491-870x570.png",870,570,true],"ultp_layout_portrait":["http:\/\/magazineweb.com.ar\/wp-content\/uploads\/2024\/03\/image-1491-600x800.png",600,800,true],"ultp_layout_square":["http:\/\/magazineweb.com.ar\/wp-content\/uploads\/2024\/03\/image-1491-600x600.png",600,600,true]},"rttpg_author":{"display_name":"Redacci\u00f3n Magazine Web","author_link":"http:\/\/magazineweb.com.ar\/?author=3"},"rttpg_comment":0,"rttpg_category":"<a href=\"http:\/\/magazineweb.com.ar\/?cat=5\" rel=\"category\">Econom\u00eda<\/a>","rttpg_excerpt":"Los precios mayoristas subieron 10,2% en febrero y mostraron una desaceleraci\u00f3n. En enero hab\u00edan subido un&nbsp;18%.&nbsp;Esto anticipa&nbsp;una menor inflaci\u00f3n para marzo, seg\u00fan las consultoras. El nivel general del \u00cdndice de&hellip;","_links":{"self":[{"href":"http:\/\/magazineweb.com.ar\/index.php?rest_route=\/wp\/v2\/posts\/5519","targetHints":{"allow":["GET"]}}],"collection":[{"href":"http:\/\/magazineweb.com.ar\/index.php?rest_route=\/wp\/v2\/posts"}],"about":[{"href":"http:\/\/magazineweb.com.ar\/index.php?rest_route=\/wp\/v2\/types\/post"}],"author":[{"embeddable":true,"href":"http:\/\/magazineweb.com.ar\/index.php?rest_route=\/wp\/v2\/users\/3"}],"replies":[{"embeddable":true,"href":"http:\/\/magazineweb.com.ar\/index.php?rest_route=%2Fwp%2Fv2%2Fcomments&post=5519"}],"version-history":[{"count":1,"href":"http:\/\/magazineweb.com.ar\/index.php?rest_route=\/wp\/v2\/posts\/5519\/revisions"}],"predecessor-version":[{"id":5521,"href":"http:\/\/magazineweb.com.ar\/index.php?rest_route=\/wp\/v2\/posts\/5519\/revisions\/5521"}],"wp:featuredmedia":[{"embeddable":true,"href":"http:\/\/magazineweb.com.ar\/index.php?rest_route=\/wp\/v2\/media\/5520"}],"wp:attachment":[{"href":"http:\/\/magazineweb.com.ar\/index.php?rest_route=%2Fwp%2Fv2%2Fmedia&parent=5519"}],"wp:term":[{"taxonomy":"category","embeddable":true,"href":"http:\/\/magazineweb.com.ar\/index.php?rest_route=%2Fwp%2Fv2%2Fcategories&post=5519"},{"taxonomy":"post_tag","embeddable":true,"href":"http:\/\/magazineweb.com.ar\/index.php?rest_route=%2Fwp%2Fv2%2Ftags&post=5519"}],"curies":[{"name":"wp","href":"https:\/\/api.w.org\/{rel}","templated":true}]}}