{"id":5739,"date":"2024-04-10T01:07:00","date_gmt":"2024-04-10T04:07:00","guid":{"rendered":"https:\/\/magazineweb.com.ar\/?p=5739"},"modified":"2024-04-07T21:16:16","modified_gmt":"2024-04-08T00:16:16","slug":"inflacion-el-viernes-se-conocera-el-dato-oficial-de-marzo-que-segun-el-gobierno-ronda-el-10","status":"publish","type":"post","link":"http:\/\/magazineweb.com.ar\/?p=5739","title":{"rendered":"Inflaci\u00f3n: el viernes se conocer\u00e1 el dato oficial de marzo, que seg\u00fan el Gobierno ronda el 10%"},"content":{"rendered":"\n<p>El Instituto Nacional de Estad\u00edstica y Censos (INDEC) dar\u00e1 a conocer este viernes 12 el \u00cdndice de Precios al Consumidor (IPC) de marzo, que&nbsp;seg\u00fan el Gobierno evidenci\u00f3 una nueva baja y alcanz\u00f3 el 10%, mientras que las consultoras lo ubican unas d\u00e9cimas por encima de esa previsi\u00f3n pero por debajo del 13,2% de febrero.<\/p>\n\n\n\n<p>El ritmo inflacionario parece estar mermando en las \u00faltimas semanas y as\u00ed se reflejar\u00eda en el \u00edndice del tercer mes del a\u00f1o, que al igual que en febrero representar\u00eda una baja respecto a la medici\u00f3n previa, de acuerdo a las estimaciones privadas y a la expectativa gubernamental.<\/p>\n\n\n\n<p>El ministro de Econom\u00eda,&nbsp;Luis Caputo, anticip\u00f3 recientemente que&nbsp;\u00abla inflaci\u00f3n de marzo va a estar en torno al 10%\u00bb, asegurando que \u201cestamos significativamente mejor de lo que todos pronosticaban\u201d y proyectando que en abril seguir\u00e1 esta tendencia, con un IPC que se ubicar\u00e1 en un d\u00edgito.<\/p>\n\n\n\n<p>Las previsiones privadas, en tanto, coinciden con la desaceleraci\u00f3n pero marcan que fue a un menor ritmo que lo que observ\u00f3 el Ejecutivo. En ese sentido, por ejemplo, la consultora Orlando J. Ferreres &amp; Asociados (OJF) estim\u00f3 que en marzo&nbsp;el costo de vida fue del 12,2% mensual, es decir un punto menos que en febrero, &nbsp;y registr\u00f3 un crecimiento interanual de 288,3%.<\/p>\n\n\n\n<p>Asimismo, aportaron que la inflaci\u00f3n n\u00facleo avanz\u00f3 a un ritmo mensual de 9,2%, marcando un aumento de 299,2% anual. Mientras que revelaron que&nbsp;la inflaci\u00f3n general acumulada fue de 51,6%, y la inflaci\u00f3n n\u00facleo acumul\u00f3 47,0% en marzo.<\/p>\n\n\n\n<p>En cuanto a los principales rubros que encabezaron las subas del mes, aparecen Educaci\u00f3n y Vivienda con alzas mensuales de 37,5% y 20,6% respectivamente, seguidos por Indumentaria y Salud, que presentaron una variaci\u00f3n de 16,8% y 15,1% respectivamente.<\/p>\n\n\n\n<p>La consultora Eco Go, que dirige Marina Dal Poggetto, por su parte, ubica a&nbsp;la inflaci\u00f3n de marzo en un 13,1% mensual, lo que representa apenas una d\u00e9cima por debajo del resultado de febrero.<\/p>\n\n\n\n<p>El relevamiento de Eco Go mide una inflaci\u00f3n de alimentos para marzo de 11,2%, una inflaci\u00f3n del rubro vivienda del 20,3%, afectada por las tarifas y del rubro educaci\u00f3n del 32,1%, siendo un mes especialmente estacional con el inicio del ciclo lectivo.<\/p>\n\n\n\n<p>La Fundaci\u00f3n Libertad y Progreso, en tanto, indic\u00f3 que el IPC&nbsp;arroj\u00f3 un aumento de 10,6% en marzo, desaceler\u00e1ndose 2,6 puntos porcentuales respecto a la medici\u00f3n oficial de febrero (13,2%).<\/p>\n\n\n\n<p>De esta manera, en el primer trimestre del a\u00f1o el IPC acumula una suba de 51,1% y se\u00f1alaron que \u201cla variaci\u00f3n interanual alcanza el 286,4%, llegando a su valor m\u00e1s alto desde marzo de 1991\u201d.<\/p>\n\n\n\n<p>Por su parte, desde C&amp;T, Mar\u00eda Castiglioni, economista y directora de la consultora, expres\u00f3 que \u201cestamos viendo que efectivamente lo que es la inflaci\u00f3n n\u00facleo,<strong>&nbsp;<\/strong>sacando precios estacionales y los regulados, los valores est\u00e1n movi\u00e9ndose abajo el 10% mensual\u201d.<\/p>\n\n\n\n<p>Asimismo, puntualiz\u00f3 que&nbsp;\u201cprobablemente la inflaci\u00f3n est\u00e9 en 13% a fines de marzo con una tendencia &nbsp;a la baja\u201d, aclarando que \u201chay que pensar que marzo es un mes muy fuerte por el aumento de educaci\u00f3n muy marcado y el efecto de las tarifas de luz\u00bb.<\/p>\n\n\n\n<p>Desde la consultora explicaron que para la regi\u00f3n GBA muestran para marzo que, despu\u00e9s de un arranque de mes con fuertes subas, especialmente por educaci\u00f3n, electricidad y prepagas, hubo una fuerte desaceleraci\u00f3n a partir de la segunda semana, especialmente en alimentos y bebidas y productos para el hogar: equipamiento, herramientas, productos de limpieza y art\u00edculos de tocador, entre lo m\u00e1s relevante.<\/p>\n","protected":false},"excerpt":{"rendered":"<p>El Instituto Nacional de Estad\u00edstica y Censos (INDEC) dar\u00e1 a conocer este viernes 12 el \u00cdndice de Precios al Consumidor (IPC) de marzo, que&nbsp;seg\u00fan el Gobierno evidenci\u00f3 una nueva baja&hellip;<\/p>\n","protected":false},"author":3,"featured_media":5740,"comment_status":"closed","ping_status":"closed","sticky":false,"template":"","format":"standard","meta":{"footnotes":""},"categories":[5],"tags":[],"class_list":["post-5739","post","type-post","status-publish","format-standard","has-post-thumbnail","hentry","category-economia"],"rttpg_featured_image_url":{"full":["http:\/\/magazineweb.com.ar\/wp-content\/uploads\/2024\/04\/frente_indec.jpg",1578,937,false],"landscape":["http:\/\/magazineweb.com.ar\/wp-content\/uploads\/2024\/04\/frente_indec.jpg",1578,937,false],"portraits":["http:\/\/magazineweb.com.ar\/wp-content\/uploads\/2024\/04\/frente_indec.jpg",1578,937,false],"thumbnail":["http:\/\/magazineweb.com.ar\/wp-content\/uploads\/2024\/04\/frente_indec-150x150.jpg",150,150,true],"medium":["http:\/\/magazineweb.com.ar\/wp-content\/uploads\/2024\/04\/frente_indec-300x178.jpg",300,178,true],"large":["http:\/\/magazineweb.com.ar\/wp-content\/uploads\/2024\/04\/frente_indec-1024x608.jpg",1024,608,true],"1536x1536":["http:\/\/magazineweb.com.ar\/wp-content\/uploads\/2024\/04\/frente_indec-1536x912.jpg",1536,912,true],"2048x2048":["http:\/\/magazineweb.com.ar\/wp-content\/uploads\/2024\/04\/frente_indec.jpg",1578,937,false],"ultp_layout_landscape_large":["http:\/\/magazineweb.com.ar\/wp-content\/uploads\/2024\/04\/frente_indec-1200x800.jpg",1200,800,true],"ultp_layout_landscape":["http:\/\/magazineweb.com.ar\/wp-content\/uploads\/2024\/04\/frente_indec-870x570.jpg",870,570,true],"ultp_layout_portrait":["http:\/\/magazineweb.com.ar\/wp-content\/uploads\/2024\/04\/frente_indec-600x900.jpg",600,900,true],"ultp_layout_square":["http:\/\/magazineweb.com.ar\/wp-content\/uploads\/2024\/04\/frente_indec-600x600.jpg",600,600,true]},"rttpg_author":{"display_name":"Redacci\u00f3n Magazine Web","author_link":"http:\/\/magazineweb.com.ar\/?author=3"},"rttpg_comment":0,"rttpg_category":"<a href=\"http:\/\/magazineweb.com.ar\/?cat=5\" rel=\"category\">Econom\u00eda<\/a>","rttpg_excerpt":"El Instituto Nacional de Estad\u00edstica y Censos (INDEC) dar\u00e1 a conocer este viernes 12 el \u00cdndice de Precios al Consumidor (IPC) de marzo, que&nbsp;seg\u00fan el Gobierno evidenci\u00f3 una nueva baja&hellip;","_links":{"self":[{"href":"http:\/\/magazineweb.com.ar\/index.php?rest_route=\/wp\/v2\/posts\/5739","targetHints":{"allow":["GET"]}}],"collection":[{"href":"http:\/\/magazineweb.com.ar\/index.php?rest_route=\/wp\/v2\/posts"}],"about":[{"href":"http:\/\/magazineweb.com.ar\/index.php?rest_route=\/wp\/v2\/types\/post"}],"author":[{"embeddable":true,"href":"http:\/\/magazineweb.com.ar\/index.php?rest_route=\/wp\/v2\/users\/3"}],"replies":[{"embeddable":true,"href":"http:\/\/magazineweb.com.ar\/index.php?rest_route=%2Fwp%2Fv2%2Fcomments&post=5739"}],"version-history":[{"count":1,"href":"http:\/\/magazineweb.com.ar\/index.php?rest_route=\/wp\/v2\/posts\/5739\/revisions"}],"predecessor-version":[{"id":5741,"href":"http:\/\/magazineweb.com.ar\/index.php?rest_route=\/wp\/v2\/posts\/5739\/revisions\/5741"}],"wp:featuredmedia":[{"embeddable":true,"href":"http:\/\/magazineweb.com.ar\/index.php?rest_route=\/wp\/v2\/media\/5740"}],"wp:attachment":[{"href":"http:\/\/magazineweb.com.ar\/index.php?rest_route=%2Fwp%2Fv2%2Fmedia&parent=5739"}],"wp:term":[{"taxonomy":"category","embeddable":true,"href":"http:\/\/magazineweb.com.ar\/index.php?rest_route=%2Fwp%2Fv2%2Fcategories&post=5739"},{"taxonomy":"post_tag","embeddable":true,"href":"http:\/\/magazineweb.com.ar\/index.php?rest_route=%2Fwp%2Fv2%2Ftags&post=5739"}],"curies":[{"name":"wp","href":"https:\/\/api.w.org\/{rel}","templated":true}]}}