{"id":5816,"date":"2024-04-10T01:07:00","date_gmt":"2024-04-10T04:07:00","guid":{"rendered":"https:\/\/magazineweb.com.ar\/?p=5816"},"modified":"2024-04-09T22:49:37","modified_gmt":"2024-04-10T01:49:37","slug":"sin-aviso-oficial-el-gobierno-aplico-la-suba-retroactiva-de-la-generacion-electrica-para-el-amba","status":"publish","type":"post","link":"http:\/\/magazineweb.com.ar\/?p=5816","title":{"rendered":"Sin aviso oficial, el Gobierno aplic\u00f3 la suba retroactiva de la generaci\u00f3n el\u00e9ctrica para el AMBA"},"content":{"rendered":"\n<p>El Gobierno dispuso aplicar&nbsp;de manera retroactiva el incremento en el costo de la generaci\u00f3n el\u00e9ctrica para los usuarios de Edesur y Edenor, sin comunicarlo oficialmente, generando un mayor impacto en las tarifas de luz.<\/p>\n\n\n\n<p>De esta manera, la suba reflejada en las facturas de electricidad para el \u00c1rea Metropolitana de Buenos Aires (AMBA)&nbsp;comenz\u00f3 el 1 de febrero, en lugar del viernes 16, como hab\u00eda anunciado originalmente el Ente Regulador de la Electricidad (ENRE) en las resoluciones que fijaban los aumentos a partir de su publicaci\u00f3n en el Bolet\u00edn Oficial a mediados de febrero.<\/p>\n\n\n\n<p>Sin embargo, el organismo le comunic\u00f3 a las distribuidoras que la aplicaci\u00f3n del incremento deb\u00eda ser de forma retroactiva al inicio del segundo mes del a\u00f1o.&nbsp;La decisi\u00f3n no fue informada a los usuarios mediante ning\u00fan canal oficial, lo que podr\u00eda derivar en una demanda judicial, ya que los ajustes en las tarifas de los servicios p\u00fablicos deben ser dadas a conocer mediante una resoluci\u00f3n oficial y p\u00fablica, de libre acceso.<\/p>\n\n\n\n<p>El aumento, correspondiente al componente de mayor costo de las tarifas que es la generaci\u00f3n el\u00e9ctrica, lo define la Secretar\u00eda de Energ\u00eda de igual manera para todo el pa\u00eds, en base a la programaci\u00f3n estacional de c\u00f3mo se abastece la demanda el\u00e9ctrica en cada trimestre.<\/p>\n\n\n\n<p>Los valores se actualizaron a principios de febrero y rigen hasta fines de abril, con una&nbsp;suba del 117% ($20.460 el MWh a $44.401) para los usuarios de altos ingresos, comercios e industrias, y sin cambios para los hogares de ingresos bajos y medios, pero el \u00e1rea encabezada por Eduardo Rodr\u00edguez Chirillo dispuso su entrada en vigencia desde el 16 de febrero, por lo que en los primeros quince d\u00edas del mes las facturas no deb\u00edan actualizarse.<\/p>\n\n\n\n<p>Al percatarse de esta situaci\u00f3n, el ENRE le comunic\u00f3 el 11 de marzo a las distribuidoras en una nota, que facturen de manera retroactiva el consumo de la primera quincena de febrero con los valores m\u00e1s altos del precio mayorista de la electricidad, pero no lo hizo de manera p\u00fablica.<\/p>\n\n\n\n<p>Aunque los ajustes en el costo de distribuci\u00f3n no se pueden aplicar de manera retroactiva, desde el Ejecutivo entienden que si se puede hacer con el valor de generaci\u00f3n, ya que el c\u00e1lculo surge de la concurrencia de la demanda estimada y los costos de la oferta con la que se atender\u00e1. De esta manera, el problema de esta decisi\u00f3n radica en su falta de comunicaci\u00f3n.<\/p>\n\n\n\n<p>El aumento retroactivo&nbsp;se ejecut\u00f3 solamente en el AMBA, ya que el resto de las distribuidoras provinciales no recibieron notificaciones de parte de sus entes reguladores. Por lo tanto, las firmas afrontaron la suba de la generaci\u00f3n desde el 1 de febrero, sin poder trasladar el mayor costo a sus clientes desde esa misma fecha.<\/p>\n","protected":false},"excerpt":{"rendered":"<p>El Gobierno dispuso aplicar&nbsp;de manera retroactiva el incremento en el costo de la generaci\u00f3n el\u00e9ctrica para los usuarios de Edesur y Edenor, sin comunicarlo oficialmente, generando un mayor impacto en&hellip;<\/p>\n","protected":false},"author":3,"featured_media":5817,"comment_status":"closed","ping_status":"closed","sticky":false,"template":"","format":"standard","meta":{"footnotes":""},"categories":[5],"tags":[],"class_list":["post-5816","post","type-post","status-publish","format-standard","has-post-thumbnail","hentry","category-economia"],"rttpg_featured_image_url":{"full":["http:\/\/magazineweb.com.ar\/wp-content\/uploads\/2024\/04\/720-14.webp",1233,720,false],"landscape":["http:\/\/magazineweb.com.ar\/wp-content\/uploads\/2024\/04\/720-14.webp",1233,720,false],"portraits":["http:\/\/magazineweb.com.ar\/wp-content\/uploads\/2024\/04\/720-14.webp",1233,720,false],"thumbnail":["http:\/\/magazineweb.com.ar\/wp-content\/uploads\/2024\/04\/720-14-150x150.webp",150,150,true],"medium":["http:\/\/magazineweb.com.ar\/wp-content\/uploads\/2024\/04\/720-14-300x175.webp",300,175,true],"large":["http:\/\/magazineweb.com.ar\/wp-content\/uploads\/2024\/04\/720-14-1024x598.webp",1024,598,true],"1536x1536":["http:\/\/magazineweb.com.ar\/wp-content\/uploads\/2024\/04\/720-14.webp",1233,720,false],"2048x2048":["http:\/\/magazineweb.com.ar\/wp-content\/uploads\/2024\/04\/720-14.webp",1233,720,false],"ultp_layout_landscape_large":["http:\/\/magazineweb.com.ar\/wp-content\/uploads\/2024\/04\/720-14-1200x720.webp",1200,720,true],"ultp_layout_landscape":["http:\/\/magazineweb.com.ar\/wp-content\/uploads\/2024\/04\/720-14-870x570.webp",870,570,true],"ultp_layout_portrait":["http:\/\/magazineweb.com.ar\/wp-content\/uploads\/2024\/04\/720-14-600x720.webp",600,720,true],"ultp_layout_square":["http:\/\/magazineweb.com.ar\/wp-content\/uploads\/2024\/04\/720-14-600x600.webp",600,600,true]},"rttpg_author":{"display_name":"Redacci\u00f3n Magazine Web","author_link":"http:\/\/magazineweb.com.ar\/?author=3"},"rttpg_comment":0,"rttpg_category":"<a href=\"http:\/\/magazineweb.com.ar\/?cat=5\" rel=\"category\">Econom\u00eda<\/a>","rttpg_excerpt":"El Gobierno dispuso aplicar&nbsp;de manera retroactiva el incremento en el costo de la generaci\u00f3n el\u00e9ctrica para los usuarios de Edesur y Edenor, sin comunicarlo oficialmente, generando un mayor impacto en&hellip;","_links":{"self":[{"href":"http:\/\/magazineweb.com.ar\/index.php?rest_route=\/wp\/v2\/posts\/5816","targetHints":{"allow":["GET"]}}],"collection":[{"href":"http:\/\/magazineweb.com.ar\/index.php?rest_route=\/wp\/v2\/posts"}],"about":[{"href":"http:\/\/magazineweb.com.ar\/index.php?rest_route=\/wp\/v2\/types\/post"}],"author":[{"embeddable":true,"href":"http:\/\/magazineweb.com.ar\/index.php?rest_route=\/wp\/v2\/users\/3"}],"replies":[{"embeddable":true,"href":"http:\/\/magazineweb.com.ar\/index.php?rest_route=%2Fwp%2Fv2%2Fcomments&post=5816"}],"version-history":[{"count":1,"href":"http:\/\/magazineweb.com.ar\/index.php?rest_route=\/wp\/v2\/posts\/5816\/revisions"}],"predecessor-version":[{"id":5818,"href":"http:\/\/magazineweb.com.ar\/index.php?rest_route=\/wp\/v2\/posts\/5816\/revisions\/5818"}],"wp:featuredmedia":[{"embeddable":true,"href":"http:\/\/magazineweb.com.ar\/index.php?rest_route=\/wp\/v2\/media\/5817"}],"wp:attachment":[{"href":"http:\/\/magazineweb.com.ar\/index.php?rest_route=%2Fwp%2Fv2%2Fmedia&parent=5816"}],"wp:term":[{"taxonomy":"category","embeddable":true,"href":"http:\/\/magazineweb.com.ar\/index.php?rest_route=%2Fwp%2Fv2%2Fcategories&post=5816"},{"taxonomy":"post_tag","embeddable":true,"href":"http:\/\/magazineweb.com.ar\/index.php?rest_route=%2Fwp%2Fv2%2Ftags&post=5816"}],"curies":[{"name":"wp","href":"https:\/\/api.w.org\/{rel}","templated":true}]}}