{"id":6292,"date":"2024-05-13T01:01:00","date_gmt":"2024-05-13T04:01:00","guid":{"rendered":"https:\/\/magazineweb.com.ar\/?p=6292"},"modified":"2024-05-23T13:32:15","modified_gmt":"2024-05-23T16:32:15","slug":"cristina-kirchner-lo-peor-que-nos-puede-pasar-es-agachar-la-cabeza-ante-lo-que-esta-pasando","status":"publish","type":"post","link":"http:\/\/magazineweb.com.ar\/?p=6292","title":{"rendered":"Cristina Kirchner: \u00abLo peor que nos puede pasar es agachar la cabeza ante lo que est\u00e1 pasando\u00bb"},"content":{"rendered":"\n<p>La expresidenta Cristina Fern\u00e1ndez de Kirchner homenaje\u00f3 el s\u00e1bado al padre Carlos Mugica, a 50 a\u00f1os de su asesinato, y llam\u00f3, teni\u00e9ndolo como ejemplo, a&nbsp;\u201cseguir trabajando muy fuerte en todos los frentes: en las universidades, en los barrios, en las iglesias\u201d.<\/p>\n\n\n\n<p>\u201cMugica, como dice Francisco, era un pastor que ol\u00eda a oveja. Es cierto que tambi\u00e9n hay algunos en las jerarqu\u00edas que huelen m\u00e1s a lobos pero bueno, hagamos hincapi\u00e9 en aquellos que est\u00e1n junto a las ovejas sufriendo\u201d, afirm\u00f3 Cristina.<\/p>\n\n\n\n<p>Al conmemorarse el&nbsp;50 aniversario del asesinato del sacerdote, un s\u00edmbolo del compromiso de la Iglesia con los sectores populares, la expresidenta lo homenaje\u00f3 en la tarde del s\u00e1bado entronizando una imagen de la Virgen de Luj\u00e1n en el Sal\u00f3n de las Mujeres del Bicentenario del Instituto Patria.<\/p>\n\n\n\n<p>\u201cLa Virgen ten\u00eda que estar ac\u00e1 en donde est\u00e1n todas estas mujeres del bicentenario. Que son la mujer argentina, las que piensan de una manera, las que piensan de otra, las que tuvieron una historia. Pero que en definitiva protagonizaron como mujeres los 200 a\u00f1os de historia\u201d, afirm\u00f3.<\/p>\n\n\n\n<p>En el marco del acto, Cristina se volvi\u00f3 a referir a la actual crisis, causada por las pol\u00edticas del gobierno de Javier Milei: \u201cNunca se vivi\u00f3, por lo menos en lo contempor\u00e1neo inmediato, en los 40 a\u00f1os de democracia, una situaci\u00f3n similar\u201d. Y ejemplific\u00f3: \u201cLos comedores est\u00e1n sin dinero para comprar alimentos, hay compa\u00f1eros que nos cuentan que hacen ollas populares y las distribuyen tres d\u00edas a la semana y comen un viernes y vuelven reci\u00e9n a comer el lunes\u201d.<\/p>\n\n\n\n<p>\u201c\u00bfC\u00f3mo puede ser posible que con este estado de situaci\u00f3n haya gente que apoya estas cosas?\u201d, se pregunt\u00f3 en su discurso.<\/p>\n\n\n\n<p>La ex mandataria llam\u00f3 a recordar a Carlos Mugica \u201cno en un retrato, en una fotograf\u00eda, sino en la militancia pol\u00edtica, que no es partidaria o s\u00ed, de acuerdo a las ideas que vos tengas, pero en la que&nbsp;s\u00ed hay una convicci\u00f3n y s\u00ed hay amor y sobre todo solidaridad, esa palabra que algunos interpretan como algo socialista\u201d.<\/p>\n\n\n\n<p>\u201cHoy escuchaba y ve\u00eda que conmemorando el himno nacional argentinos hablaban de libertad. Y s\u00ed, la libertad es una maravillosa palabra, pero \u2018ved a la noble igualdad\u2019 dice tambi\u00e9n nuestro himno nacional.&nbsp;No olvidemos, entonces, junto a la libertad como un valor preciado que nuestro himno tambi\u00e9n se inclina hacia la noble igualdad. Las cosas completas y por su nombre\u201d, finaliz\u00f3.<\/p>\n","protected":false},"excerpt":{"rendered":"<p>La expresidenta Cristina Fern\u00e1ndez de Kirchner homenaje\u00f3 el s\u00e1bado al padre Carlos Mugica, a 50 a\u00f1os de su asesinato, y llam\u00f3, teni\u00e9ndolo como ejemplo, a&nbsp;\u201cseguir trabajando muy fuerte en todos&hellip;<\/p>\n","protected":false},"author":3,"featured_media":6293,"comment_status":"closed","ping_status":"closed","sticky":false,"template":"","format":"standard","meta":{"footnotes":""},"categories":[4,17,13],"tags":[],"class_list":["post-6292","post","type-post","status-publish","format-standard","has-post-thumbnail","hentry","category-destacados","category-nacional","category-politica"],"rttpg_featured_image_url":{"full":["http:\/\/magazineweb.com.ar\/wp-content\/uploads\/2024\/05\/76c33abd-ff39-4be7-bff1-e14917731f39-1024x576-1.webp",1024,576,false],"landscape":["http:\/\/magazineweb.com.ar\/wp-content\/uploads\/2024\/05\/76c33abd-ff39-4be7-bff1-e14917731f39-1024x576-1.webp",1024,576,false],"portraits":["http:\/\/magazineweb.com.ar\/wp-content\/uploads\/2024\/05\/76c33abd-ff39-4be7-bff1-e14917731f39-1024x576-1.webp",1024,576,false],"thumbnail":["http:\/\/magazineweb.com.ar\/wp-content\/uploads\/2024\/05\/76c33abd-ff39-4be7-bff1-e14917731f39-1024x576-1-150x150.webp",150,150,true],"medium":["http:\/\/magazineweb.com.ar\/wp-content\/uploads\/2024\/05\/76c33abd-ff39-4be7-bff1-e14917731f39-1024x576-1-300x169.webp",300,169,true],"large":["http:\/\/magazineweb.com.ar\/wp-content\/uploads\/2024\/05\/76c33abd-ff39-4be7-bff1-e14917731f39-1024x576-1.webp",1024,576,false],"1536x1536":["http:\/\/magazineweb.com.ar\/wp-content\/uploads\/2024\/05\/76c33abd-ff39-4be7-bff1-e14917731f39-1024x576-1.webp",1024,576,false],"2048x2048":["http:\/\/magazineweb.com.ar\/wp-content\/uploads\/2024\/05\/76c33abd-ff39-4be7-bff1-e14917731f39-1024x576-1.webp",1024,576,false],"ultp_layout_landscape_large":["http:\/\/magazineweb.com.ar\/wp-content\/uploads\/2024\/05\/76c33abd-ff39-4be7-bff1-e14917731f39-1024x576-1.webp",1024,576,false],"ultp_layout_landscape":["http:\/\/magazineweb.com.ar\/wp-content\/uploads\/2024\/05\/76c33abd-ff39-4be7-bff1-e14917731f39-1024x576-1-870x570.webp",870,570,true],"ultp_layout_portrait":["http:\/\/magazineweb.com.ar\/wp-content\/uploads\/2024\/05\/76c33abd-ff39-4be7-bff1-e14917731f39-1024x576-1-600x576.webp",600,576,true],"ultp_layout_square":["http:\/\/magazineweb.com.ar\/wp-content\/uploads\/2024\/05\/76c33abd-ff39-4be7-bff1-e14917731f39-1024x576-1-600x576.webp",600,576,true]},"rttpg_author":{"display_name":"Redacci\u00f3n Magazine Web","author_link":"http:\/\/magazineweb.com.ar\/?author=3"},"rttpg_comment":0,"rttpg_category":"<a href=\"http:\/\/magazineweb.com.ar\/?cat=4\" rel=\"category\">Destacados<\/a> <a href=\"http:\/\/magazineweb.com.ar\/?cat=17\" rel=\"category\">Nacional<\/a> <a href=\"http:\/\/magazineweb.com.ar\/?cat=13\" rel=\"category\">Pol\u00edtica<\/a>","rttpg_excerpt":"La expresidenta Cristina Fern\u00e1ndez de Kirchner homenaje\u00f3 el s\u00e1bado al padre Carlos Mugica, a 50 a\u00f1os de su asesinato, y llam\u00f3, teni\u00e9ndolo como ejemplo, a&nbsp;\u201cseguir trabajando muy fuerte en todos&hellip;","_links":{"self":[{"href":"http:\/\/magazineweb.com.ar\/index.php?rest_route=\/wp\/v2\/posts\/6292","targetHints":{"allow":["GET"]}}],"collection":[{"href":"http:\/\/magazineweb.com.ar\/index.php?rest_route=\/wp\/v2\/posts"}],"about":[{"href":"http:\/\/magazineweb.com.ar\/index.php?rest_route=\/wp\/v2\/types\/post"}],"author":[{"embeddable":true,"href":"http:\/\/magazineweb.com.ar\/index.php?rest_route=\/wp\/v2\/users\/3"}],"replies":[{"embeddable":true,"href":"http:\/\/magazineweb.com.ar\/index.php?rest_route=%2Fwp%2Fv2%2Fcomments&post=6292"}],"version-history":[{"count":1,"href":"http:\/\/magazineweb.com.ar\/index.php?rest_route=\/wp\/v2\/posts\/6292\/revisions"}],"predecessor-version":[{"id":6294,"href":"http:\/\/magazineweb.com.ar\/index.php?rest_route=\/wp\/v2\/posts\/6292\/revisions\/6294"}],"wp:featuredmedia":[{"embeddable":true,"href":"http:\/\/magazineweb.com.ar\/index.php?rest_route=\/wp\/v2\/media\/6293"}],"wp:attachment":[{"href":"http:\/\/magazineweb.com.ar\/index.php?rest_route=%2Fwp%2Fv2%2Fmedia&parent=6292"}],"wp:term":[{"taxonomy":"category","embeddable":true,"href":"http:\/\/magazineweb.com.ar\/index.php?rest_route=%2Fwp%2Fv2%2Fcategories&post=6292"},{"taxonomy":"post_tag","embeddable":true,"href":"http:\/\/magazineweb.com.ar\/index.php?rest_route=%2Fwp%2Fv2%2Ftags&post=6292"}],"curies":[{"name":"wp","href":"https:\/\/api.w.org\/{rel}","templated":true}]}}