{"id":6313,"date":"2024-05-13T01:02:00","date_gmt":"2024-05-13T04:02:00","guid":{"rendered":"https:\/\/magazineweb.com.ar\/?p=6313"},"modified":"2024-05-23T13:32:22","modified_gmt":"2024-05-23T16:32:22","slug":"incendio-en-el-roca-seis-vagones-en-desuso-se-quemaron-gerli","status":"publish","type":"post","link":"http:\/\/magazineweb.com.ar\/?p=6313","title":{"rendered":"INCENDIO EN EL ROCA: SEIS VAGONES EN DESUSO SE QUEMARON GERLI"},"content":{"rendered":"\n<p>Siete incendios sospechosos de veh\u00edculos se produjeron ayer en dos puntos geogr\u00e1ficos, distantes entre s\u00ed, en zonas diferentes al AMBA, y de forma simult\u00e1nea.<\/p>\n\n\n\n<p>Los seis vagones en desuso se incendiaron en el km 5 de la zona ferroviaria de los talleres de Gerli. Al mismo tiempo, un siniestro similar se report\u00f3 en la zona norte de la ciudad de Buenos Aires: el incendio de un cami\u00f3n que transitaba por la autopista Lugones a la altura del kil\u00f3metro 9,5, en N\u00fa\u00f1ez.<\/p>\n\n\n\n<p>Los motivos que causaron el incidente todav\u00eda se desconocen. Sin embargo, caus\u00f3 demoras en el tr\u00e1nsito sentido al R\u00edo de la Plata y en Lugones.<\/p>\n\n\n\n<p>Sandro Casartelli, jefe de Bomberos de Gerli, asegur\u00f3 que se trata de una formaci\u00f3n antigua que se encontraba guardada en un dep\u00f3sito, el cual sufri\u00f3 un incendio en forma generalizada.<\/p>\n\n\n\n<p>\u201cNo podemos determinar si fue intencional, ahora estamos trabajando para evitar la propagaci\u00f3n a m\u00e1s formaciones\u201d, explic\u00f3 mientras aun varias dotaciones trabajan en el lugar.<\/p>\n\n\n\n<p>Cuerpos de bomberos de Lan\u00fas, en la provincia de Buenos Aires, colaboran con los efectivos en Gerli para controlar el incendio. En paralelo, las autoridades judiciales ya llevan a cabo la investigaci\u00f3n para dilucidar las causas del hecho que r\u00e1pidamente se convirti\u00f3 en una novedad para la zona. El grueso de las columnas de humo se observaban desde varios kil\u00f3metros de las formaciones que fueron alcanzadas por las llamas.<\/p>\n\n\n\n<p>Al mismo tiempo, se report\u00f3 un siniestro similar en la zona norte de la ciudad de Buenos Aires, donde se report\u00f3 el incendio de un cami\u00f3n que transitaba por la autopista Lugones a la altura del kil\u00f3metro 9,5, en N\u00fa\u00f1ez.<\/p>\n\n\n\n<p>Los motivos que causaron el incidente todav\u00eda se desconocen. Sin embargo, caus\u00f3 demoras en el tr\u00e1nsito sentido al R\u00edo de la Plata y en Lugones.<\/p>\n","protected":false},"excerpt":{"rendered":"<p>Siete incendios sospechosos de veh\u00edculos se produjeron ayer en dos puntos geogr\u00e1ficos, distantes entre s\u00ed, en zonas diferentes al AMBA, y de forma simult\u00e1nea. Los seis vagones en desuso se&hellip;<\/p>\n","protected":false},"author":3,"featured_media":6314,"comment_status":"closed","ping_status":"closed","sticky":false,"template":"","format":"standard","meta":{"footnotes":""},"categories":[4,9],"tags":[],"class_list":["post-6313","post","type-post","status-publish","format-standard","has-post-thumbnail","hentry","category-destacados","category-informacion-general"],"rttpg_featured_image_url":{"full":["http:\/\/magazineweb.com.ar\/wp-content\/uploads\/2024\/05\/360-1.webp",630,360,false],"landscape":["http:\/\/magazineweb.com.ar\/wp-content\/uploads\/2024\/05\/360-1.webp",630,360,false],"portraits":["http:\/\/magazineweb.com.ar\/wp-content\/uploads\/2024\/05\/360-1.webp",630,360,false],"thumbnail":["http:\/\/magazineweb.com.ar\/wp-content\/uploads\/2024\/05\/360-1-150x150.webp",150,150,true],"medium":["http:\/\/magazineweb.com.ar\/wp-content\/uploads\/2024\/05\/360-1-300x171.webp",300,171,true],"large":["http:\/\/magazineweb.com.ar\/wp-content\/uploads\/2024\/05\/360-1.webp",630,360,false],"1536x1536":["http:\/\/magazineweb.com.ar\/wp-content\/uploads\/2024\/05\/360-1.webp",630,360,false],"2048x2048":["http:\/\/magazineweb.com.ar\/wp-content\/uploads\/2024\/05\/360-1.webp",630,360,false],"ultp_layout_landscape_large":["http:\/\/magazineweb.com.ar\/wp-content\/uploads\/2024\/05\/360-1.webp",630,360,false],"ultp_layout_landscape":["http:\/\/magazineweb.com.ar\/wp-content\/uploads\/2024\/05\/360-1.webp",630,360,false],"ultp_layout_portrait":["http:\/\/magazineweb.com.ar\/wp-content\/uploads\/2024\/05\/360-1-600x360.webp",600,360,true],"ultp_layout_square":["http:\/\/magazineweb.com.ar\/wp-content\/uploads\/2024\/05\/360-1-600x360.webp",600,360,true]},"rttpg_author":{"display_name":"Redacci\u00f3n Magazine Web","author_link":"http:\/\/magazineweb.com.ar\/?author=3"},"rttpg_comment":0,"rttpg_category":"<a href=\"http:\/\/magazineweb.com.ar\/?cat=4\" rel=\"category\">Destacados<\/a> <a href=\"http:\/\/magazineweb.com.ar\/?cat=9\" rel=\"category\">Informaci\u00f3n General<\/a>","rttpg_excerpt":"Siete incendios sospechosos de veh\u00edculos se produjeron ayer en dos puntos geogr\u00e1ficos, distantes entre s\u00ed, en zonas diferentes al AMBA, y de forma simult\u00e1nea. Los seis vagones en desuso se&hellip;","_links":{"self":[{"href":"http:\/\/magazineweb.com.ar\/index.php?rest_route=\/wp\/v2\/posts\/6313","targetHints":{"allow":["GET"]}}],"collection":[{"href":"http:\/\/magazineweb.com.ar\/index.php?rest_route=\/wp\/v2\/posts"}],"about":[{"href":"http:\/\/magazineweb.com.ar\/index.php?rest_route=\/wp\/v2\/types\/post"}],"author":[{"embeddable":true,"href":"http:\/\/magazineweb.com.ar\/index.php?rest_route=\/wp\/v2\/users\/3"}],"replies":[{"embeddable":true,"href":"http:\/\/magazineweb.com.ar\/index.php?rest_route=%2Fwp%2Fv2%2Fcomments&post=6313"}],"version-history":[{"count":1,"href":"http:\/\/magazineweb.com.ar\/index.php?rest_route=\/wp\/v2\/posts\/6313\/revisions"}],"predecessor-version":[{"id":6315,"href":"http:\/\/magazineweb.com.ar\/index.php?rest_route=\/wp\/v2\/posts\/6313\/revisions\/6315"}],"wp:featuredmedia":[{"embeddable":true,"href":"http:\/\/magazineweb.com.ar\/index.php?rest_route=\/wp\/v2\/media\/6314"}],"wp:attachment":[{"href":"http:\/\/magazineweb.com.ar\/index.php?rest_route=%2Fwp%2Fv2%2Fmedia&parent=6313"}],"wp:term":[{"taxonomy":"category","embeddable":true,"href":"http:\/\/magazineweb.com.ar\/index.php?rest_route=%2Fwp%2Fv2%2Fcategories&post=6313"},{"taxonomy":"post_tag","embeddable":true,"href":"http:\/\/magazineweb.com.ar\/index.php?rest_route=%2Fwp%2Fv2%2Ftags&post=6313"}],"curies":[{"name":"wp","href":"https:\/\/api.w.org\/{rel}","templated":true}]}}