{"id":6353,"date":"2024-05-14T01:09:00","date_gmt":"2024-05-14T04:09:00","guid":{"rendered":"https:\/\/magazineweb.com.ar\/?p=6353"},"modified":"2024-05-23T14:01:12","modified_gmt":"2024-05-23T17:01:12","slug":"jornada-municipal-sobre-celiaquia-en-berazategui","status":"publish","type":"post","link":"http:\/\/magazineweb.com.ar\/?p=6353","title":{"rendered":"Jornada municipal sobre celiaqu\u00eda en Berazategui"},"content":{"rendered":"\n<p>La actividad \u201cHablemos de Celiaqu\u00eda\u201d se llev\u00f3 a cabo en el Centro Municipal de Actividades Roberto De Vicenzo, en el marco del D\u00eda Internacional de la Enfermedad Cel\u00edaca que se conmemora a nivel mundial cada 5 de mayo. El intendente de Berazategui, Juan Jos\u00e9 Mussi, estuvo en la jornada, que cont\u00f3 con la participaci\u00f3n de empresas, comercios locales y cientos de berazateguenses.<\/p>\n\n\n\n<p>Durante la actividad -que fue organizada por las secretar\u00edas municipales de Salud P\u00fablica e Higiene y Trabajo- se acercaron m\u00e1s de 1200 personas que participaron en charlas sobre la enfermedad, manipulaci\u00f3n de alimentos y la Ley N\u00b0 27.196\/2015. Adem\u00e1s, hubo cocina en vivo, stands informativos y puestos dedicados a productos sin gluten, en los que participaron la pizzer\u00eda Da Leo; las empresas Qu\u00e9 Rico y Delicias Doradas; la helader\u00eda Grido; y las diet\u00e9ticas Hudson, Multisabores y Sano Camino, todas ubicadas en Berazategui.<\/p>\n\n\n\n<p>Una de las vecinas que se acerc\u00f3, Cintia Mansilla, cont\u00f3: \u201cHace un a\u00f1o y medio le diagnosticaron celiaqu\u00eda a mi hija y a m\u00ed hace seis meses. Vinimos a disfrutar y a aprender. Agradezco a la Municipalidad por esta iniciativa, porque es muy importante concientizar sobre el tema\u201d.<\/p>\n\n\n\n<p>La celiaqu\u00eda es una intolerancia permanente al gluten, una prote\u00edna que se encuentra en el trigo, la avena, la cebada y el centeno, que afecta al intestino delgado de las personas con predisposici\u00f3n gen\u00e9tica. Esta enfermedad puede aparecer en cualquier momento de la vida, desde que se incorpora gluten a la alimentaci\u00f3n hasta la adultez avanzada. La detecci\u00f3n temprana y el tratamiento oportuno son fundamentales para evitar complicaciones secundarias a largo plazo.<\/p>\n","protected":false},"excerpt":{"rendered":"<p>La actividad \u201cHablemos de Celiaqu\u00eda\u201d se llev\u00f3 a cabo en el Centro Municipal de Actividades Roberto De Vicenzo, en el marco del D\u00eda Internacional de la Enfermedad Cel\u00edaca que se&hellip;<\/p>\n","protected":false},"author":3,"featured_media":6354,"comment_status":"closed","ping_status":"closed","sticky":false,"template":"","format":"standard","meta":{"footnotes":""},"categories":[16],"tags":[],"class_list":["post-6353","post","type-post","status-publish","format-standard","has-post-thumbnail","hentry","category-salud-y-medio-ambiente"],"rttpg_featured_image_url":{"full":["http:\/\/magazineweb.com.ar\/wp-content\/uploads\/2024\/05\/thumbnail_JORNADA-MUNICIPAL-SOBRE-CELIAQUIA-4.jpg",1920,1280,false],"landscape":["http:\/\/magazineweb.com.ar\/wp-content\/uploads\/2024\/05\/thumbnail_JORNADA-MUNICIPAL-SOBRE-CELIAQUIA-4.jpg",1920,1280,false],"portraits":["http:\/\/magazineweb.com.ar\/wp-content\/uploads\/2024\/05\/thumbnail_JORNADA-MUNICIPAL-SOBRE-CELIAQUIA-4.jpg",1920,1280,false],"thumbnail":["http:\/\/magazineweb.com.ar\/wp-content\/uploads\/2024\/05\/thumbnail_JORNADA-MUNICIPAL-SOBRE-CELIAQUIA-4-150x150.jpg",150,150,true],"medium":["http:\/\/magazineweb.com.ar\/wp-content\/uploads\/2024\/05\/thumbnail_JORNADA-MUNICIPAL-SOBRE-CELIAQUIA-4-300x200.jpg",300,200,true],"large":["http:\/\/magazineweb.com.ar\/wp-content\/uploads\/2024\/05\/thumbnail_JORNADA-MUNICIPAL-SOBRE-CELIAQUIA-4-1024x683.jpg",1024,683,true],"1536x1536":["http:\/\/magazineweb.com.ar\/wp-content\/uploads\/2024\/05\/thumbnail_JORNADA-MUNICIPAL-SOBRE-CELIAQUIA-4-1536x1024.jpg",1536,1024,true],"2048x2048":["http:\/\/magazineweb.com.ar\/wp-content\/uploads\/2024\/05\/thumbnail_JORNADA-MUNICIPAL-SOBRE-CELIAQUIA-4.jpg",1920,1280,false],"ultp_layout_landscape_large":["http:\/\/magazineweb.com.ar\/wp-content\/uploads\/2024\/05\/thumbnail_JORNADA-MUNICIPAL-SOBRE-CELIAQUIA-4-1200x800.jpg",1200,800,true],"ultp_layout_landscape":["http:\/\/magazineweb.com.ar\/wp-content\/uploads\/2024\/05\/thumbnail_JORNADA-MUNICIPAL-SOBRE-CELIAQUIA-4-870x570.jpg",870,570,true],"ultp_layout_portrait":["http:\/\/magazineweb.com.ar\/wp-content\/uploads\/2024\/05\/thumbnail_JORNADA-MUNICIPAL-SOBRE-CELIAQUIA-4-600x900.jpg",600,900,true],"ultp_layout_square":["http:\/\/magazineweb.com.ar\/wp-content\/uploads\/2024\/05\/thumbnail_JORNADA-MUNICIPAL-SOBRE-CELIAQUIA-4-600x600.jpg",600,600,true]},"rttpg_author":{"display_name":"Redacci\u00f3n Magazine Web","author_link":"http:\/\/magazineweb.com.ar\/?author=3"},"rttpg_comment":0,"rttpg_category":"<a href=\"http:\/\/magazineweb.com.ar\/?cat=16\" rel=\"category\">Salud y Medio Ambiente<\/a>","rttpg_excerpt":"La actividad \u201cHablemos de Celiaqu\u00eda\u201d se llev\u00f3 a cabo en el Centro Municipal de Actividades Roberto De Vicenzo, en el marco del D\u00eda Internacional de la Enfermedad Cel\u00edaca que se&hellip;","_links":{"self":[{"href":"http:\/\/magazineweb.com.ar\/index.php?rest_route=\/wp\/v2\/posts\/6353","targetHints":{"allow":["GET"]}}],"collection":[{"href":"http:\/\/magazineweb.com.ar\/index.php?rest_route=\/wp\/v2\/posts"}],"about":[{"href":"http:\/\/magazineweb.com.ar\/index.php?rest_route=\/wp\/v2\/types\/post"}],"author":[{"embeddable":true,"href":"http:\/\/magazineweb.com.ar\/index.php?rest_route=\/wp\/v2\/users\/3"}],"replies":[{"embeddable":true,"href":"http:\/\/magazineweb.com.ar\/index.php?rest_route=%2Fwp%2Fv2%2Fcomments&post=6353"}],"version-history":[{"count":1,"href":"http:\/\/magazineweb.com.ar\/index.php?rest_route=\/wp\/v2\/posts\/6353\/revisions"}],"predecessor-version":[{"id":6355,"href":"http:\/\/magazineweb.com.ar\/index.php?rest_route=\/wp\/v2\/posts\/6353\/revisions\/6355"}],"wp:featuredmedia":[{"embeddable":true,"href":"http:\/\/magazineweb.com.ar\/index.php?rest_route=\/wp\/v2\/media\/6354"}],"wp:attachment":[{"href":"http:\/\/magazineweb.com.ar\/index.php?rest_route=%2Fwp%2Fv2%2Fmedia&parent=6353"}],"wp:term":[{"taxonomy":"category","embeddable":true,"href":"http:\/\/magazineweb.com.ar\/index.php?rest_route=%2Fwp%2Fv2%2Fcategories&post=6353"},{"taxonomy":"post_tag","embeddable":true,"href":"http:\/\/magazineweb.com.ar\/index.php?rest_route=%2Fwp%2Fv2%2Ftags&post=6353"}],"curies":[{"name":"wp","href":"https:\/\/api.w.org\/{rel}","templated":true}]}}