{"id":6378,"date":"2024-05-20T01:06:00","date_gmt":"2024-05-20T04:06:00","guid":{"rendered":"https:\/\/magazineweb.com.ar\/?p=6378"},"modified":"2024-05-23T13:24:27","modified_gmt":"2024-05-23T16:24:27","slug":"jornada-por-el-dia-mundial-de-la-donacion-de-leche-humana","status":"publish","type":"post","link":"http:\/\/magazineweb.com.ar\/?p=6378","title":{"rendered":"JORNADA POR EL D\u00cdA MUNDIAL DE LA DONACI\u00d3N DE LECHE HUMANA"},"content":{"rendered":"\n<p><strong><strong>Se realizar\u00e1 una jornada por el D\u00eda Mundial de la Donaci\u00f3n de Leche Humana, organizada por el Hospital Evita Pueblo de Berazategui. Se llevar\u00e1 a cabo este lunes 20 de mayo, en el Play\u00f3n del Edificio Municipal (Av. 14 y 131), de 10.00 a 16.00.<\/strong><\/strong><\/p>\n\n\n\n<p>En 2021, el intendente Juan Jos\u00e9 Mussi particip\u00f3 de la inauguraci\u00f3n del Banco de Leche Humana (BLH) \u201cDeolinda Correa\u201d del Hospital Evita Pueblo, el segundo en su tipo en toda la provincia de Buenos Aires. En estos espacios se recolecta, pasteuriza y almacena leche humana para proporcionarla a los beb\u00e9s que lo necesiten. Los bancos son impulsados por la OMS como una estrategia para salvar vidas entre los m\u00e1s vulnerables: los reci\u00e9n nacidos y, en especial, los prematuros.<\/p>\n\n\n\n<p>Con el objetivo de fortalecer esta iniciativa, la Municipalidad de Berazategui cuenta con cinco Centros de Recolecci\u00f3n de Leche Humana, que funcionan en los siguientes Centros de Atenci\u00f3n Primaria de Salud (CAPS):<\/p>\n\n\n\n<p>-CAPS N\u00ba 1 Dr. Javier S\u00e1batto (Av. 14 e\/ 131 y 132), los lunes a las 14.00.<br>-CAPS N\u00ba 3 &#8211; (Calle 457 A y 415), los lunes y viernes a las 8.00.<br>-CAPS N\u00ba 6 &#8211; (Calle 30 y 160, Villa Mitre), los lunes a las 13.00.<br>-CAPS N\u00ba 12 &#8211; (Calle 54 y 149), los lunes, martes y mi\u00e9rcoles a las 8.30.<br>-CAPS N\u00ba 26 &#8211; (Calle 4 y 117 A), los lunes a las 9.00 y los mi\u00e9rcoles a las 13.00.<\/p>\n\n\n\n<p>Para m\u00e1s informaci\u00f3n sobre las pol\u00edticas sanitarias del Municipio, ingresar en berazategui.gob.ar\/salud.<\/p>\n","protected":false},"excerpt":{"rendered":"<p>Se realizar\u00e1 una jornada por el D\u00eda Mundial de la Donaci\u00f3n de Leche Humana, organizada por el Hospital Evita Pueblo de Berazategui. Se llevar\u00e1 a cabo este lunes 20 de&hellip;<\/p>\n","protected":false},"author":3,"featured_media":6379,"comment_status":"closed","ping_status":"closed","sticky":false,"template":"","format":"standard","meta":{"footnotes":""},"categories":[16],"tags":[],"class_list":["post-6378","post","type-post","status-publish","format-standard","has-post-thumbnail","hentry","category-salud-y-medio-ambiente"],"rttpg_featured_image_url":{"full":["http:\/\/magazineweb.com.ar\/wp-content\/uploads\/2024\/05\/JORNADA-POR-EL-DIA-MUNDIAL-DE-LA-DONACION-DE-LECHE-HUMANA2.jpg",1920,1264,false],"landscape":["http:\/\/magazineweb.com.ar\/wp-content\/uploads\/2024\/05\/JORNADA-POR-EL-DIA-MUNDIAL-DE-LA-DONACION-DE-LECHE-HUMANA2.jpg",1920,1264,false],"portraits":["http:\/\/magazineweb.com.ar\/wp-content\/uploads\/2024\/05\/JORNADA-POR-EL-DIA-MUNDIAL-DE-LA-DONACION-DE-LECHE-HUMANA2.jpg",1920,1264,false],"thumbnail":["http:\/\/magazineweb.com.ar\/wp-content\/uploads\/2024\/05\/JORNADA-POR-EL-DIA-MUNDIAL-DE-LA-DONACION-DE-LECHE-HUMANA2-150x150.jpg",150,150,true],"medium":["http:\/\/magazineweb.com.ar\/wp-content\/uploads\/2024\/05\/JORNADA-POR-EL-DIA-MUNDIAL-DE-LA-DONACION-DE-LECHE-HUMANA2-300x198.jpg",300,198,true],"large":["http:\/\/magazineweb.com.ar\/wp-content\/uploads\/2024\/05\/JORNADA-POR-EL-DIA-MUNDIAL-DE-LA-DONACION-DE-LECHE-HUMANA2-1024x674.jpg",1024,674,true],"1536x1536":["http:\/\/magazineweb.com.ar\/wp-content\/uploads\/2024\/05\/JORNADA-POR-EL-DIA-MUNDIAL-DE-LA-DONACION-DE-LECHE-HUMANA2-1536x1011.jpg",1536,1011,true],"2048x2048":["http:\/\/magazineweb.com.ar\/wp-content\/uploads\/2024\/05\/JORNADA-POR-EL-DIA-MUNDIAL-DE-LA-DONACION-DE-LECHE-HUMANA2.jpg",1920,1264,false],"ultp_layout_landscape_large":["http:\/\/magazineweb.com.ar\/wp-content\/uploads\/2024\/05\/JORNADA-POR-EL-DIA-MUNDIAL-DE-LA-DONACION-DE-LECHE-HUMANA2-1200x800.jpg",1200,800,true],"ultp_layout_landscape":["http:\/\/magazineweb.com.ar\/wp-content\/uploads\/2024\/05\/JORNADA-POR-EL-DIA-MUNDIAL-DE-LA-DONACION-DE-LECHE-HUMANA2-870x570.jpg",870,570,true],"ultp_layout_portrait":["http:\/\/magazineweb.com.ar\/wp-content\/uploads\/2024\/05\/JORNADA-POR-EL-DIA-MUNDIAL-DE-LA-DONACION-DE-LECHE-HUMANA2-600x900.jpg",600,900,true],"ultp_layout_square":["http:\/\/magazineweb.com.ar\/wp-content\/uploads\/2024\/05\/JORNADA-POR-EL-DIA-MUNDIAL-DE-LA-DONACION-DE-LECHE-HUMANA2-600x600.jpg",600,600,true]},"rttpg_author":{"display_name":"Redacci\u00f3n Magazine Web","author_link":"http:\/\/magazineweb.com.ar\/?author=3"},"rttpg_comment":0,"rttpg_category":"<a href=\"http:\/\/magazineweb.com.ar\/?cat=16\" rel=\"category\">Salud y Medio Ambiente<\/a>","rttpg_excerpt":"Se realizar\u00e1 una jornada por el D\u00eda Mundial de la Donaci\u00f3n de Leche Humana, organizada por el Hospital Evita Pueblo de Berazategui. Se llevar\u00e1 a cabo este lunes 20 de&hellip;","_links":{"self":[{"href":"http:\/\/magazineweb.com.ar\/index.php?rest_route=\/wp\/v2\/posts\/6378","targetHints":{"allow":["GET"]}}],"collection":[{"href":"http:\/\/magazineweb.com.ar\/index.php?rest_route=\/wp\/v2\/posts"}],"about":[{"href":"http:\/\/magazineweb.com.ar\/index.php?rest_route=\/wp\/v2\/types\/post"}],"author":[{"embeddable":true,"href":"http:\/\/magazineweb.com.ar\/index.php?rest_route=\/wp\/v2\/users\/3"}],"replies":[{"embeddable":true,"href":"http:\/\/magazineweb.com.ar\/index.php?rest_route=%2Fwp%2Fv2%2Fcomments&post=6378"}],"version-history":[{"count":1,"href":"http:\/\/magazineweb.com.ar\/index.php?rest_route=\/wp\/v2\/posts\/6378\/revisions"}],"predecessor-version":[{"id":6380,"href":"http:\/\/magazineweb.com.ar\/index.php?rest_route=\/wp\/v2\/posts\/6378\/revisions\/6380"}],"wp:featuredmedia":[{"embeddable":true,"href":"http:\/\/magazineweb.com.ar\/index.php?rest_route=\/wp\/v2\/media\/6379"}],"wp:attachment":[{"href":"http:\/\/magazineweb.com.ar\/index.php?rest_route=%2Fwp%2Fv2%2Fmedia&parent=6378"}],"wp:term":[{"taxonomy":"category","embeddable":true,"href":"http:\/\/magazineweb.com.ar\/index.php?rest_route=%2Fwp%2Fv2%2Fcategories&post=6378"},{"taxonomy":"post_tag","embeddable":true,"href":"http:\/\/magazineweb.com.ar\/index.php?rest_route=%2Fwp%2Fv2%2Ftags&post=6378"}],"curies":[{"name":"wp","href":"https:\/\/api.w.org\/{rel}","templated":true}]}}