{"id":6422,"date":"2024-05-17T01:06:00","date_gmt":"2024-05-17T04:06:00","guid":{"rendered":"https:\/\/magazineweb.com.ar\/?p=6422"},"modified":"2024-05-23T13:26:18","modified_gmt":"2024-05-23T16:26:18","slug":"mayra-superviso-el-operativo-integral-de-limpieza-y-bacheo-que-se-hizo-en-ezpeleta","status":"publish","type":"post","link":"http:\/\/magazineweb.com.ar\/?p=6422","title":{"rendered":"Mayra supervis\u00f3 el operativo integral de limpieza y bacheo que se hizo en Ezpeleta"},"content":{"rendered":"\n<p>La intendenta de Quilmes, Mayra Mendoza, supervis\u00f3 ayer jueves la jornada integral de limpieza y bacheo que se realiz\u00f3 en Ezpeleta Oeste, como parte de los trabajos diarios de mantenimiento del espacio p\u00fablico, que se enmarcan dentro del programa \u201cQuilmes Limpio\u201d.<\/p>\n\n\n\n<p>\u201cEste nuevo operativo integral que estamos supervisando abarca los barrios Amancay, Orbea y parte de El Jal\u00f3n, donde se realizaron tareas solicitadas por los vecinos, como bacheo, reparaci\u00f3n de luminarias, barrido, limpieza, desmalezamiento, levantamiento de ramas y de escombros. Seguimos trabajando todos los d\u00edas para elevar el piso de dignidad de las y los quilme\u00f1os y tener la ciudad que nos merecemos\u201d, se\u00f1al\u00f3 Mayra.<\/p>\n\n\n\n<p>La jornada fue coordinada por la Secretar\u00eda de Servicios P\u00fablicos, a cargo de Sebasti\u00e1n Garc\u00eda, y cont\u00f3 con la participaci\u00f3n de las \u00e1reas de Alumbrado P\u00fablico, Bacheo, Parques y Paseos, adem\u00e1s de la base operativa La Colonia y cuadrillas del Potenciar Trabajo.<\/p>\n\n\n\n<p>Hoy se trabaj\u00f3 en el cuadrante delimitado por la avenida Calchaqu\u00ed, Florida, avenida Rep\u00fablica de Francia y Marconi. Se realizaron tareas de bacheo, barrido, desmalezado, recolecci\u00f3n de ramas, bolsas y mont\u00edculos, y recambio de luminarias.<\/p>\n\n\n\n<p>\u201cEste es un trabajo diario que hacemos desde el Municipio. Vamos por cuadrante con este despliegue de las distintas \u00e1reas\u201d, detall\u00f3 Sebasti\u00e1n Garc\u00eda. Adem\u00e1s, el funcionario inform\u00f3 que los vecinos pueden coordinar el retiro de residuos voluminosos (mobiliario en desuso, restos de poda, escombros embolsados), llamando al 4350-3100 interno 3510, de lunes a viernes de 8 a 13.<\/p>\n\n\n\n<p>Los vecinos y vecinas destacaron los trabajos. Regina Martins, que vive en la zona, coment\u00f3: \u201cEsto me genera alegr\u00eda, porque quiero al barrio y quiero que est\u00e9 bien\u201d.<\/p>\n","protected":false},"excerpt":{"rendered":"<p>La intendenta de Quilmes, Mayra Mendoza, supervis\u00f3 ayer jueves la jornada integral de limpieza y bacheo que se realiz\u00f3 en Ezpeleta Oeste, como parte de los trabajos diarios de mantenimiento&hellip;<\/p>\n","protected":false},"author":3,"featured_media":6423,"comment_status":"closed","ping_status":"closed","sticky":false,"template":"","format":"standard","meta":{"footnotes":""},"categories":[9],"tags":[],"class_list":["post-6422","post","type-post","status-publish","format-standard","has-post-thumbnail","hentry","category-informacion-general"],"rttpg_featured_image_url":{"full":["http:\/\/magazineweb.com.ar\/wp-content\/uploads\/2024\/05\/MAYRA-SUPERVISO-EL-OPERATIVO-INTEGRAL-DE-LIMPIEZA-Y-BACHEO-QUE-SE-HIZO-EN-EZPELETA-OESTE-4.jpg",853,568,false],"landscape":["http:\/\/magazineweb.com.ar\/wp-content\/uploads\/2024\/05\/MAYRA-SUPERVISO-EL-OPERATIVO-INTEGRAL-DE-LIMPIEZA-Y-BACHEO-QUE-SE-HIZO-EN-EZPELETA-OESTE-4.jpg",853,568,false],"portraits":["http:\/\/magazineweb.com.ar\/wp-content\/uploads\/2024\/05\/MAYRA-SUPERVISO-EL-OPERATIVO-INTEGRAL-DE-LIMPIEZA-Y-BACHEO-QUE-SE-HIZO-EN-EZPELETA-OESTE-4.jpg",853,568,false],"thumbnail":["http:\/\/magazineweb.com.ar\/wp-content\/uploads\/2024\/05\/MAYRA-SUPERVISO-EL-OPERATIVO-INTEGRAL-DE-LIMPIEZA-Y-BACHEO-QUE-SE-HIZO-EN-EZPELETA-OESTE-4-150x150.jpg",150,150,true],"medium":["http:\/\/magazineweb.com.ar\/wp-content\/uploads\/2024\/05\/MAYRA-SUPERVISO-EL-OPERATIVO-INTEGRAL-DE-LIMPIEZA-Y-BACHEO-QUE-SE-HIZO-EN-EZPELETA-OESTE-4-300x200.jpg",300,200,true],"large":["http:\/\/magazineweb.com.ar\/wp-content\/uploads\/2024\/05\/MAYRA-SUPERVISO-EL-OPERATIVO-INTEGRAL-DE-LIMPIEZA-Y-BACHEO-QUE-SE-HIZO-EN-EZPELETA-OESTE-4.jpg",853,568,false],"1536x1536":["http:\/\/magazineweb.com.ar\/wp-content\/uploads\/2024\/05\/MAYRA-SUPERVISO-EL-OPERATIVO-INTEGRAL-DE-LIMPIEZA-Y-BACHEO-QUE-SE-HIZO-EN-EZPELETA-OESTE-4.jpg",853,568,false],"2048x2048":["http:\/\/magazineweb.com.ar\/wp-content\/uploads\/2024\/05\/MAYRA-SUPERVISO-EL-OPERATIVO-INTEGRAL-DE-LIMPIEZA-Y-BACHEO-QUE-SE-HIZO-EN-EZPELETA-OESTE-4.jpg",853,568,false],"ultp_layout_landscape_large":["http:\/\/magazineweb.com.ar\/wp-content\/uploads\/2024\/05\/MAYRA-SUPERVISO-EL-OPERATIVO-INTEGRAL-DE-LIMPIEZA-Y-BACHEO-QUE-SE-HIZO-EN-EZPELETA-OESTE-4.jpg",853,568,false],"ultp_layout_landscape":["http:\/\/magazineweb.com.ar\/wp-content\/uploads\/2024\/05\/MAYRA-SUPERVISO-EL-OPERATIVO-INTEGRAL-DE-LIMPIEZA-Y-BACHEO-QUE-SE-HIZO-EN-EZPELETA-OESTE-4.jpg",853,568,false],"ultp_layout_portrait":["http:\/\/magazineweb.com.ar\/wp-content\/uploads\/2024\/05\/MAYRA-SUPERVISO-EL-OPERATIVO-INTEGRAL-DE-LIMPIEZA-Y-BACHEO-QUE-SE-HIZO-EN-EZPELETA-OESTE-4-600x568.jpg",600,568,true],"ultp_layout_square":["http:\/\/magazineweb.com.ar\/wp-content\/uploads\/2024\/05\/MAYRA-SUPERVISO-EL-OPERATIVO-INTEGRAL-DE-LIMPIEZA-Y-BACHEO-QUE-SE-HIZO-EN-EZPELETA-OESTE-4-600x568.jpg",600,568,true]},"rttpg_author":{"display_name":"Redacci\u00f3n Magazine Web","author_link":"http:\/\/magazineweb.com.ar\/?author=3"},"rttpg_comment":0,"rttpg_category":"<a href=\"http:\/\/magazineweb.com.ar\/?cat=9\" rel=\"category\">Informaci\u00f3n General<\/a>","rttpg_excerpt":"La intendenta de Quilmes, Mayra Mendoza, supervis\u00f3 ayer jueves la jornada integral de limpieza y bacheo que se realiz\u00f3 en Ezpeleta Oeste, como parte de los trabajos diarios de mantenimiento&hellip;","_links":{"self":[{"href":"http:\/\/magazineweb.com.ar\/index.php?rest_route=\/wp\/v2\/posts\/6422","targetHints":{"allow":["GET"]}}],"collection":[{"href":"http:\/\/magazineweb.com.ar\/index.php?rest_route=\/wp\/v2\/posts"}],"about":[{"href":"http:\/\/magazineweb.com.ar\/index.php?rest_route=\/wp\/v2\/types\/post"}],"author":[{"embeddable":true,"href":"http:\/\/magazineweb.com.ar\/index.php?rest_route=\/wp\/v2\/users\/3"}],"replies":[{"embeddable":true,"href":"http:\/\/magazineweb.com.ar\/index.php?rest_route=%2Fwp%2Fv2%2Fcomments&post=6422"}],"version-history":[{"count":1,"href":"http:\/\/magazineweb.com.ar\/index.php?rest_route=\/wp\/v2\/posts\/6422\/revisions"}],"predecessor-version":[{"id":6424,"href":"http:\/\/magazineweb.com.ar\/index.php?rest_route=\/wp\/v2\/posts\/6422\/revisions\/6424"}],"wp:featuredmedia":[{"embeddable":true,"href":"http:\/\/magazineweb.com.ar\/index.php?rest_route=\/wp\/v2\/media\/6423"}],"wp:attachment":[{"href":"http:\/\/magazineweb.com.ar\/index.php?rest_route=%2Fwp%2Fv2%2Fmedia&parent=6422"}],"wp:term":[{"taxonomy":"category","embeddable":true,"href":"http:\/\/magazineweb.com.ar\/index.php?rest_route=%2Fwp%2Fv2%2Fcategories&post=6422"},{"taxonomy":"post_tag","embeddable":true,"href":"http:\/\/magazineweb.com.ar\/index.php?rest_route=%2Fwp%2Fv2%2Ftags&post=6422"}],"curies":[{"name":"wp","href":"https:\/\/api.w.org\/{rel}","templated":true}]}}