{"id":6545,"date":"2024-05-29T01:09:00","date_gmt":"2024-05-29T04:09:00","guid":{"rendered":"https:\/\/magazineweb.com.ar\/?p=6545"},"modified":"2024-05-28T20:34:48","modified_gmt":"2024-05-28T23:34:48","slug":"berazategui-medicos-municipales-se-capacitaron-en-tuberculosis","status":"publish","type":"post","link":"http:\/\/magazineweb.com.ar\/?p=6545","title":{"rendered":"Berazategui: m\u00e9dicos municipales se capacitaron en tuberculosis"},"content":{"rendered":"\n<p>Se realiz\u00f3 una jornada de capacitaci\u00f3n en tuberculosis, en el Hospital Evita Pueblo de Berazategui. La misma estuvo a cargo de personal de la Secretar\u00eda de Salud P\u00fablica e Higiene municipal, del \u00e1rea de V\u00edas Respiratorias del Centro de Atenci\u00f3n Primaria de Salud N\u00b0 1 \u201cDr. Javier S\u00e1batto\u201d.<\/p>\n\n\n\n<p>Bajo el lema \u201cLa importancia de un diagn\u00f3stico temprano\u201d, se expusieron diferentes enfoques relacionados con la tuberculosis: situaci\u00f3n actual en Argentina, el AMBA y Berazategui; nociones de diagn\u00f3stico bacteriol\u00f3gico; presentaci\u00f3n de casos cl\u00ednicos; tipos de tratamiento; para qu\u00e9 sirve la PPD y el control de foco. Las exposiciones estuvieron coordinadas por especialistas en neumonolog\u00eda: la Dra. Ayel\u00e9n Fern\u00e1ndez, la Dra. Gabriela Herrero y la enfermera Gisela Ruiz, todas pertenecientes al CAPS N\u00b0 1 del Municipio de Berazategui.<\/p>\n\n\n\n<p>En este sentido, la Dra. Herrero inform\u00f3: \u201cNuestro objetivo es atacar la tuberculosis desde el inicio y lograr un diagn\u00f3stico precoz. Desde la Municipalidad, con el apoyo del intendente, Dr. Juan Jos\u00e9 Mussi, intentamos hacer un abordaje directo de los pacientes y mejorar su calidad de vida. Por eso, articulamos con m\u00e9dicos cl\u00ednicos y de guardia, especialistas en bacteriolog\u00eda, neumon\u00f3logos y enfermeros, tanto del Hospital Evita Pueblo, como del CAPS N\u00b0 1\u201d.<\/p>\n\n\n\n<p>\u201cEn este \u00faltimo tiempo observamos que hay muchos casos de tuberculosis -algunos muy dif\u00edciles de tratar- y que la gente llega tarde a la consulta neumonol\u00f3gica. Adem\u00e1s, esto se desarrolla en un contexto socioecon\u00f3mico complicado, que impacta en temas como la alimentaci\u00f3n y el acceso a los medicamentos. Es importante destacar que la tuberculosis no est\u00e1 erradicada\u201d, concluy\u00f3 la especialista.<\/p>\n","protected":false},"excerpt":{"rendered":"<p>Se realiz\u00f3 una jornada de capacitaci\u00f3n en tuberculosis, en el Hospital Evita Pueblo de Berazategui. La misma estuvo a cargo de personal de la Secretar\u00eda de Salud P\u00fablica e Higiene&hellip;<\/p>\n","protected":false},"author":3,"featured_media":6546,"comment_status":"closed","ping_status":"closed","sticky":false,"template":"","format":"standard","meta":{"footnotes":""},"categories":[16],"tags":[],"class_list":["post-6545","post","type-post","status-publish","format-standard","has-post-thumbnail","hentry","category-salud-y-medio-ambiente"],"rttpg_featured_image_url":{"full":["http:\/\/magazineweb.com.ar\/wp-content\/uploads\/2024\/05\/thumbnail_BERAZATEGUI-MEDICOS-MUNICIPALES-SE-CAPACITARON-EN-TUBERCULOSIS-1.jpg",1920,1440,false],"landscape":["http:\/\/magazineweb.com.ar\/wp-content\/uploads\/2024\/05\/thumbnail_BERAZATEGUI-MEDICOS-MUNICIPALES-SE-CAPACITARON-EN-TUBERCULOSIS-1.jpg",1920,1440,false],"portraits":["http:\/\/magazineweb.com.ar\/wp-content\/uploads\/2024\/05\/thumbnail_BERAZATEGUI-MEDICOS-MUNICIPALES-SE-CAPACITARON-EN-TUBERCULOSIS-1.jpg",1920,1440,false],"thumbnail":["http:\/\/magazineweb.com.ar\/wp-content\/uploads\/2024\/05\/thumbnail_BERAZATEGUI-MEDICOS-MUNICIPALES-SE-CAPACITARON-EN-TUBERCULOSIS-1-150x150.jpg",150,150,true],"medium":["http:\/\/magazineweb.com.ar\/wp-content\/uploads\/2024\/05\/thumbnail_BERAZATEGUI-MEDICOS-MUNICIPALES-SE-CAPACITARON-EN-TUBERCULOSIS-1-300x225.jpg",300,225,true],"large":["http:\/\/magazineweb.com.ar\/wp-content\/uploads\/2024\/05\/thumbnail_BERAZATEGUI-MEDICOS-MUNICIPALES-SE-CAPACITARON-EN-TUBERCULOSIS-1-1024x768.jpg",1024,768,true],"1536x1536":["http:\/\/magazineweb.com.ar\/wp-content\/uploads\/2024\/05\/thumbnail_BERAZATEGUI-MEDICOS-MUNICIPALES-SE-CAPACITARON-EN-TUBERCULOSIS-1-1536x1152.jpg",1536,1152,true],"2048x2048":["http:\/\/magazineweb.com.ar\/wp-content\/uploads\/2024\/05\/thumbnail_BERAZATEGUI-MEDICOS-MUNICIPALES-SE-CAPACITARON-EN-TUBERCULOSIS-1.jpg",1920,1440,false],"ultp_layout_landscape_large":["http:\/\/magazineweb.com.ar\/wp-content\/uploads\/2024\/05\/thumbnail_BERAZATEGUI-MEDICOS-MUNICIPALES-SE-CAPACITARON-EN-TUBERCULOSIS-1-1200x800.jpg",1200,800,true],"ultp_layout_landscape":["http:\/\/magazineweb.com.ar\/wp-content\/uploads\/2024\/05\/thumbnail_BERAZATEGUI-MEDICOS-MUNICIPALES-SE-CAPACITARON-EN-TUBERCULOSIS-1-870x570.jpg",870,570,true],"ultp_layout_portrait":["http:\/\/magazineweb.com.ar\/wp-content\/uploads\/2024\/05\/thumbnail_BERAZATEGUI-MEDICOS-MUNICIPALES-SE-CAPACITARON-EN-TUBERCULOSIS-1-600x900.jpg",600,900,true],"ultp_layout_square":["http:\/\/magazineweb.com.ar\/wp-content\/uploads\/2024\/05\/thumbnail_BERAZATEGUI-MEDICOS-MUNICIPALES-SE-CAPACITARON-EN-TUBERCULOSIS-1-600x600.jpg",600,600,true]},"rttpg_author":{"display_name":"Redacci\u00f3n Magazine Web","author_link":"http:\/\/magazineweb.com.ar\/?author=3"},"rttpg_comment":0,"rttpg_category":"<a href=\"http:\/\/magazineweb.com.ar\/?cat=16\" rel=\"category\">Salud y Medio Ambiente<\/a>","rttpg_excerpt":"Se realiz\u00f3 una jornada de capacitaci\u00f3n en tuberculosis, en el Hospital Evita Pueblo de Berazategui. La misma estuvo a cargo de personal de la Secretar\u00eda de Salud P\u00fablica e Higiene&hellip;","_links":{"self":[{"href":"http:\/\/magazineweb.com.ar\/index.php?rest_route=\/wp\/v2\/posts\/6545","targetHints":{"allow":["GET"]}}],"collection":[{"href":"http:\/\/magazineweb.com.ar\/index.php?rest_route=\/wp\/v2\/posts"}],"about":[{"href":"http:\/\/magazineweb.com.ar\/index.php?rest_route=\/wp\/v2\/types\/post"}],"author":[{"embeddable":true,"href":"http:\/\/magazineweb.com.ar\/index.php?rest_route=\/wp\/v2\/users\/3"}],"replies":[{"embeddable":true,"href":"http:\/\/magazineweb.com.ar\/index.php?rest_route=%2Fwp%2Fv2%2Fcomments&post=6545"}],"version-history":[{"count":1,"href":"http:\/\/magazineweb.com.ar\/index.php?rest_route=\/wp\/v2\/posts\/6545\/revisions"}],"predecessor-version":[{"id":6547,"href":"http:\/\/magazineweb.com.ar\/index.php?rest_route=\/wp\/v2\/posts\/6545\/revisions\/6547"}],"wp:featuredmedia":[{"embeddable":true,"href":"http:\/\/magazineweb.com.ar\/index.php?rest_route=\/wp\/v2\/media\/6546"}],"wp:attachment":[{"href":"http:\/\/magazineweb.com.ar\/index.php?rest_route=%2Fwp%2Fv2%2Fmedia&parent=6545"}],"wp:term":[{"taxonomy":"category","embeddable":true,"href":"http:\/\/magazineweb.com.ar\/index.php?rest_route=%2Fwp%2Fv2%2Fcategories&post=6545"},{"taxonomy":"post_tag","embeddable":true,"href":"http:\/\/magazineweb.com.ar\/index.php?rest_route=%2Fwp%2Fv2%2Ftags&post=6545"}],"curies":[{"name":"wp","href":"https:\/\/api.w.org\/{rel}","templated":true}]}}