{"id":6584,"date":"2024-05-31T01:08:00","date_gmt":"2024-05-31T04:08:00","guid":{"rendered":"https:\/\/magazineweb.com.ar\/?p=6584"},"modified":"2024-05-30T17:20:15","modified_gmt":"2024-05-30T20:20:15","slug":"en-cuatro-meses-hay-casi-20-mil-empleados-publicos-menos-a-nivel-nacional","status":"publish","type":"post","link":"http:\/\/magazineweb.com.ar\/?p=6584","title":{"rendered":"En cuatro meses hay casi 20 mil empleados p\u00fablicos menos a nivel nacional"},"content":{"rendered":"\n<p>La cantidad de empleados p\u00fablicos se redujo en 19.223 personas entre diciembre de 2023 y abril del 2024, seg\u00fan datos del INDEC.<\/p>\n\n\n\n<p>En diciembre hab\u00eda 341.473 empleados y a abril hab\u00eda ca\u00eddo a 322.250.<\/p>\n\n\n\n<p>El dato confirma el ajuste en las plantillas de empleo p\u00fablico implementado por el gobierno de Javier Milei.<\/p>\n\n\n\n<p><em><strong>De acuerdo con las cifras oficiales, la mayor\u00eda de los empleados est\u00e1n en la administraci\u00f3n p\u00fablica nacional, con 215.901. A diciembre \u00faltimo, hab\u00eda 231.305, lo cual indica que el principal recorte se aplic\u00f3 en esa \u00f3rbita.<\/strong><\/em><\/p>\n\n\n\n<p>En empresas y sociedad del Estado, hab\u00eda 110.168 personas trabajando en diciembre de 2023, y a abril hab\u00eda disminuido a 106.349, lo cual tambi\u00e9n refleja un recorte, de casi 4.000 empleados.<\/p>\n\n\n\n<p>Para el gobierno de Milei, la esfera p\u00fablica est\u00e1 totalmente sobredimensionada, por lo que la pol\u00edtica a aplicar es que contrato que se vence, no se renueva.<\/p>\n\n\n\n<p>La administraci\u00f3n libertaria tiene como prioridad uno el achicamiento del Estado, que experiment\u00f3 un fuerte crecimiento en los \u00faltimos gobiernos kirchneristas.<\/p>\n\n\n\n<p>Tambi\u00e9n se impulsa que las provincias apliquen un recorte de empleo p\u00fablico, a partir de acuerdos con la Naci\u00f3n.<\/p>\n\n\n\n<p>El ministro de Econom\u00eda, Luis Caputo, logr\u00f3 super\u00e1vit fiscal en la primera parte del a\u00f1o, y el objetivo ser\u00e1 mantenerlo cuando se complete el primer semestre.<\/p>\n","protected":false},"excerpt":{"rendered":"<p>La cantidad de empleados p\u00fablicos se redujo en 19.223 personas entre diciembre de 2023 y abril del 2024, seg\u00fan datos del INDEC. En diciembre hab\u00eda 341.473 empleados y a abril&hellip;<\/p>\n","protected":false},"author":3,"featured_media":6585,"comment_status":"closed","ping_status":"closed","sticky":false,"template":"","format":"standard","meta":{"footnotes":""},"categories":[5],"tags":[],"class_list":["post-6584","post","type-post","status-publish","format-standard","has-post-thumbnail","hentry","category-economia"],"rttpg_featured_image_url":{"full":["http:\/\/magazineweb.com.ar\/wp-content\/uploads\/2024\/05\/image-4.jpg",1024,595,false],"landscape":["http:\/\/magazineweb.com.ar\/wp-content\/uploads\/2024\/05\/image-4.jpg",1024,595,false],"portraits":["http:\/\/magazineweb.com.ar\/wp-content\/uploads\/2024\/05\/image-4.jpg",1024,595,false],"thumbnail":["http:\/\/magazineweb.com.ar\/wp-content\/uploads\/2024\/05\/image-4-150x150.jpg",150,150,true],"medium":["http:\/\/magazineweb.com.ar\/wp-content\/uploads\/2024\/05\/image-4-300x174.jpg",300,174,true],"large":["http:\/\/magazineweb.com.ar\/wp-content\/uploads\/2024\/05\/image-4.jpg",1024,595,false],"1536x1536":["http:\/\/magazineweb.com.ar\/wp-content\/uploads\/2024\/05\/image-4.jpg",1024,595,false],"2048x2048":["http:\/\/magazineweb.com.ar\/wp-content\/uploads\/2024\/05\/image-4.jpg",1024,595,false],"ultp_layout_landscape_large":["http:\/\/magazineweb.com.ar\/wp-content\/uploads\/2024\/05\/image-4.jpg",1024,595,false],"ultp_layout_landscape":["http:\/\/magazineweb.com.ar\/wp-content\/uploads\/2024\/05\/image-4-870x570.jpg",870,570,true],"ultp_layout_portrait":["http:\/\/magazineweb.com.ar\/wp-content\/uploads\/2024\/05\/image-4-600x595.jpg",600,595,true],"ultp_layout_square":["http:\/\/magazineweb.com.ar\/wp-content\/uploads\/2024\/05\/image-4-600x595.jpg",600,595,true]},"rttpg_author":{"display_name":"Redacci\u00f3n Magazine Web","author_link":"http:\/\/magazineweb.com.ar\/?author=3"},"rttpg_comment":0,"rttpg_category":"<a href=\"http:\/\/magazineweb.com.ar\/?cat=5\" rel=\"category\">Econom\u00eda<\/a>","rttpg_excerpt":"La cantidad de empleados p\u00fablicos se redujo en 19.223 personas entre diciembre de 2023 y abril del 2024, seg\u00fan datos del INDEC. En diciembre hab\u00eda 341.473 empleados y a abril&hellip;","_links":{"self":[{"href":"http:\/\/magazineweb.com.ar\/index.php?rest_route=\/wp\/v2\/posts\/6584","targetHints":{"allow":["GET"]}}],"collection":[{"href":"http:\/\/magazineweb.com.ar\/index.php?rest_route=\/wp\/v2\/posts"}],"about":[{"href":"http:\/\/magazineweb.com.ar\/index.php?rest_route=\/wp\/v2\/types\/post"}],"author":[{"embeddable":true,"href":"http:\/\/magazineweb.com.ar\/index.php?rest_route=\/wp\/v2\/users\/3"}],"replies":[{"embeddable":true,"href":"http:\/\/magazineweb.com.ar\/index.php?rest_route=%2Fwp%2Fv2%2Fcomments&post=6584"}],"version-history":[{"count":1,"href":"http:\/\/magazineweb.com.ar\/index.php?rest_route=\/wp\/v2\/posts\/6584\/revisions"}],"predecessor-version":[{"id":6586,"href":"http:\/\/magazineweb.com.ar\/index.php?rest_route=\/wp\/v2\/posts\/6584\/revisions\/6586"}],"wp:featuredmedia":[{"embeddable":true,"href":"http:\/\/magazineweb.com.ar\/index.php?rest_route=\/wp\/v2\/media\/6585"}],"wp:attachment":[{"href":"http:\/\/magazineweb.com.ar\/index.php?rest_route=%2Fwp%2Fv2%2Fmedia&parent=6584"}],"wp:term":[{"taxonomy":"category","embeddable":true,"href":"http:\/\/magazineweb.com.ar\/index.php?rest_route=%2Fwp%2Fv2%2Fcategories&post=6584"},{"taxonomy":"post_tag","embeddable":true,"href":"http:\/\/magazineweb.com.ar\/index.php?rest_route=%2Fwp%2Fv2%2Ftags&post=6584"}],"curies":[{"name":"wp","href":"https:\/\/api.w.org\/{rel}","templated":true}]}}