{"id":6624,"date":"2024-06-04T01:02:00","date_gmt":"2024-06-04T04:02:00","guid":{"rendered":"https:\/\/magazineweb.com.ar\/?p=6624"},"modified":"2024-06-03T14:14:15","modified_gmt":"2024-06-03T17:14:15","slug":"el-gobierno-nacional-debe-a-la-provincia-de-buenos-aires-5-8-billones-de-pesos","status":"publish","type":"post","link":"http:\/\/magazineweb.com.ar\/?p=6624","title":{"rendered":"\u00abEl gobierno nacional debe a la provincia de Buenos Aires 5.8 billones de pesos\u00bb"},"content":{"rendered":"\n<p>El ministro de Gobierno,\u00a0Carlos Bianco, afirm\u00f3 ayer lunes que el gobierno nacional debe a la provincia de Buenos Aires un total de 5.8 billones de pesos, reflexion\u00f3 que\u00a0\u201cse castiga a los bonaerenses con un plan sistem\u00e1tico y deliberado que asfixia econ\u00f3mica y financieramente\u201d\u00a0y le pidi\u00f3 al presidente Javier Milei \u201cque revea esa situaci\u00f3n porque se necesitan esos recursos\u201d.<\/p>\n\n\n\n<p>El funcionario formul\u00f3 esas declaraciones al encabezar junto a los ministros de Desarrollo de la Comunidad,&nbsp;Andr\u00e9s \u201cCuervo\u201d Larroque, y de Desarrollo Agrario,&nbsp;Javier Rodr\u00edguez, una conferencia de prensa en la Casa de Gobierno, en La Plata.<\/p>\n\n\n\n<p>\u201cEl gobierno abandon\u00f3 mil obras\u201d, expuso Bianco en la conferencia y le pidi\u00f3 al jefe de Estado que \u201cdeje de lado ese plan sistem\u00e1tico y elaborado de asfixia financiera sobre el pueblo de la provincia, que le devuelva los fondos a los bonaerenses para poder tener mejor acceso a la salud, educaci\u00f3n, generaci\u00f3n de empleo y de obras p\u00fablicas\u201d.<\/p>\n\n\n\n<p>En su exposici\u00f3n, el funcionario puntualiz\u00f3 las deudas que el gobierno nacional posee con la administraci\u00f3n bonaerense: \u201cAnses debe a la caja provincial 716 mil millones de pesos; por las compensaciones previstas en el Consenso Fiscal, 213 mil millones; por el Fondo de Fortalecimiento Fiscal, 107 mil millones; por el Convenio de Asistencia Financiera, 76 mil millones; por el Fondo Nacional de Incentivo Docente, 74 mil millones; por Equipamiento para diagn\u00f3stico por im\u00e1genes, 30 mil millones; por la Venta de Energ\u00eda generada por Centrales de la Costa, 15 mil millones; por el Fondo para Infraestructura Portuaria, 10 mil millones; el Fondo de Compensaci\u00f3n del Transporte del Interior, 10 mil millones; por el Programa para la Jornada Completa en Educaci\u00f3n, 5 mil millones; por Fondos para la compra de Vacunas, casi 3 mil millones; por programas de Maternidad y Medicamentos, 2 mil millones de pesos; por Programas de mejora educativa, 2 mil millones, y por otros fondos, 3 mil millones\u201d.&nbsp;<\/p>\n\n\n\n<p>Bianco expuso que,&nbsp;en total, se adeudan 1, 27 billones de pesos y razon\u00f3: \u201cEs tanto, que no es dif\u00edcil dimensionar el monto\u201d.<\/p>\n\n\n\n<p>En cuanto a obras p\u00fablicas, detall\u00f3 que \u201cson 180 las obras que estaban siendo ejecutadas y quedaron completamente abandonada por 2.35 billones\u201d; dijo que \u201cpor el programa PoCreAr hab\u00eda 105 convenios para hacer 6.500 casas por 1 bill\u00f3n\u201d; apunt\u00f3 que \u201cpor convenios de Naci\u00f3n con municipios para 755 obras se adeudan 400 mil millones\u201d y agreg\u00f3 que se paralizaron \u201cProgramas de construcci\u00f3n de 9.000 viviendas por 240 mil millones\u201d.<\/p>\n\n\n\n<p>Estipul\u00f3, adem\u00e1s, que se frenaron \u201cconvenios con provincia para 128 obras por 225 mil millones y el env\u00edo de fondos para saneamiento de grandes basurales por 60 millones\u201d, se\u00f1al\u00f3 que en concepto de \u201cobras de infraestructura de convenios tripartitos entre Naci\u00f3n, provincia y municipios, se deben 43 mil millones; por las 40 obras de infraestructura por programas nacionales, 28 mil millones, para las universidades nacionales con sede en la provincia, 27 mil millones; por obras en el Hospital El Cruce de Florencio Varela por 21 mil millones\u201d y cont\u00f3 que \u201cpor el Plan de Infraestructura penitenciaria se adeudan 5 mil millones y por otra obras 47 mil millones\u201d.&nbsp;<\/p>\n\n\n\n<p>\u201cEn total, total son 4.46 billones\u201d, se\u00f1al\u00f3 y continu\u00f3: \u201cPor el Programa Fines se deben 13 mil millones; por el Programa Sumar, 4.700 millones; por el Cucaiba, 1.600 millones; por el Programa VIH, 1.100 millones; por el Potenciar Trabajo, 1.000 millones; y por Incluir Salud, Incluir Salud, 910 millones\u201d, resalt\u00f3 Bianco.<\/p>\n\n\n\n<p>Posteriormente, puntualiz\u00f3 que \u201cpor obras y refacciones en clubes de barrio, se adeudan 629 millones; por obras en polideportivos, 440 millones; por gesti\u00f3n educativa, 395; por programas culturales, 300 millones; por otros programas, 2.000 millones, lo que hace un total de 26.777 millones de pesos\u201d.<\/p>\n\n\n\n<p>\u201cOtro reclamo tiene que ver con la obligaci\u00f3n de asistir a la provincia para el servicio alimentario escolar, el programa MESA, y comedores, los programas para cel\u00edacos, dinero para cat\u00e1strofes y temporales\u201d, agreg\u00f3 y dijo que ello suma un total de \u201c73.500 millones de pesos\u201d.<\/p>\n\n\n\n<p>Sostuvo que,&nbsp;sumando todos esos montos y esas deudas, la deuda total que tiene el gobierno es a abril 5,8 billones de pesos\u201d y recalc\u00f3 que \u201cel gobierno nacional debe cambiar su postura, aunque no le guste\u201d.<\/p>\n\n\n\n<p>\u201cTienen que entender que&nbsp;gobiernan para 23 provincias y la Ciudad Aut\u00f3noma, en donde viven 46 millones de argentinos. En la provincia viven 17 millones. Su \u00fanico territorio no puede ser una hoja de Excel con ingresos y egresos fiscales\u201d, resalt\u00f3 y pidi\u00f3 al presidente \u201cque se hagan cargo y entreguen los recursos a la provincia de Buenos Aires\u201d.<\/p>\n\n\n\n<p>Finalmente, afirm\u00f3: \u201cMandamos cientos de notas, ni siquiera responden. Apelamos a mandar mensajes por WhatsApp a los ministros. Es muy dif\u00edcil sostener el di\u00e1logo. Lo \u00fanico que queda en hacer denuncias p\u00fablicas\u201d.&nbsp;<\/p>\n\n\n\n<p>A su turno,&nbsp;Larroque dijo que desde que asumi\u00f3 el gobierno nacional, en diciembre pasado, todav\u00eda no logr\u00f3 ser recibido por la ministra de Capital Humano, Sandra Petovello, a quien pidi\u00f3 que lo atienda y solicit\u00f3 \u201cque se convoque al Consejo Federal de Pol\u00edticas Sociales\u201d.&nbsp;&nbsp;<\/p>\n\n\n\n<p>\u201cQueremos un pa\u00eds de trabajo y producci\u00f3n donde no tengan que existir comedores, pero estamos muy lejos de eso\u201d, dijo e indic\u00f3 que \u201cas\u00ed como Per\u00f3n dec\u00eda que gobernar es crear trabajo, hoy gobernar es dar de comer, presidente Miley y ministra Pettovello\u201d.<\/p>\n\n\n\n<p>Analiz\u00f3 luego que \u201chay un desconocimiento absoluto de la pol\u00edtica social y una demonizaci\u00f3n de las organizaciones sociales\u201d de parte del gobierno nacional y le pidi\u00f3 celeridad para la entrega de alimentos \u201ca comedores y merenderos\u201d.<\/p>\n\n\n\n<p>A su turno,&nbsp;Rodr\u00edguez cuestion\u00f3 la ca\u00edda del 14,9% en los salarios de los trabajadores; manifest\u00f3 que se registra \u201cuna baja considerable en el consumo de alimentos\u201d y subray\u00f3 que \u201cdesde noviembre del a\u00f1o pasado, el consumo de carne bovina cay\u00f3 17,9%; el de carne aviar, 15,6% y el de leche fresca, 13,7%\u201d.&nbsp;<\/p>\n\n\n\n<h2 class=\"wp-block-heading\">La palabra de Kicillof<\/h2>\n\n\n\n<p>Tras la conferencia de prensa, el gobernador se manifest\u00f3 por redes sociales y expres\u00f3: \u201cEstamos llevando adelante un reclamo al Gobierno Nacional por el&nbsp;plan sistem\u00e1tico de asfixia financiera y econ\u00f3mica que est\u00e1 ejecutando de forma deliberada sobre el pueblo&nbsp;de la provincia de Buenos Aires\u201d.<br>\u201cUna deuda que asciende a 5,8 billones de pesos que impactan directamente sobre la salud y la educaci\u00f3n p\u00fablica, el pago de salarios docentes, la ejecuci\u00f3n de obras de infraestructura escolar y universitaria, convenios para obra p\u00fablica y construcci\u00f3n de viviendas, entre otros derechos de las y los bonaerenses\u201d, expuso.<\/p>\n\n\n\n<p>El mandatario bonaerense record\u00f3 que tambi\u00e9n contin\u00faa el reclamo \u201cpor los recursos que afectan la asistencia alimentaria, una emergencia que en el contexto econ\u00f3mico actual deber\u00eda ser prioritaria en la agenda nacional\u201d.<br>\u201cDesde el&nbsp;Ministerio de Desarrollo continuamos tendiendo una manos a los sectores vulnerables&nbsp;a trav\u00e9s del Servicio Alimentario Escolar, el programa MESA y \u2018Un Vaso de Leche\u2019. Tambi\u00e9n contamos con programas de asistencia y fortalecimiento de comedores y espacios comunitarios. Con el programa M\u00e1s Vida asistimos a mam\u00e1s no contempladas en AUH\u201d, cerr\u00f3.<\/p>\n","protected":false},"excerpt":{"rendered":"<p>El ministro de Gobierno,\u00a0Carlos Bianco, afirm\u00f3 ayer lunes que el gobierno nacional debe a la provincia de Buenos Aires un total de 5.8 billones de pesos, reflexion\u00f3 que\u00a0\u201cse castiga a&hellip;<\/p>\n","protected":false},"author":3,"featured_media":6625,"comment_status":"closed","ping_status":"closed","sticky":false,"template":"","format":"standard","meta":{"footnotes":""},"categories":[4,13,14],"tags":[],"class_list":["post-6624","post","type-post","status-publish","format-standard","has-post-thumbnail","hentry","category-destacados","category-politica","category-provincial"],"rttpg_featured_image_url":{"full":["http:\/\/magazineweb.com.ar\/wp-content\/uploads\/2024\/06\/169-Conferencia-prensa-Carlos-Bianco-PBA-1200x675-1.webp",1200,675,false],"landscape":["http:\/\/magazineweb.com.ar\/wp-content\/uploads\/2024\/06\/169-Conferencia-prensa-Carlos-Bianco-PBA-1200x675-1.webp",1200,675,false],"portraits":["http:\/\/magazineweb.com.ar\/wp-content\/uploads\/2024\/06\/169-Conferencia-prensa-Carlos-Bianco-PBA-1200x675-1.webp",1200,675,false],"thumbnail":["http:\/\/magazineweb.com.ar\/wp-content\/uploads\/2024\/06\/169-Conferencia-prensa-Carlos-Bianco-PBA-1200x675-1-150x150.webp",150,150,true],"medium":["http:\/\/magazineweb.com.ar\/wp-content\/uploads\/2024\/06\/169-Conferencia-prensa-Carlos-Bianco-PBA-1200x675-1-300x169.webp",300,169,true],"large":["http:\/\/magazineweb.com.ar\/wp-content\/uploads\/2024\/06\/169-Conferencia-prensa-Carlos-Bianco-PBA-1200x675-1-1024x576.webp",1024,576,true],"1536x1536":["http:\/\/magazineweb.com.ar\/wp-content\/uploads\/2024\/06\/169-Conferencia-prensa-Carlos-Bianco-PBA-1200x675-1.webp",1200,675,false],"2048x2048":["http:\/\/magazineweb.com.ar\/wp-content\/uploads\/2024\/06\/169-Conferencia-prensa-Carlos-Bianco-PBA-1200x675-1.webp",1200,675,false],"ultp_layout_landscape_large":["http:\/\/magazineweb.com.ar\/wp-content\/uploads\/2024\/06\/169-Conferencia-prensa-Carlos-Bianco-PBA-1200x675-1.webp",1200,675,false],"ultp_layout_landscape":["http:\/\/magazineweb.com.ar\/wp-content\/uploads\/2024\/06\/169-Conferencia-prensa-Carlos-Bianco-PBA-1200x675-1-870x570.webp",870,570,true],"ultp_layout_portrait":["http:\/\/magazineweb.com.ar\/wp-content\/uploads\/2024\/06\/169-Conferencia-prensa-Carlos-Bianco-PBA-1200x675-1-600x675.webp",600,675,true],"ultp_layout_square":["http:\/\/magazineweb.com.ar\/wp-content\/uploads\/2024\/06\/169-Conferencia-prensa-Carlos-Bianco-PBA-1200x675-1-600x600.webp",600,600,true]},"rttpg_author":{"display_name":"Redacci\u00f3n Magazine Web","author_link":"http:\/\/magazineweb.com.ar\/?author=3"},"rttpg_comment":0,"rttpg_category":"<a href=\"http:\/\/magazineweb.com.ar\/?cat=4\" rel=\"category\">Destacados<\/a> <a href=\"http:\/\/magazineweb.com.ar\/?cat=13\" rel=\"category\">Pol\u00edtica<\/a> <a href=\"http:\/\/magazineweb.com.ar\/?cat=14\" rel=\"category\">Provincial<\/a>","rttpg_excerpt":"El ministro de Gobierno,\u00a0Carlos Bianco, afirm\u00f3 ayer lunes que el gobierno nacional debe a la provincia de Buenos Aires un total de 5.8 billones de pesos, reflexion\u00f3 que\u00a0\u201cse castiga a&hellip;","_links":{"self":[{"href":"http:\/\/magazineweb.com.ar\/index.php?rest_route=\/wp\/v2\/posts\/6624","targetHints":{"allow":["GET"]}}],"collection":[{"href":"http:\/\/magazineweb.com.ar\/index.php?rest_route=\/wp\/v2\/posts"}],"about":[{"href":"http:\/\/magazineweb.com.ar\/index.php?rest_route=\/wp\/v2\/types\/post"}],"author":[{"embeddable":true,"href":"http:\/\/magazineweb.com.ar\/index.php?rest_route=\/wp\/v2\/users\/3"}],"replies":[{"embeddable":true,"href":"http:\/\/magazineweb.com.ar\/index.php?rest_route=%2Fwp%2Fv2%2Fcomments&post=6624"}],"version-history":[{"count":1,"href":"http:\/\/magazineweb.com.ar\/index.php?rest_route=\/wp\/v2\/posts\/6624\/revisions"}],"predecessor-version":[{"id":6626,"href":"http:\/\/magazineweb.com.ar\/index.php?rest_route=\/wp\/v2\/posts\/6624\/revisions\/6626"}],"wp:featuredmedia":[{"embeddable":true,"href":"http:\/\/magazineweb.com.ar\/index.php?rest_route=\/wp\/v2\/media\/6625"}],"wp:attachment":[{"href":"http:\/\/magazineweb.com.ar\/index.php?rest_route=%2Fwp%2Fv2%2Fmedia&parent=6624"}],"wp:term":[{"taxonomy":"category","embeddable":true,"href":"http:\/\/magazineweb.com.ar\/index.php?rest_route=%2Fwp%2Fv2%2Fcategories&post=6624"},{"taxonomy":"post_tag","embeddable":true,"href":"http:\/\/magazineweb.com.ar\/index.php?rest_route=%2Fwp%2Fv2%2Ftags&post=6624"}],"curies":[{"name":"wp","href":"https:\/\/api.w.org\/{rel}","templated":true}]}}