{"id":6627,"date":"2024-06-04T01:07:00","date_gmt":"2024-06-04T04:07:00","guid":{"rendered":"https:\/\/magazineweb.com.ar\/?p=6627"},"modified":"2024-06-03T14:21:37","modified_gmt":"2024-06-03T17:21:37","slug":"cfk-le-respondio-a-milei-lo-que-pasa-en-capital-humano-es-responsabilidad-del-gobierno-y-no-del-kirchnerismo","status":"publish","type":"post","link":"http:\/\/magazineweb.com.ar\/?p=6627","title":{"rendered":"CFK le respondi\u00f3 a Milei: \u00abLo que pasa en Capital Humano es responsabilidad del gobierno y no del kirchnerismo\u00bb"},"content":{"rendered":"\n<p>La expresidenta Cristina Fern\u00e1ndez de Kirchner se refiri\u00f3 al&nbsp;esc\u00e1ndalo de los alimentos no entregados por Capital Humano, a cargo de Sandra Pettovello, y a las denuncias por corrupci\u00f3n en esa cartera y expres\u00f3 que \u201ces responsabilidad de la conducci\u00f3n\u201d del gobierno y no \u201cdel kirchnerismo\u201d.<\/p>\n\n\n\n<p>La exmandataria formul\u00f3 esas afirmaciones en la ma\u00f1ana de ayer lunes en la red social X luego de que el presidente acusara a la gesti\u00f3n anterior por el esc\u00e1ndalo con los cinco millones de kilos de comida sin repartir.<\/p>\n\n\n\n<p>As\u00ed,&nbsp;le pidi\u00f3 al presidente Javier Milei que \u201cen lugar de echarle la culpa a los \u2018kirchneristas\u2019 revise sus ideas y decisiones acerca de crear un mega Ministerio inmanejable y confi\u00e1rselo a una persona sin experiencia de gesti\u00f3n en las m\u00faltiples disciplinas que abarca\u201d.&nbsp;<\/p>\n\n\n\n<p>\u201cTeorizar en los canales de televisi\u00f3n es muy f\u00e1cil, gobernar es otra cosa\u201d, expres\u00f3 al referise a las irregularidades en el Ministerio de Capital Humano, sobre todo las que tienen que ver con el&nbsp;esc\u00e1ndalo de los alimentos acopiados sin repartir&nbsp;y los contratos firmados con la Organizaci\u00f3n de Estados Iberoamericanos..&nbsp;<\/p>\n\n\n\n<p>En su publicaci\u00f3n,&nbsp;Fern\u00e1ndez de Kirchner&nbsp;expres\u00f3: \u201cOtra vez la burra al trigo\u2026&nbsp;C\u00f3rtela presidente con la cantinela de \u2018son los kirchneristas\u2019. No presidente, aunque resulte una obviedad, lo que pasa en el Ministerio de Capital Humano es responsabilidad de quienes son sus cuadros de conducci\u00f3n\u201d.&nbsp;<\/p>\n\n\n\n<p>Luego, dijo que \u201cla responsabilidad de \u2018los kirchneristas\u2019 en ese ministerio (en ese entonces denominado Desarrollo Social), fue entre el a\u00f1o 2003 al 2015 y estuvo a cargo de la Dra. Alicia Kirchner\u201d.&nbsp;<\/p>\n\n\n\n<p>\u201cPara su ilustraci\u00f3n en cuanto a programas de transferencia de ingresos (pol\u00edtica de planes sociales) le comparto un cuadro publicado el pasado 1 de junio en el portal Infobae en una nota del periodista Andr\u00e9s Klipphan\u201d, continu\u00f3 y detall\u00f3 que en ese gr\u00e1fico&nbsp;\u201cse observa claramente cu\u00e1l fue la pol\u00edtica del \u2018kirchnerismo\u2019 en la materia\u201d.&nbsp;<\/p>\n\n\n\n<p>\u201cF\u00edjese la cantidad de planes existentes en 2003 y&nbsp;observe c\u00f3mo se entreg\u00f3 el Ministerio en el 2015. Y si no le alcanza mire y escuche 39 segundos de su se\u00f1al de cable preferida La Naci\u00f3n+, donde explican cu\u00e1l fue el gobierno (Stanley \u2013 Macri) que comenz\u00f3 el problema\u201d, indic\u00f3 y agreg\u00f3 un video con un corte de un programa de ese canal.&nbsp;<\/p>\n\n\n\n<p>Sostuvo que \u201cas\u00ed que en lugar de echarle la culpa a los \u2018kirchneristas\u2019&nbsp;revise sus ideas y decisiones acerca de crear un mega Ministerio inmanejable y confiarselo a una persona sin experiencia de gesti\u00f3n en las m\u00faltiples disciplinas que abarca. Teorizar en los canales de televisi\u00f3n es muy f\u00e1cil, gobernar es otra cosa\u201d.<\/p>\n\n\n\n<h2 class=\"wp-block-heading\"><strong>El respaldo de Milei<\/strong><\/h2>\n\n\n\n<p>El domingo, de regreso en la Argentina tras su viaje a los Estados Unidos, el presidente Javier&nbsp;Milei defendi\u00f3 a Pettovello de las cr\u00edticas. \u201cLo que est\u00e1 pasando en Capital Humano es que hay una ministra valiente, capaz, y con todas las agallas necesarias para enfrentar a todo este conjunto de delincuentes. Y que no solo se queda en una denuncia medi\u00e1tica. Va y lo lleva a la justicia\u201d, plante\u00f3.<\/p>\n\n\n\n<p>En ese marco, el jefe de estado acus\u00f3 al kirchnerismo: \u201cNo sea cosa que por las distintas estrategias que est\u00e1n montando desde los medios afines a ellos, sedientos de pauta, que reciben pauta de la provincia de Buenos Aires\u2026 No sea cosa que adem\u00e1s quieran plantar muertos\u201d, insinu\u00f3 el mandatario y agreg\u00f3 que&nbsp;no descarta \u201cque este conjunto de delincuentes kirchneristas quieran tirar un muerto\u201d.<\/p>\n\n\n\n<p>Al referirse al&nbsp;esc\u00e1ndalo por los alimentos no distribuidos pr\u00f3ximos a vencer, que deriv\u00f3 en el despido del secretario de Familia y Ni\u00f1ez, Pablo de la Torre, Milei argument\u00f3:&nbsp;\u201cSi usted quiere romper a los intermediarios, que son unos delincuentes, lo van a acusar de ir en contra, de matar pobres\u201d, dijo en di\u00e1logo con Radio Mitre.<\/p>\n\n\n\n<p>Adem\u00e1s, justific\u00f3: \u201c\u00bfSabe cu\u00e1nto fue el nivel de error que hubo dentro del Ministerio? Fue del 0,03%. Es decir, estamos hablando del 3 en 10 mil. Ni la medicina tiene ese nivel de precisi\u00f3n\u201d. De todas formas,&nbsp;destac\u00f3 el \u201csistema de contratos contingentes\u201d, dise\u00f1ado por Federico Sturzenegger, y asegur\u00f3 que no volver\u00e1n a darse este tipo de errores.<\/p>\n\n\n\n<h2 class=\"wp-block-heading\"><strong>La palabra de Pettovello<\/strong><\/h2>\n\n\n\n<p>Ayer lunes, la ministra afirm\u00f3 que&nbsp;\u201ces muy dif\u00edcil luchar contra las mafias, pero lo tenemos que hacer. Y no podemos solos. La gente tiene que apoyar a los ciudadanos decentes. Por m\u00e1s que nos amenacen, no nos van a intimidar\u201d.&nbsp;<\/p>\n\n\n\n<p>En declaraciones formuladas al diario&nbsp;<em>\u00c1mbito Financiero<\/em>, la funcionaria sostuvo que tanto ella como sus funcionarios y las familias de \u00e9stos \u201csufrieron amenazas\u201d y con relaci\u00f3n a la denuncia por asociaci\u00f3n il\u00edcita que realiz\u00f3 un abogado en su contra, de su exsecretario, Pablo De la Torre y del director a la Organizaci\u00f3n de Estados Iberoamericanos, Luis Scasso, por \u201casociaci\u00f3n il\u00edcita\u201d en la contrataci\u00f3n supuestamente fraudulenta de profesionales a trav\u00e9s de este organismo,&nbsp; indic\u00f3 que le est\u00e1n haciendo \u201ccausas falsas\u201d.<\/p>\n\n\n\n<p>\u201cVamos a seguir adelante, no nos van a amedrentar,&nbsp;tenemos que defender a la Argentina de las mafias\u201d, remarc\u00f3 Pettovello.<\/p>\n\n\n\n<p>Al referirse a la pol\u00e9mica en torno de los alimentos en poder del Ministerio, asegur\u00f3 que&nbsp;\u201cno hay ning\u00fan alimento vencido en los dep\u00f3sitos que tenemos para atender emergencias\u201d&nbsp;y aclar\u00f3 que, a medida que se va acercando la fecha de vencimiento de estos productos, se los entrega.<\/p>\n\n\n\n<p>De hecho, adelant\u00f3 que ayer lunes el Ej\u00e9rcito comenz\u00f3 a entregar esta mercader\u00eda a la Fundaci\u00f3n Cooperadora de la Nutrici\u00f3n Infantil (CONIN) que cuenta con delegaciones en distintos puntos del pa\u00eds.<\/p>\n\n\n\n<h2 class=\"wp-block-heading\"><strong>Los funcionarios desplazados<\/strong><\/h2>\n\n\n\n<p>Tras la pol\u00e9mica salida de Pablo De la Torre, echado del Poder Ejecutivo&nbsp;en medio de denuncias por ineficiencia y sospechas de corrupci\u00f3n,&nbsp;el Gobierno Nacional avanz\u00f3 sobre funcionarios que estaban a su cargo e involucrados en el esc\u00e1ndalo de la entrega de alimentos.<\/p>\n\n\n\n<p>A trav\u00e9s de las resoluciones 339, 340, 341 y 342, publicadas en la madrugada del lunes en el Bolet\u00edn Oficial, el Ministerio de Capital Humano&nbsp;limit\u00f3 las designaciones, al 30 de mayo, de tres integrantes de la Secretar\u00eda de Ni\u00f1ez, Adolescencia y Familia y del director del \u00e1rea encargada de la log\u00edstica de los dep\u00f3sitos donde funcionan los stocks de comida, v\u00edveres, agua, materiales, colchones y ayudas propias de una emergencia o de asistencia social.<\/p>\n\n\n\n<p>Se trata de:&nbsp;H\u00e9ctor Nicol\u00e1s Calvente, subsecretario de Pol\u00edticas Sociales;&nbsp;Mar\u00eda Luc\u00eda Raskovsky, subsecretaria de Pol\u00edticas Territoriales y Desarrollo Humano;&nbsp;Fernando de la Cruz Molina Pico, coordinador General de la Comisi\u00f3n Nacional de Coordinaci\u00f3n del Programa de Promoci\u00f3n del Microcr\u00e9dito para el Desarrollo de la Econom\u00eda Social; y&nbsp;Esteban Mar\u00eda Bosch, director nacional de Emergencia del Ministerio de Capital Humano.<\/p>\n\n\n\n<p>La medida hab\u00eda sido adelantada al t\u00e9rmino de la semana pasada cuando se confirm\u00f3 la salida de De la Torre. \u201cA ra\u00edz de una informaci\u00f3n recibida sobre el estado y fechas de vencimiento de determinados productos adquiridos por el gobierno anterior (los cuales se encuentran en los galpones de Villa Martelli y de Taf\u00ed Viejo en la provincia de Tucum\u00e1n del ex Ministerio de Desarrollo Social), se ha llevado a cabo una auditor\u00eda y se ha decidido limitar las competencias de los funcionarios y empleados responsables que, por mal desempe\u00f1o de sus tareas, no han realizado un control permanente de stock y de vencimiento de mercader\u00eda\u201d, hab\u00eda informado el Ministerio.<\/p>\n","protected":false},"excerpt":{"rendered":"<p>La expresidenta Cristina Fern\u00e1ndez de Kirchner se refiri\u00f3 al&nbsp;esc\u00e1ndalo de los alimentos no entregados por Capital Humano, a cargo de Sandra Pettovello, y a las denuncias por corrupci\u00f3n en esa&hellip;<\/p>\n","protected":false},"author":3,"featured_media":6628,"comment_status":"closed","ping_status":"closed","sticky":false,"template":"","format":"standard","meta":{"footnotes":""},"categories":[17,13],"tags":[],"class_list":["post-6627","post","type-post","status-publish","format-standard","has-post-thumbnail","hentry","category-nacional","category-politica"],"rttpg_featured_image_url":{"full":["http:\/\/magazineweb.com.ar\/wp-content\/uploads\/2024\/06\/cristina-kirchnerjpg.webp",1200,674,false],"landscape":["http:\/\/magazineweb.com.ar\/wp-content\/uploads\/2024\/06\/cristina-kirchnerjpg.webp",1200,674,false],"portraits":["http:\/\/magazineweb.com.ar\/wp-content\/uploads\/2024\/06\/cristina-kirchnerjpg.webp",1200,674,false],"thumbnail":["http:\/\/magazineweb.com.ar\/wp-content\/uploads\/2024\/06\/cristina-kirchnerjpg-150x150.webp",150,150,true],"medium":["http:\/\/magazineweb.com.ar\/wp-content\/uploads\/2024\/06\/cristina-kirchnerjpg-300x169.webp",300,169,true],"large":["http:\/\/magazineweb.com.ar\/wp-content\/uploads\/2024\/06\/cristina-kirchnerjpg-1024x575.webp",1024,575,true],"1536x1536":["http:\/\/magazineweb.com.ar\/wp-content\/uploads\/2024\/06\/cristina-kirchnerjpg.webp",1200,674,false],"2048x2048":["http:\/\/magazineweb.com.ar\/wp-content\/uploads\/2024\/06\/cristina-kirchnerjpg.webp",1200,674,false],"ultp_layout_landscape_large":["http:\/\/magazineweb.com.ar\/wp-content\/uploads\/2024\/06\/cristina-kirchnerjpg.webp",1200,674,false],"ultp_layout_landscape":["http:\/\/magazineweb.com.ar\/wp-content\/uploads\/2024\/06\/cristina-kirchnerjpg-870x570.webp",870,570,true],"ultp_layout_portrait":["http:\/\/magazineweb.com.ar\/wp-content\/uploads\/2024\/06\/cristina-kirchnerjpg-600x674.webp",600,674,true],"ultp_layout_square":["http:\/\/magazineweb.com.ar\/wp-content\/uploads\/2024\/06\/cristina-kirchnerjpg-600x600.webp",600,600,true]},"rttpg_author":{"display_name":"Redacci\u00f3n Magazine Web","author_link":"http:\/\/magazineweb.com.ar\/?author=3"},"rttpg_comment":0,"rttpg_category":"<a href=\"http:\/\/magazineweb.com.ar\/?cat=17\" rel=\"category\">Nacional<\/a> <a href=\"http:\/\/magazineweb.com.ar\/?cat=13\" rel=\"category\">Pol\u00edtica<\/a>","rttpg_excerpt":"La expresidenta Cristina Fern\u00e1ndez de Kirchner se refiri\u00f3 al&nbsp;esc\u00e1ndalo de los alimentos no entregados por Capital Humano, a cargo de Sandra Pettovello, y a las denuncias por corrupci\u00f3n en esa&hellip;","_links":{"self":[{"href":"http:\/\/magazineweb.com.ar\/index.php?rest_route=\/wp\/v2\/posts\/6627","targetHints":{"allow":["GET"]}}],"collection":[{"href":"http:\/\/magazineweb.com.ar\/index.php?rest_route=\/wp\/v2\/posts"}],"about":[{"href":"http:\/\/magazineweb.com.ar\/index.php?rest_route=\/wp\/v2\/types\/post"}],"author":[{"embeddable":true,"href":"http:\/\/magazineweb.com.ar\/index.php?rest_route=\/wp\/v2\/users\/3"}],"replies":[{"embeddable":true,"href":"http:\/\/magazineweb.com.ar\/index.php?rest_route=%2Fwp%2Fv2%2Fcomments&post=6627"}],"version-history":[{"count":1,"href":"http:\/\/magazineweb.com.ar\/index.php?rest_route=\/wp\/v2\/posts\/6627\/revisions"}],"predecessor-version":[{"id":6629,"href":"http:\/\/magazineweb.com.ar\/index.php?rest_route=\/wp\/v2\/posts\/6627\/revisions\/6629"}],"wp:featuredmedia":[{"embeddable":true,"href":"http:\/\/magazineweb.com.ar\/index.php?rest_route=\/wp\/v2\/media\/6628"}],"wp:attachment":[{"href":"http:\/\/magazineweb.com.ar\/index.php?rest_route=%2Fwp%2Fv2%2Fmedia&parent=6627"}],"wp:term":[{"taxonomy":"category","embeddable":true,"href":"http:\/\/magazineweb.com.ar\/index.php?rest_route=%2Fwp%2Fv2%2Fcategories&post=6627"},{"taxonomy":"post_tag","embeddable":true,"href":"http:\/\/magazineweb.com.ar\/index.php?rest_route=%2Fwp%2Fv2%2Ftags&post=6627"}],"curies":[{"name":"wp","href":"https:\/\/api.w.org\/{rel}","templated":true}]}}