{"id":6656,"date":"2024-06-06T01:08:00","date_gmt":"2024-06-06T04:08:00","guid":{"rendered":"https:\/\/magazineweb.com.ar\/?p=6656"},"modified":"2024-06-04T16:46:51","modified_gmt":"2024-06-04T19:46:51","slug":"inflacion-advierten-que-productos-de-consumo-masivo-aumentaron-hasta-463-interanual-en-mayo","status":"publish","type":"post","link":"http:\/\/magazineweb.com.ar\/?p=6656","title":{"rendered":"Inflaci\u00f3n: advierten que productos de consumo masivo aumentaron hasta 463% interanual en mayo"},"content":{"rendered":"\n<p>Los productos de consumo masivo registraron en mayo un aumento interanual de hasta el 462,9%, aunque en ese mes se registraron bajas de entre uno y dos d\u00edgitos en algunos art\u00edculos.<\/p>\n\n\n\n<p>As\u00ed lo revel\u00f3 un informe de la consultora Focus Market, que detall\u00f3 que los art\u00edculos que m\u00e1s aumentaron en mayo de 2024 contra el mismo mes de 2023 fueron Pur\u00e9 +462,9%, Chocolatados +448%, Cremas dentales +441,8%, Detergente para ropa +435,7%, Desodorantes de ambiente +412%, Suavizantes +408,7%, Sales +399,9%, Maquinitas de afeitar +396,2% y Edulcorantes +381,3%. &nbsp;A contramano, los precios de los yogures cayeron 16,5%, tambi\u00e9n de manera interanual.<\/p>\n\n\n\n<p>En el \u00abtop 10\u00bb de los art\u00edculos que m\u00e1s subieron con relaci\u00f3n a abril de este a\u00f1o se encuentran: Caldos +16,8%, Detergente para ropa +15,3%, Toallas femeninas +14,6%, Cervezas +8,9%, Manteca +8,7%, Detergente +8,5%, Te +6,6%, Maquinitas de afeitar +6,4% y Condimentos +6,4%.<\/p>\n\n\n\n<p>\u00abLa inflaci\u00f3n en consumo masivo en mayo de 2024 fue del 2,5%, con una variaci\u00f3n de precios en la categor\u00eda alimentos 2% y limpieza del 1,5%. Por su parte, el aumento promedio de bebidas ha sido 4,8% y cuidado personal 7,7% aceler\u00e1ndose su variaci\u00f3n de precios respecto de abril 2024. En el acumulado del a\u00f1o la variaci\u00f3n de precios de la canasta de consumo masivo se ubica en un 50% por debajo del promedio de variaci\u00f3n de precios de la econom\u00eda\u00bb , se\u00f1al\u00f3 el director de Focus Market, Dami\u00e1n Di Pace.<\/p>\n\n\n\n<p>A su criterio, \u00abmientras la confianza del consumidor mejora acorde al menor ritmo de aumento de los precios en la econom\u00eda, el consumo desacelera su ca\u00edda pero a\u00fan en un signo negativo de dos d\u00edgitos. El bolsillo comienza lentamente a estar por encima de la variaci\u00f3n de precios mensual de la econom\u00eda, aunque a\u00fan lejos de recuperar el poder adquisitivo\u00bb.<\/p>\n\n\n\n<p>Para Di Pace, las promociones, ofertas y descuentos se mantienen firmes en los supermercados, lo mismo que los&nbsp;congelamientos de precios por hasta cinco meses, \u00ablo cual se traduce en un exceso de stock en dep\u00f3sitos y almacenes que es necesario liberar, incentivando el consumo\u00bb.<\/p>\n","protected":false},"excerpt":{"rendered":"<p>Los productos de consumo masivo registraron en mayo un aumento interanual de hasta el 462,9%, aunque en ese mes se registraron bajas de entre uno y dos d\u00edgitos en algunos&hellip;<\/p>\n","protected":false},"author":3,"featured_media":6657,"comment_status":"closed","ping_status":"closed","sticky":false,"template":"","format":"standard","meta":{"footnotes":""},"categories":[5],"tags":[],"class_list":["post-6656","post","type-post","status-publish","format-standard","has-post-thumbnail","hentry","category-economia"],"rttpg_featured_image_url":{"full":["http:\/\/magazineweb.com.ar\/wp-content\/uploads\/2024\/06\/360-2.webp",540,360,false],"landscape":["http:\/\/magazineweb.com.ar\/wp-content\/uploads\/2024\/06\/360-2.webp",540,360,false],"portraits":["http:\/\/magazineweb.com.ar\/wp-content\/uploads\/2024\/06\/360-2.webp",540,360,false],"thumbnail":["http:\/\/magazineweb.com.ar\/wp-content\/uploads\/2024\/06\/360-2-150x150.webp",150,150,true],"medium":["http:\/\/magazineweb.com.ar\/wp-content\/uploads\/2024\/06\/360-2-300x200.webp",300,200,true],"large":["http:\/\/magazineweb.com.ar\/wp-content\/uploads\/2024\/06\/360-2.webp",540,360,false],"1536x1536":["http:\/\/magazineweb.com.ar\/wp-content\/uploads\/2024\/06\/360-2.webp",540,360,false],"2048x2048":["http:\/\/magazineweb.com.ar\/wp-content\/uploads\/2024\/06\/360-2.webp",540,360,false],"ultp_layout_landscape_large":["http:\/\/magazineweb.com.ar\/wp-content\/uploads\/2024\/06\/360-2.webp",540,360,false],"ultp_layout_landscape":["http:\/\/magazineweb.com.ar\/wp-content\/uploads\/2024\/06\/360-2.webp",540,360,false],"ultp_layout_portrait":["http:\/\/magazineweb.com.ar\/wp-content\/uploads\/2024\/06\/360-2.webp",540,360,false],"ultp_layout_square":["http:\/\/magazineweb.com.ar\/wp-content\/uploads\/2024\/06\/360-2.webp",540,360,false]},"rttpg_author":{"display_name":"Redacci\u00f3n Magazine Web","author_link":"http:\/\/magazineweb.com.ar\/?author=3"},"rttpg_comment":0,"rttpg_category":"<a href=\"http:\/\/magazineweb.com.ar\/?cat=5\" rel=\"category\">Econom\u00eda<\/a>","rttpg_excerpt":"Los productos de consumo masivo registraron en mayo un aumento interanual de hasta el 462,9%, aunque en ese mes se registraron bajas de entre uno y dos d\u00edgitos en algunos&hellip;","_links":{"self":[{"href":"http:\/\/magazineweb.com.ar\/index.php?rest_route=\/wp\/v2\/posts\/6656","targetHints":{"allow":["GET"]}}],"collection":[{"href":"http:\/\/magazineweb.com.ar\/index.php?rest_route=\/wp\/v2\/posts"}],"about":[{"href":"http:\/\/magazineweb.com.ar\/index.php?rest_route=\/wp\/v2\/types\/post"}],"author":[{"embeddable":true,"href":"http:\/\/magazineweb.com.ar\/index.php?rest_route=\/wp\/v2\/users\/3"}],"replies":[{"embeddable":true,"href":"http:\/\/magazineweb.com.ar\/index.php?rest_route=%2Fwp%2Fv2%2Fcomments&post=6656"}],"version-history":[{"count":1,"href":"http:\/\/magazineweb.com.ar\/index.php?rest_route=\/wp\/v2\/posts\/6656\/revisions"}],"predecessor-version":[{"id":6658,"href":"http:\/\/magazineweb.com.ar\/index.php?rest_route=\/wp\/v2\/posts\/6656\/revisions\/6658"}],"wp:featuredmedia":[{"embeddable":true,"href":"http:\/\/magazineweb.com.ar\/index.php?rest_route=\/wp\/v2\/media\/6657"}],"wp:attachment":[{"href":"http:\/\/magazineweb.com.ar\/index.php?rest_route=%2Fwp%2Fv2%2Fmedia&parent=6656"}],"wp:term":[{"taxonomy":"category","embeddable":true,"href":"http:\/\/magazineweb.com.ar\/index.php?rest_route=%2Fwp%2Fv2%2Fcategories&post=6656"},{"taxonomy":"post_tag","embeddable":true,"href":"http:\/\/magazineweb.com.ar\/index.php?rest_route=%2Fwp%2Fv2%2Ftags&post=6656"}],"curies":[{"name":"wp","href":"https:\/\/api.w.org\/{rel}","templated":true}]}}