{"id":6668,"date":"2024-06-06T01:06:00","date_gmt":"2024-06-06T04:06:00","guid":{"rendered":"https:\/\/magazineweb.com.ar\/?p=6668"},"modified":"2024-06-04T17:30:16","modified_gmt":"2024-06-04T20:30:16","slug":"buena-yunta-celebro-sus-12-anos-con-una-gran-velada-tanguera","status":"publish","type":"post","link":"http:\/\/magazineweb.com.ar\/?p=6668","title":{"rendered":"Buena Yunta celebr\u00f3 sus 12 a\u00f1os con una gran velada tanguera"},"content":{"rendered":"\n<p><strong>Se&nbsp;festej\u00f3 el 12\u00ba aniversario del Complejo Cultural Municipal de Danzas Buena Yunta con una gran noche a puro tango. La velada fue organizada por la Municipalidad de Berazategui y encabezada por el intendente Juan Jos\u00e9 Mussi. Cientos de vecinos y vecinas de la ciudad bailaron y celebraron en el Centro Municipal de Actividades Roberto De Vicenzo.<\/strong><\/p>\n\n\n\n<p>All\u00ed, Mussi destac\u00f3: \u201cQuiero agradecer a todos los que se sumaron a esta fiesta. El tango nos une y eso es lo que necesitamos los argentinos y argentinas\u201d. Adem\u00e1s, agreg\u00f3: \u201cLos eventos culturales van a seguir en Berazategui. Con crisis o sin crisis, la cultura no se toca\u201d.<\/p>\n\n\n\n<p>En el mismo sentido, el secretario de Cultura y Educaci\u00f3n, Federico L\u00f3pez, subray\u00f3: \u201cEs una felicidad que hoy seamos muchos. Que Buena Yunta sea una realidad es producto de un proyecto cultural que tiene muchos a\u00f1os y difunde la m\u00fasica popular. Hay muchas voluntades para que Buena Yunta exista y una de ellas es la de Juan Jos\u00e9 Mussi\u201d.<\/p>\n\n\n\n<p>Por su parte, el director de Log\u00edstica de la Secretar\u00eda de Cultura y Educaci\u00f3n municipal, Ernesto Ponce, expres\u00f3: \u201cEs un honor compartir esta noche con tanta gente y con bailarines de excelencia que han recorrido el mundo y grandes escenarios\u201d.<\/p>\n\n\n\n<p>Durante la velada se present\u00f3 el Cuarteto Mulenga y la Orquesta DiSarliana. Tambi\u00e9n se llev\u00f3 a cabo el concurso de baile de tango \u201cPareja Buenayuntera\u201d.<\/p>\n\n\n\n<p>Malena L\u00f3pez, una de las asistentes, cont\u00f3: \u201cVinimos a participar del certamen \u2018Pareja Buenayuntera\u2019 y festejar los 12 a\u00f1os. El evento es hermoso\u201d.<\/p>\n\n\n\n<p><strong>COMPLEJO CULTURAL MUNICIPAL DE DANZAS BUENAS YUNTA<\/strong><\/p>\n\n\n\n<p>Buena Yunta funciona actualmente como Complejo Cultural Municipal en un edificio patrimonial ambientado a la usanza de los viejos conventillos con est\u00e9tica arrabalera. Ofrece propuestas estables como las tradicionales Noches Pitucas, la cl\u00e1sica milonga, la Pe\u00f1a Folcl\u00f3rica, un encuentro mensual de ritmos urbanos; y otro de salsa y bachata. A su vez, all\u00ed funciona una de las sedes del \u00c1rea de Danzas de la Secretar\u00eda de Cultura y Educaci\u00f3n, donde asisten cientos de vecinos y vecinas a clases semanales de tango, folclore, ritmos caribe\u00f1os, urbanos, danzas jazz y contempor\u00e1neas.&nbsp;<\/p>\n","protected":false},"excerpt":{"rendered":"<p>Se&nbsp;festej\u00f3 el 12\u00ba aniversario del Complejo Cultural Municipal de Danzas Buena Yunta con una gran noche a puro tango. La velada fue organizada por la Municipalidad de Berazategui y encabezada&hellip;<\/p>\n","protected":false},"author":3,"featured_media":6669,"comment_status":"closed","ping_status":"closed","sticky":false,"template":"","format":"standard","meta":{"footnotes":""},"categories":[7],"tags":[],"class_list":["post-6668","post","type-post","status-publish","format-standard","has-post-thumbnail","hentry","category-espectaculos"],"rttpg_featured_image_url":{"full":["http:\/\/magazineweb.com.ar\/wp-content\/uploads\/2024\/06\/BUENA-YUNTA-CELEBRO-SUS-12-ANOS-CON-UNA-GRAN-VELADA-TANGUERA-5.jpg",1920,1280,false],"landscape":["http:\/\/magazineweb.com.ar\/wp-content\/uploads\/2024\/06\/BUENA-YUNTA-CELEBRO-SUS-12-ANOS-CON-UNA-GRAN-VELADA-TANGUERA-5.jpg",1920,1280,false],"portraits":["http:\/\/magazineweb.com.ar\/wp-content\/uploads\/2024\/06\/BUENA-YUNTA-CELEBRO-SUS-12-ANOS-CON-UNA-GRAN-VELADA-TANGUERA-5.jpg",1920,1280,false],"thumbnail":["http:\/\/magazineweb.com.ar\/wp-content\/uploads\/2024\/06\/BUENA-YUNTA-CELEBRO-SUS-12-ANOS-CON-UNA-GRAN-VELADA-TANGUERA-5-150x150.jpg",150,150,true],"medium":["http:\/\/magazineweb.com.ar\/wp-content\/uploads\/2024\/06\/BUENA-YUNTA-CELEBRO-SUS-12-ANOS-CON-UNA-GRAN-VELADA-TANGUERA-5-300x200.jpg",300,200,true],"large":["http:\/\/magazineweb.com.ar\/wp-content\/uploads\/2024\/06\/BUENA-YUNTA-CELEBRO-SUS-12-ANOS-CON-UNA-GRAN-VELADA-TANGUERA-5-1024x683.jpg",1024,683,true],"1536x1536":["http:\/\/magazineweb.com.ar\/wp-content\/uploads\/2024\/06\/BUENA-YUNTA-CELEBRO-SUS-12-ANOS-CON-UNA-GRAN-VELADA-TANGUERA-5-1536x1024.jpg",1536,1024,true],"2048x2048":["http:\/\/magazineweb.com.ar\/wp-content\/uploads\/2024\/06\/BUENA-YUNTA-CELEBRO-SUS-12-ANOS-CON-UNA-GRAN-VELADA-TANGUERA-5.jpg",1920,1280,false],"ultp_layout_landscape_large":["http:\/\/magazineweb.com.ar\/wp-content\/uploads\/2024\/06\/BUENA-YUNTA-CELEBRO-SUS-12-ANOS-CON-UNA-GRAN-VELADA-TANGUERA-5-1200x800.jpg",1200,800,true],"ultp_layout_landscape":["http:\/\/magazineweb.com.ar\/wp-content\/uploads\/2024\/06\/BUENA-YUNTA-CELEBRO-SUS-12-ANOS-CON-UNA-GRAN-VELADA-TANGUERA-5-870x570.jpg",870,570,true],"ultp_layout_portrait":["http:\/\/magazineweb.com.ar\/wp-content\/uploads\/2024\/06\/BUENA-YUNTA-CELEBRO-SUS-12-ANOS-CON-UNA-GRAN-VELADA-TANGUERA-5-600x900.jpg",600,900,true],"ultp_layout_square":["http:\/\/magazineweb.com.ar\/wp-content\/uploads\/2024\/06\/BUENA-YUNTA-CELEBRO-SUS-12-ANOS-CON-UNA-GRAN-VELADA-TANGUERA-5-600x600.jpg",600,600,true]},"rttpg_author":{"display_name":"Redacci\u00f3n Magazine Web","author_link":"http:\/\/magazineweb.com.ar\/?author=3"},"rttpg_comment":0,"rttpg_category":"<a href=\"http:\/\/magazineweb.com.ar\/?cat=7\" rel=\"category\">Espect\u00e1culos<\/a>","rttpg_excerpt":"Se&nbsp;festej\u00f3 el 12\u00ba aniversario del Complejo Cultural Municipal de Danzas Buena Yunta con una gran noche a puro tango. La velada fue organizada por la Municipalidad de Berazategui y encabezada&hellip;","_links":{"self":[{"href":"http:\/\/magazineweb.com.ar\/index.php?rest_route=\/wp\/v2\/posts\/6668","targetHints":{"allow":["GET"]}}],"collection":[{"href":"http:\/\/magazineweb.com.ar\/index.php?rest_route=\/wp\/v2\/posts"}],"about":[{"href":"http:\/\/magazineweb.com.ar\/index.php?rest_route=\/wp\/v2\/types\/post"}],"author":[{"embeddable":true,"href":"http:\/\/magazineweb.com.ar\/index.php?rest_route=\/wp\/v2\/users\/3"}],"replies":[{"embeddable":true,"href":"http:\/\/magazineweb.com.ar\/index.php?rest_route=%2Fwp%2Fv2%2Fcomments&post=6668"}],"version-history":[{"count":1,"href":"http:\/\/magazineweb.com.ar\/index.php?rest_route=\/wp\/v2\/posts\/6668\/revisions"}],"predecessor-version":[{"id":6670,"href":"http:\/\/magazineweb.com.ar\/index.php?rest_route=\/wp\/v2\/posts\/6668\/revisions\/6670"}],"wp:featuredmedia":[{"embeddable":true,"href":"http:\/\/magazineweb.com.ar\/index.php?rest_route=\/wp\/v2\/media\/6669"}],"wp:attachment":[{"href":"http:\/\/magazineweb.com.ar\/index.php?rest_route=%2Fwp%2Fv2%2Fmedia&parent=6668"}],"wp:term":[{"taxonomy":"category","embeddable":true,"href":"http:\/\/magazineweb.com.ar\/index.php?rest_route=%2Fwp%2Fv2%2Fcategories&post=6668"},{"taxonomy":"post_tag","embeddable":true,"href":"http:\/\/magazineweb.com.ar\/index.php?rest_route=%2Fwp%2Fv2%2Ftags&post=6668"}],"curies":[{"name":"wp","href":"https:\/\/api.w.org\/{rel}","templated":true}]}}