{"id":6680,"date":"2024-06-05T01:08:00","date_gmt":"2024-06-05T04:08:00","guid":{"rendered":"https:\/\/magazineweb.com.ar\/?p=6680"},"modified":"2024-06-04T18:55:52","modified_gmt":"2024-06-04T21:55:52","slug":"katopodis-llamo-a-movilizar-contra-la-ley-bases-lo-unico-que-le-pone-limite-a-milei-es-la-gente-en-la-calle","status":"publish","type":"post","link":"http:\/\/magazineweb.com.ar\/?p=6680","title":{"rendered":"Katopodis llam\u00f3 a movilizar contra la ley Bases: \u00abLo \u00fanico que le pone l\u00edmite a Milei es la gente en la calle\u00bb"},"content":{"rendered":"\n<p>El ministro de Infraestructura y Servicios P\u00fablicos bonaerense, Gabriel Katopodis, afirm\u00f3 que \u201clo \u00fanico que le pone l\u00edmite\u201d al presidente Javier Milei \u201ces la gente en la calle\u201d y ratific\u00f3 que, por ello,&nbsp;el gobernador Axel Kicillof y su gabinete se movilizar\u00e1n hacia el Congreso Nacional junto a la CGT, los movimientos sociales, estudiantiles, de derechos humanos y ambas CTA el d\u00eda en que se debata la Ley Bases en el recinto de la C\u00e1mara de Senadores.<\/p>\n\n\n\n<p>En declaraciones formuladas a radio Provincia, el funcionario precis\u00f3 que durante el&nbsp;plenario de regionales de la CGT&nbsp;realizado este lunes se resolvi\u00f3 realizar una movilizaci\u00f3n al Congreso cuando se trate la Ley Bases en el Senado para \u201cmarcar presencia y dar testimonio de que, con el camino que propone el gobierno, la Argentina no va a encaminarse en un horizonte de desarrollo ni resolver sus problemas\u201d.<\/p>\n\n\n\n<p>Sostuvo que \u201cdesde diciembre la CGT y el movimiento obrero organizado ha dado un testimonio muy claro, se\u00f1alando al conjunto de la sociedad y fundamentalmente a los sectores concentrados que un pa\u00eds para pocos no es viable\u201d.<\/p>\n\n\n\n<p>Luego, subray\u00f3 que \u201cpor eso, acompa\u00f1\u00e9 el plenario con todas las regionales para definir que vamos a hacer una gran convocatoria, porque lo \u00fanico que le pone l\u00edmite a Milei es la gente en la calle\u201d.<\/p>\n\n\n\n<p>Katopodis indic\u00f3 que \u201cesta Ley no la quiere el Presidente, sino los 15 o 20 multimillonarios de la Argentina, pero no tiene que sancionarse\u201d y resalt\u00f3 que \u201ccon esta marcha queremos ayudar a todos aquellos senadores que tienen discursos muy cr\u00edticos sobre el contenido del proyecto, pero cuando est\u00e1n en la banca aprietan el bot\u00f3n equivocado\u201d.<\/p>\n\n\n\n<p>En ese sentido, precis\u00f3 que \u201cla movilizaci\u00f3n que estamos convocando con banderas celestes y blancas tiene que ser una expresi\u00f3n muy clara de que la Argentina es otra cosa, de que el plan del gobierno ac\u00e1 no va a funcionar\u201d debido a que \u201cdefinitivamente tenemos otra idiosincrasia, hay un movimiento obrero, una universidad p\u00fablica y una clase media siempre muy comprometida\u201d.&nbsp;<\/p>\n\n\n\n<p>En ese marco, subray\u00f3 que&nbsp;\u201cla tarea es hacer todo lo que est\u00e9 a nuestro alcance para que la Ley no salga\u201d, y puntualiz\u00f3 que \u201cno da lo mismo, que estemos o no en la calle ese d\u00eda\u201d.<\/p>\n","protected":false},"excerpt":{"rendered":"<p>El ministro de Infraestructura y Servicios P\u00fablicos bonaerense, Gabriel Katopodis, afirm\u00f3 que \u201clo \u00fanico que le pone l\u00edmite\u201d al presidente Javier Milei \u201ces la gente en la calle\u201d y ratific\u00f3&hellip;<\/p>\n","protected":false},"author":3,"featured_media":6681,"comment_status":"closed","ping_status":"closed","sticky":false,"template":"","format":"standard","meta":{"footnotes":""},"categories":[13,14],"tags":[],"class_list":["post-6680","post","type-post","status-publish","format-standard","has-post-thumbnail","hentry","category-politica","category-provincial"],"rttpg_featured_image_url":{"full":["http:\/\/magazineweb.com.ar\/wp-content\/uploads\/2024\/06\/169-Katopodis-Ley-Bases-rechazo-foto-X-@gkatopodis-1200x675-1.webp",1200,675,false],"landscape":["http:\/\/magazineweb.com.ar\/wp-content\/uploads\/2024\/06\/169-Katopodis-Ley-Bases-rechazo-foto-X-@gkatopodis-1200x675-1.webp",1200,675,false],"portraits":["http:\/\/magazineweb.com.ar\/wp-content\/uploads\/2024\/06\/169-Katopodis-Ley-Bases-rechazo-foto-X-@gkatopodis-1200x675-1.webp",1200,675,false],"thumbnail":["http:\/\/magazineweb.com.ar\/wp-content\/uploads\/2024\/06\/169-Katopodis-Ley-Bases-rechazo-foto-X-@gkatopodis-1200x675-1-150x150.webp",150,150,true],"medium":["http:\/\/magazineweb.com.ar\/wp-content\/uploads\/2024\/06\/169-Katopodis-Ley-Bases-rechazo-foto-X-@gkatopodis-1200x675-1-300x169.webp",300,169,true],"large":["http:\/\/magazineweb.com.ar\/wp-content\/uploads\/2024\/06\/169-Katopodis-Ley-Bases-rechazo-foto-X-@gkatopodis-1200x675-1-1024x576.webp",1024,576,true],"1536x1536":["http:\/\/magazineweb.com.ar\/wp-content\/uploads\/2024\/06\/169-Katopodis-Ley-Bases-rechazo-foto-X-@gkatopodis-1200x675-1.webp",1200,675,false],"2048x2048":["http:\/\/magazineweb.com.ar\/wp-content\/uploads\/2024\/06\/169-Katopodis-Ley-Bases-rechazo-foto-X-@gkatopodis-1200x675-1.webp",1200,675,false],"ultp_layout_landscape_large":["http:\/\/magazineweb.com.ar\/wp-content\/uploads\/2024\/06\/169-Katopodis-Ley-Bases-rechazo-foto-X-@gkatopodis-1200x675-1.webp",1200,675,false],"ultp_layout_landscape":["http:\/\/magazineweb.com.ar\/wp-content\/uploads\/2024\/06\/169-Katopodis-Ley-Bases-rechazo-foto-X-@gkatopodis-1200x675-1-870x570.webp",870,570,true],"ultp_layout_portrait":["http:\/\/magazineweb.com.ar\/wp-content\/uploads\/2024\/06\/169-Katopodis-Ley-Bases-rechazo-foto-X-@gkatopodis-1200x675-1-600x675.webp",600,675,true],"ultp_layout_square":["http:\/\/magazineweb.com.ar\/wp-content\/uploads\/2024\/06\/169-Katopodis-Ley-Bases-rechazo-foto-X-@gkatopodis-1200x675-1-600x600.webp",600,600,true]},"rttpg_author":{"display_name":"Redacci\u00f3n Magazine Web","author_link":"http:\/\/magazineweb.com.ar\/?author=3"},"rttpg_comment":0,"rttpg_category":"<a href=\"http:\/\/magazineweb.com.ar\/?cat=13\" rel=\"category\">Pol\u00edtica<\/a> <a href=\"http:\/\/magazineweb.com.ar\/?cat=14\" rel=\"category\">Provincial<\/a>","rttpg_excerpt":"El ministro de Infraestructura y Servicios P\u00fablicos bonaerense, Gabriel Katopodis, afirm\u00f3 que \u201clo \u00fanico que le pone l\u00edmite\u201d al presidente Javier Milei \u201ces la gente en la calle\u201d y ratific\u00f3&hellip;","_links":{"self":[{"href":"http:\/\/magazineweb.com.ar\/index.php?rest_route=\/wp\/v2\/posts\/6680","targetHints":{"allow":["GET"]}}],"collection":[{"href":"http:\/\/magazineweb.com.ar\/index.php?rest_route=\/wp\/v2\/posts"}],"about":[{"href":"http:\/\/magazineweb.com.ar\/index.php?rest_route=\/wp\/v2\/types\/post"}],"author":[{"embeddable":true,"href":"http:\/\/magazineweb.com.ar\/index.php?rest_route=\/wp\/v2\/users\/3"}],"replies":[{"embeddable":true,"href":"http:\/\/magazineweb.com.ar\/index.php?rest_route=%2Fwp%2Fv2%2Fcomments&post=6680"}],"version-history":[{"count":1,"href":"http:\/\/magazineweb.com.ar\/index.php?rest_route=\/wp\/v2\/posts\/6680\/revisions"}],"predecessor-version":[{"id":6682,"href":"http:\/\/magazineweb.com.ar\/index.php?rest_route=\/wp\/v2\/posts\/6680\/revisions\/6682"}],"wp:featuredmedia":[{"embeddable":true,"href":"http:\/\/magazineweb.com.ar\/index.php?rest_route=\/wp\/v2\/media\/6681"}],"wp:attachment":[{"href":"http:\/\/magazineweb.com.ar\/index.php?rest_route=%2Fwp%2Fv2%2Fmedia&parent=6680"}],"wp:term":[{"taxonomy":"category","embeddable":true,"href":"http:\/\/magazineweb.com.ar\/index.php?rest_route=%2Fwp%2Fv2%2Fcategories&post=6680"},{"taxonomy":"post_tag","embeddable":true,"href":"http:\/\/magazineweb.com.ar\/index.php?rest_route=%2Fwp%2Fv2%2Ftags&post=6680"}],"curies":[{"name":"wp","href":"https:\/\/api.w.org\/{rel}","templated":true}]}}