{"id":6690,"date":"2024-06-06T01:07:00","date_gmt":"2024-06-06T04:07:00","guid":{"rendered":"https:\/\/magazineweb.com.ar\/?p=6690"},"modified":"2024-06-05T19:16:09","modified_gmt":"2024-06-05T22:16:09","slug":"el-municipio-lleva-adelante-trabajos-de-bacheo-en-la-zona-centrica-de-quilmes","status":"publish","type":"post","link":"http:\/\/magazineweb.com.ar\/?p=6690","title":{"rendered":"El Municipio lleva adelante trabajos de bacheo en la zona c\u00e9ntrica de Quilmes"},"content":{"rendered":"\n<p>El Municipio de Quilmes informa que en el marco del Plan de Bacheo que impulsa la intendenta Mayra Mendoza y que se lleva adelante en el distrito, desde el lunes 3 de junio se vienen realizando tareas en diferentes calles de la zona c\u00e9ntrica de la ciudad, por lo que se recomienda circular con precauci\u00f3n teniendo en cuenta los cortes totales y parciales que derivan de los arreglos.<\/p>\n\n\n\n<p>En esta l\u00ednea, personal de la Secretar\u00eda Desarrollo Urbano y Obra P\u00fablica, a cargo de Ceci Soler, trabaja sobre la calle Matheu entre Moreno y Lavalle, que se encuentra cortada de manera total, por lo que se aconseja evitar tomar ese tramo de la citada arteria, ya que si el clima acompa\u00f1a, se estima su reapertura para el jueves 13, aproximadamente.<\/p>\n\n\n\n<p>A su vez, las labores se ejecutan en otras calles que se ver\u00e1n afectadas por cortes parciales por aproximadamente 10 d\u00edas, tales los casos de avenida Hip\u00f3lito Yrigoyen entre Matheu y Castelli (sentido sur) y entre Paso y Saavedra (sentido norte).<\/p>\n\n\n\n<p>En tanto, se estima que el viernes 7 y por un lapso de 10 d\u00edas y tambi\u00e9n con cortes parciales, comenzar\u00e1n a llevarse a cabo trabajos de bacheo en Alberdi entre Moreno y Lavalle (sentido oeste) y en la avenida Las Heras entre Brown y Alvear (sentido oeste).<\/p>\n","protected":false},"excerpt":{"rendered":"<p>El Municipio de Quilmes informa que en el marco del Plan de Bacheo que impulsa la intendenta Mayra Mendoza y que se lleva adelante en el distrito, desde el lunes&hellip;<\/p>\n","protected":false},"author":3,"featured_media":6691,"comment_status":"closed","ping_status":"closed","sticky":false,"template":"","format":"standard","meta":{"footnotes":""},"categories":[9],"tags":[],"class_list":["post-6690","post","type-post","status-publish","format-standard","has-post-thumbnail","hentry","category-informacion-general"],"rttpg_featured_image_url":{"full":["http:\/\/magazineweb.com.ar\/wp-content\/uploads\/2024\/06\/EL-MUNICIPIO-LLEVA-ADELANTE-TRABAJOS-DE-BACHEO-EN-LA-ZONA-CENTRICA-DE-QUILMES-4.jpg",1280,853,false],"landscape":["http:\/\/magazineweb.com.ar\/wp-content\/uploads\/2024\/06\/EL-MUNICIPIO-LLEVA-ADELANTE-TRABAJOS-DE-BACHEO-EN-LA-ZONA-CENTRICA-DE-QUILMES-4.jpg",1280,853,false],"portraits":["http:\/\/magazineweb.com.ar\/wp-content\/uploads\/2024\/06\/EL-MUNICIPIO-LLEVA-ADELANTE-TRABAJOS-DE-BACHEO-EN-LA-ZONA-CENTRICA-DE-QUILMES-4.jpg",1280,853,false],"thumbnail":["http:\/\/magazineweb.com.ar\/wp-content\/uploads\/2024\/06\/EL-MUNICIPIO-LLEVA-ADELANTE-TRABAJOS-DE-BACHEO-EN-LA-ZONA-CENTRICA-DE-QUILMES-4-150x150.jpg",150,150,true],"medium":["http:\/\/magazineweb.com.ar\/wp-content\/uploads\/2024\/06\/EL-MUNICIPIO-LLEVA-ADELANTE-TRABAJOS-DE-BACHEO-EN-LA-ZONA-CENTRICA-DE-QUILMES-4-300x200.jpg",300,200,true],"large":["http:\/\/magazineweb.com.ar\/wp-content\/uploads\/2024\/06\/EL-MUNICIPIO-LLEVA-ADELANTE-TRABAJOS-DE-BACHEO-EN-LA-ZONA-CENTRICA-DE-QUILMES-4-1024x682.jpg",1024,682,true],"1536x1536":["http:\/\/magazineweb.com.ar\/wp-content\/uploads\/2024\/06\/EL-MUNICIPIO-LLEVA-ADELANTE-TRABAJOS-DE-BACHEO-EN-LA-ZONA-CENTRICA-DE-QUILMES-4.jpg",1280,853,false],"2048x2048":["http:\/\/magazineweb.com.ar\/wp-content\/uploads\/2024\/06\/EL-MUNICIPIO-LLEVA-ADELANTE-TRABAJOS-DE-BACHEO-EN-LA-ZONA-CENTRICA-DE-QUILMES-4.jpg",1280,853,false],"ultp_layout_landscape_large":["http:\/\/magazineweb.com.ar\/wp-content\/uploads\/2024\/06\/EL-MUNICIPIO-LLEVA-ADELANTE-TRABAJOS-DE-BACHEO-EN-LA-ZONA-CENTRICA-DE-QUILMES-4-1200x800.jpg",1200,800,true],"ultp_layout_landscape":["http:\/\/magazineweb.com.ar\/wp-content\/uploads\/2024\/06\/EL-MUNICIPIO-LLEVA-ADELANTE-TRABAJOS-DE-BACHEO-EN-LA-ZONA-CENTRICA-DE-QUILMES-4-870x570.jpg",870,570,true],"ultp_layout_portrait":["http:\/\/magazineweb.com.ar\/wp-content\/uploads\/2024\/06\/EL-MUNICIPIO-LLEVA-ADELANTE-TRABAJOS-DE-BACHEO-EN-LA-ZONA-CENTRICA-DE-QUILMES-4-600x853.jpg",600,853,true],"ultp_layout_square":["http:\/\/magazineweb.com.ar\/wp-content\/uploads\/2024\/06\/EL-MUNICIPIO-LLEVA-ADELANTE-TRABAJOS-DE-BACHEO-EN-LA-ZONA-CENTRICA-DE-QUILMES-4-600x600.jpg",600,600,true]},"rttpg_author":{"display_name":"Redacci\u00f3n Magazine Web","author_link":"http:\/\/magazineweb.com.ar\/?author=3"},"rttpg_comment":0,"rttpg_category":"<a href=\"http:\/\/magazineweb.com.ar\/?cat=9\" rel=\"category\">Informaci\u00f3n General<\/a>","rttpg_excerpt":"El Municipio de Quilmes informa que en el marco del Plan de Bacheo que impulsa la intendenta Mayra Mendoza y que se lleva adelante en el distrito, desde el lunes&hellip;","_links":{"self":[{"href":"http:\/\/magazineweb.com.ar\/index.php?rest_route=\/wp\/v2\/posts\/6690","targetHints":{"allow":["GET"]}}],"collection":[{"href":"http:\/\/magazineweb.com.ar\/index.php?rest_route=\/wp\/v2\/posts"}],"about":[{"href":"http:\/\/magazineweb.com.ar\/index.php?rest_route=\/wp\/v2\/types\/post"}],"author":[{"embeddable":true,"href":"http:\/\/magazineweb.com.ar\/index.php?rest_route=\/wp\/v2\/users\/3"}],"replies":[{"embeddable":true,"href":"http:\/\/magazineweb.com.ar\/index.php?rest_route=%2Fwp%2Fv2%2Fcomments&post=6690"}],"version-history":[{"count":1,"href":"http:\/\/magazineweb.com.ar\/index.php?rest_route=\/wp\/v2\/posts\/6690\/revisions"}],"predecessor-version":[{"id":6692,"href":"http:\/\/magazineweb.com.ar\/index.php?rest_route=\/wp\/v2\/posts\/6690\/revisions\/6692"}],"wp:featuredmedia":[{"embeddable":true,"href":"http:\/\/magazineweb.com.ar\/index.php?rest_route=\/wp\/v2\/media\/6691"}],"wp:attachment":[{"href":"http:\/\/magazineweb.com.ar\/index.php?rest_route=%2Fwp%2Fv2%2Fmedia&parent=6690"}],"wp:term":[{"taxonomy":"category","embeddable":true,"href":"http:\/\/magazineweb.com.ar\/index.php?rest_route=%2Fwp%2Fv2%2Fcategories&post=6690"},{"taxonomy":"post_tag","embeddable":true,"href":"http:\/\/magazineweb.com.ar\/index.php?rest_route=%2Fwp%2Fv2%2Ftags&post=6690"}],"curies":[{"name":"wp","href":"https:\/\/api.w.org\/{rel}","templated":true}]}}