{"id":6693,"date":"2024-06-06T01:02:00","date_gmt":"2024-06-06T04:02:00","guid":{"rendered":"https:\/\/magazineweb.com.ar\/?p=6693"},"modified":"2024-06-05T19:19:50","modified_gmt":"2024-06-05T22:19:50","slug":"mayra-junto-a-estudiantes-y-vecinos-en-la-jornada-por-el-dia-mundial-del-ambiente","status":"publish","type":"post","link":"http:\/\/magazineweb.com.ar\/?p=6693","title":{"rendered":"Mayra junto a estudiantes y vecinos en la jornada por el D\u00eda Mundial del Ambiente"},"content":{"rendered":"\n<p>La intendenta de Quilmes, Mayra Mendoza, comparti\u00f3 ayer mi\u00e9rcoles la jornada por el D\u00eda Mundial del Ambiente, que se conmemora cada 5 de junio, junto a alumnos y alumnas de la Escuela de Educaci\u00f3n Secundaria N\u00ba 49 y representantes de instituciones barriales en el Vivero Municipal \u201cYolanda Ortiz\u201d, sito en Bardi entre Carabelas e Illia, en Don Bosco.<\/p>\n\n\n\n<p>\u201cSaludamos a las y los estudiantes de la EES N\u00ba 49 e instituciones locales que participaron de la recorrida por el Vivero de Don Bosco, en el marco del programa municipal Quilmes Conoce Quilmes. Para seguir impulsando la educaci\u00f3n ambiental, entregamos composteras y plantas nativas a cada uno de ellos, y un certificado de compromiso para fomentar su cuidado\u201d, se\u00f1al\u00f3 Mayra.<\/p>\n\n\n\n<p>La Jefa comunal tambi\u00e9n destac\u00f3 el Vivero Municipal, una obra que se pudo hacer gracias al apoyo econ\u00f3mico otorgado por el Ministerio de Ambiente bonaerense y que permiti\u00f3 recuperar un terreno que estaba en desuso frente al Parque Lineal: \u201cQueremos que todos los vecinos y vecinas se sientan parte de este lugar. Como siempre decimos, los lugares que vamos recuperando del Estado o que vamos creando, porque esto no exist\u00eda, son de la comunidad, as\u00ed que lo bueno es que lo conozcan, se apropien y lo cuidemos entre todos y todas\u201d.<\/p>\n\n\n\n<p>Tambi\u00e9n estuvieron presentes los secretarios de Educaci\u00f3n, Culturas y Deportes, Joaqu\u00edn Desmery, y de Gesti\u00f3n Integral de Residuos S\u00f3lidos Urbanos (GIRSU), Roberto Gaudio, quienes detallaron que la jornada se hizo en el marco de los programas municipales \u201cQuilmes Conoce Quilmes\u201d, que ofrece a las escuelas p\u00fablicas de la ciudad salidas recreativas, educativas y culturales para enriquecer las trayectorias escolares y afianzar la identidad quilme\u00f1a por medio del conocimiento de nuestro patrimonio cultural, su historia y geograf\u00eda; y \u201cQuilmes Respira\u201d, que promueve la plantaci\u00f3n de \u00e1rboles en \u00e1reas urbanas para aumentar la cobertura vegetal.<\/p>\n\n\n\n<p>Los y las estudiantes junto al resto de los visitantes pudieron conocer el funcionamiento del vivero y de cada una de sus \u00e1reas (producci\u00f3n, compost, huerta agroecol\u00f3gica, zona de paseo, umbr\u00e1culos, etc.). A su vez, participaron de la plantaci\u00f3n de arbustos nativos junto a los trabajadores en la vereda del vivero y luego, en el aula, se les brind\u00f3 una charla sobre separaci\u00f3n en origen. Tambi\u00e9n recibieron un \u00e1rbol nativo, composteras, diploma de padrinazgo, kit de semillas para huerta y un bols\u00f3n verde para que en cada instituci\u00f3n separen en origen.<\/p>\n\n\n\n<p>Uno de los estudiantes de la escuela N\u00ba 49, Lautaro Mat\u00edas Silvero, se mostr\u00f3 contento con la salida y coment\u00f3: \u201cEstuvimos viendo la importancia de reciclar y cuidar el medioambiente.&nbsp; Yo hace rato que estoy implementando reutilizar el pl\u00e1stico para no contaminar. Espero que mis compa\u00f1eros tambi\u00e9n lo puedan hacer. Me gust\u00f3 mucho la actividad\u201d.<\/p>\n\n\n\n<p>Adem\u00e1s de la EES N\u00ba 49, participaron integrantes de la Sociedad de Fomento Don Bosco, el Grupo Scout Jos\u00e9 Hern\u00e1ndez, los centros de jubilados y pensionados \u201cEl Abuelo y El Ni\u00f1o\u201d y \u201cVolver a Vivir\u201d, y dos representantes de los vecinos de la plaza Maier. Acompa\u00f1aron la jornada el subsecretario de Ambiente y Desarrollo Sostenible, Dar\u00edo Ortiz\u00e1, junto a la concejala Eva Mieri, entre otras autoridades locales.<\/p>\n\n\n\n<p>Por su parte, el vicepresidente de la Sociedad de Fomento Don Bosco, Carlos L\u00f3pez Carbonari, resalt\u00f3: \u201cHoy hemos asistido a una capacitaci\u00f3n y entrega de especies aut\u00f3ctonas por parte del Municipio para las instituciones y tambi\u00e9n hablamos del uso de las composteras. Nos parece que esto es muy interesante, porque acerca informaci\u00f3n a la comunidad\u201d.<\/p>\n\n\n\n<p>La Organizaci\u00f3n de las Naciones Unidas estableci\u00f3 el 5 de junio como D\u00eda Mundial del Ambiente. En esta fecha, en 1972, se celebr\u00f3 en Estocolmo la Conferencia de las Naciones Unidas sobre el Medio Humano. All\u00ed se declar\u00f3 por primera vez el derecho fundamental de todas las personas a la libertad y a la igualdad en un ambiente cuya calidad permita vivir con dignidad y bienestar.<\/p>\n","protected":false},"excerpt":{"rendered":"<p>La intendenta de Quilmes, Mayra Mendoza, comparti\u00f3 ayer mi\u00e9rcoles la jornada por el D\u00eda Mundial del Ambiente, que se conmemora cada 5 de junio, junto a alumnos y alumnas de&hellip;<\/p>\n","protected":false},"author":3,"featured_media":6694,"comment_status":"closed","ping_status":"closed","sticky":false,"template":"","format":"standard","meta":{"footnotes":""},"categories":[4,9],"tags":[],"class_list":["post-6693","post","type-post","status-publish","format-standard","has-post-thumbnail","hentry","category-destacados","category-informacion-general"],"rttpg_featured_image_url":{"full":["http:\/\/magazineweb.com.ar\/wp-content\/uploads\/2024\/06\/MAYRA-ESTUDIANTES-Y-VECINOS-1.jpeg",853,568,false],"landscape":["http:\/\/magazineweb.com.ar\/wp-content\/uploads\/2024\/06\/MAYRA-ESTUDIANTES-Y-VECINOS-1.jpeg",853,568,false],"portraits":["http:\/\/magazineweb.com.ar\/wp-content\/uploads\/2024\/06\/MAYRA-ESTUDIANTES-Y-VECINOS-1.jpeg",853,568,false],"thumbnail":["http:\/\/magazineweb.com.ar\/wp-content\/uploads\/2024\/06\/MAYRA-ESTUDIANTES-Y-VECINOS-1-150x150.jpeg",150,150,true],"medium":["http:\/\/magazineweb.com.ar\/wp-content\/uploads\/2024\/06\/MAYRA-ESTUDIANTES-Y-VECINOS-1-300x200.jpeg",300,200,true],"large":["http:\/\/magazineweb.com.ar\/wp-content\/uploads\/2024\/06\/MAYRA-ESTUDIANTES-Y-VECINOS-1.jpeg",853,568,false],"1536x1536":["http:\/\/magazineweb.com.ar\/wp-content\/uploads\/2024\/06\/MAYRA-ESTUDIANTES-Y-VECINOS-1.jpeg",853,568,false],"2048x2048":["http:\/\/magazineweb.com.ar\/wp-content\/uploads\/2024\/06\/MAYRA-ESTUDIANTES-Y-VECINOS-1.jpeg",853,568,false],"ultp_layout_landscape_large":["http:\/\/magazineweb.com.ar\/wp-content\/uploads\/2024\/06\/MAYRA-ESTUDIANTES-Y-VECINOS-1.jpeg",853,568,false],"ultp_layout_landscape":["http:\/\/magazineweb.com.ar\/wp-content\/uploads\/2024\/06\/MAYRA-ESTUDIANTES-Y-VECINOS-1.jpeg",853,568,false],"ultp_layout_portrait":["http:\/\/magazineweb.com.ar\/wp-content\/uploads\/2024\/06\/MAYRA-ESTUDIANTES-Y-VECINOS-1-600x568.jpeg",600,568,true],"ultp_layout_square":["http:\/\/magazineweb.com.ar\/wp-content\/uploads\/2024\/06\/MAYRA-ESTUDIANTES-Y-VECINOS-1-600x568.jpeg",600,568,true]},"rttpg_author":{"display_name":"Redacci\u00f3n Magazine Web","author_link":"http:\/\/magazineweb.com.ar\/?author=3"},"rttpg_comment":0,"rttpg_category":"<a href=\"http:\/\/magazineweb.com.ar\/?cat=4\" rel=\"category\">Destacados<\/a> <a href=\"http:\/\/magazineweb.com.ar\/?cat=9\" rel=\"category\">Informaci\u00f3n General<\/a>","rttpg_excerpt":"La intendenta de Quilmes, Mayra Mendoza, comparti\u00f3 ayer mi\u00e9rcoles la jornada por el D\u00eda Mundial del Ambiente, que se conmemora cada 5 de junio, junto a alumnos y alumnas de&hellip;","_links":{"self":[{"href":"http:\/\/magazineweb.com.ar\/index.php?rest_route=\/wp\/v2\/posts\/6693","targetHints":{"allow":["GET"]}}],"collection":[{"href":"http:\/\/magazineweb.com.ar\/index.php?rest_route=\/wp\/v2\/posts"}],"about":[{"href":"http:\/\/magazineweb.com.ar\/index.php?rest_route=\/wp\/v2\/types\/post"}],"author":[{"embeddable":true,"href":"http:\/\/magazineweb.com.ar\/index.php?rest_route=\/wp\/v2\/users\/3"}],"replies":[{"embeddable":true,"href":"http:\/\/magazineweb.com.ar\/index.php?rest_route=%2Fwp%2Fv2%2Fcomments&post=6693"}],"version-history":[{"count":1,"href":"http:\/\/magazineweb.com.ar\/index.php?rest_route=\/wp\/v2\/posts\/6693\/revisions"}],"predecessor-version":[{"id":6695,"href":"http:\/\/magazineweb.com.ar\/index.php?rest_route=\/wp\/v2\/posts\/6693\/revisions\/6695"}],"wp:featuredmedia":[{"embeddable":true,"href":"http:\/\/magazineweb.com.ar\/index.php?rest_route=\/wp\/v2\/media\/6694"}],"wp:attachment":[{"href":"http:\/\/magazineweb.com.ar\/index.php?rest_route=%2Fwp%2Fv2%2Fmedia&parent=6693"}],"wp:term":[{"taxonomy":"category","embeddable":true,"href":"http:\/\/magazineweb.com.ar\/index.php?rest_route=%2Fwp%2Fv2%2Fcategories&post=6693"},{"taxonomy":"post_tag","embeddable":true,"href":"http:\/\/magazineweb.com.ar\/index.php?rest_route=%2Fwp%2Fv2%2Ftags&post=6693"}],"curies":[{"name":"wp","href":"https:\/\/api.w.org\/{rel}","templated":true}]}}